{"id":101113,"date":"2019-11-26T17:02:15","date_gmt":"2019-11-26T14:02:15","guid":{"rendered":"http:\/\/arantv.az\/?p=101113"},"modified":"2019-11-26T17:02:15","modified_gmt":"2019-11-26T14:02:15","slug":"bakinin-m%c9%99rk%c9%99zind%c9%99-agir-q%c9%99za-hamil%c9%99-qadin-v%c9%99-daha-2-n%c9%99f%c9%99r","status":"publish","type":"post","link":"https:\/\/arantv.az\/?p=101113","title":{"rendered":"Bak\u0131n\u0131n m\u0259rk\u0259zind\u0259 A\u011eIR Q\u018fZA &#8211; Hamil\u0259 qad\u0131n v\u0259 daha 2 n\u0259f\u0259r&#8230;"},"content":{"rendered":"<p><strong>Bu g\u00fcn N\u0259rimanov rayonunda a\u011f\u0131r yol q\u0259zas\u0131 ba\u015f verib.<\/strong><\/p>\n<p><b>ARANTV.AZ\u00a0\u00a0<\/b>x\u0259b\u0259r verir ki, A\u011fa Nem\u0259tulla k\u00fc\u00e7\u0259sind\u0259 avtomobil q\u0259zas\u0131 bar\u0259d\u0259 m\u0259lumat t\u0259cili yard\u0131ma saat 13:46-da daxil olub.<\/p>\n<p>Hadis\u0259 yerind\u0259n 25 ya\u015fl\u0131 hamil\u0259 qad\u0131n sol aya\u011f\u0131n \u0259zilm\u0259si, 26 ya\u015fl\u0131 ki\u015fi sol qa\u015f\u00fcst\u00fc nahiy\u0259sinin \u0259zilm\u0259si v\u0259 24 ya\u015fl\u0131 ki\u015fi qapal\u0131 k\u0259ll\u0259-beyin v\u0259 burun s\u00fcm\u00fcy\u00fcn\u00fcn s\u0131n\u0131\u011f\u0131 diaqnozu il\u0259 KTM-\u0259 \u00e7atd\u0131r\u0131l\u0131blar.<\/p>\n<p>Yaral\u0131lar\u0131n v\u0259ziyy\u0259ti orta-a\u011f\u0131r kimi qiym\u0259tl\u0259ndirilir.Publika.az<\/p>\n","protected":false},"excerpt":{"rendered":"<p>Bu g\u00fcn N\u0259rimanov rayonunda a\u011f\u0131r yol q\u0259zas\u0131 ba\u015f verib. ARANTV.AZ\u00a0\u00a0x\u0259b\u0259r verir ki, A\u011fa Nem\u0259tulla k\u00fc\u00e7\u0259sind\u0259 avtomobil q\u0259zas\u0131 bar\u0259d\u0259 m\u0259lumat t\u0259cili yard\u0131ma saat 13:46-da daxil olub. Hadis\u0259 yerind\u0259n 25 ya\u015fl\u0131 hamil\u0259 qad\u0131n sol aya\u011f\u0131n \u0259zilm\u0259si, 26 ya\u015fl\u0131 ki\u015fi sol qa\u015f\u00fcst\u00fc nahiy\u0259sinin \u0259zilm\u0259si v\u0259 24 ya\u015fl\u0131 ki\u015fi qapal\u0131 k\u0259ll\u0259-beyin v\u0259 burun s\u00fcm\u00fcy\u00fcn\u00fcn s\u0131n\u0131\u011f\u0131 diaqnozu il\u0259 KTM-\u0259 \u00e7atd\u0131r\u0131l\u0131blar. Yaral\u0131lar\u0131n v\u0259ziyy\u0259ti orta-a\u011f\u0131r kimi qiym\u0259tl\u0259ndirilir.Publika.az<\/p>\n","protected":false},"author":2,"featured_media":101114,"comment_status":"closed","ping_status":"closed","sticky":false,"template":"","format":"standard","meta":{"om_disable_all_campaigns":false,"_monsterinsights_skip_tracking":false,"_monsterinsights_sitenote_active":false,"_monsterinsights_sitenote_note":"","_monsterinsights_sitenote_category":0},"categories":[5],"tags":[],"aioseo_notices":[],"gutentor_comment":0,"rttpg_featured_image_url":{"full":["https:\/\/arantv.az\/wp-content\/uploads\/2019\/11\/497e0-tecili_yardim_esas.jpg",800,450,false],"landscape":["https:\/\/arantv.az\/wp-content\/uploads\/2019\/11\/497e0-tecili_yardim_esas.jpg",800,450,false],"portraits":["https:\/\/arantv.az\/wp-content\/uploads\/2019\/11\/497e0-tecili_yardim_esas.jpg",800,450,false],"thumbnail":["https:\/\/arantv.az\/wp-content\/uploads\/2019\/11\/497e0-tecili_yardim_esas-150x150.jpg",150,150,true],"medium":["https:\/\/arantv.az\/wp-content\/uploads\/2019\/11\/497e0-tecili_yardim_esas-300x169.jpg",300,169,true],"large":["https:\/\/arantv.az\/wp-content\/uploads\/2019\/11\/497e0-tecili_yardim_esas.jpg",640,360,false],"1536x1536":["https:\/\/arantv.az\/wp-content\/uploads\/2019\/11\/497e0-tecili_yardim_esas.jpg",800,450,false],"2048x2048":["https:\/\/arantv.az\/wp-content\/uploads\/2019\/11\/497e0-tecili_yardim_esas.jpg",800,450,false],"post-thumbnail":["https:\/\/arantv.az\/wp-content\/uploads\/2019\/11\/497e0-tecili_yardim_esas-240x172.jpg",240,172,true],"advps-thumb-one":["https:\/\/arantv.az\/wp-content\/uploads\/2019\/11\/497e0-tecili_yardim_esas.jpg",800,450,false]},"rttpg_author":{"display_name":"V\u00fcsal Rafiqo\u011flu","author_link":"https:\/\/arantv.az\/?author=2"},"rttpg_comment":0,"rttpg_category":"<a href=\"https:\/\/arantv.az\/?cat=5\" rel=\"category\">Hadis\u0259<\/a>","rttpg_excerpt":"Bu g\u00fcn N\u0259rimanov rayonunda a\u011f\u0131r yol q\u0259zas\u0131 ba\u015f verib. ARANTV.AZ\u00a0\u00a0x\u0259b\u0259r verir ki, A\u011fa Nem\u0259tulla k\u00fc\u00e7\u0259sind\u0259 avtomobil q\u0259zas\u0131 bar\u0259d\u0259 m\u0259lumat t\u0259cili yard\u0131ma saat 13:46-da daxil olub. Hadis\u0259 yerind\u0259n 25 ya\u015fl\u0131 hamil\u0259 qad\u0131n sol aya\u011f\u0131n \u0259zilm\u0259si, 26 ya\u015fl\u0131 ki\u015fi sol qa\u015f\u00fcst\u00fc nahiy\u0259sinin \u0259zilm\u0259si v\u0259 24 ya\u015fl\u0131 ki\u015fi qapal\u0131 k\u0259ll\u0259-beyin v\u0259 burun s\u00fcm\u00fcy\u00fcn\u00fcn s\u0131n\u0131\u011f\u0131 diaqnozu il\u0259 KTM-\u0259 \u00e7atd\u0131r\u0131l\u0131blar.&hellip;","_links":{"self":[{"href":"https:\/\/arantv.az\/index.php?rest_route=\/wp\/v2\/posts\/101113"}],"collection":[{"href":"https:\/\/arantv.az\/index.php?rest_route=\/wp\/v2\/posts"}],"about":[{"href":"https:\/\/arantv.az\/index.php?rest_route=\/wp\/v2\/types\/post"}],"author":[{"embeddable":true,"href":"https:\/\/arantv.az\/index.php?rest_route=\/wp\/v2\/users\/2"}],"replies":[{"embeddable":true,"href":"https:\/\/arantv.az\/index.php?rest_route=%2Fwp%2Fv2%2Fcomments&post=101113"}],"version-history":[{"count":0,"href":"https:\/\/arantv.az\/index.php?rest_route=\/wp\/v2\/posts\/101113\/revisions"}],"wp:featuredmedia":[{"embeddable":true,"href":"https:\/\/arantv.az\/index.php?rest_route=\/wp\/v2\/media\/101114"}],"wp:attachment":[{"href":"https:\/\/arantv.az\/index.php?rest_route=%2Fwp%2Fv2%2Fmedia&parent=101113"}],"wp:term":[{"taxonomy":"category","embeddable":true,"href":"https:\/\/arantv.az\/index.php?rest_route=%2Fwp%2Fv2%2Fcategories&post=101113"},{"taxonomy":"post_tag","embeddable":true,"href":"https:\/\/arantv.az\/index.php?rest_route=%2Fwp%2Fv2%2Ftags&post=101113"}],"curies":[{"name":"wp","href":"https:\/\/api.w.org\/{rel}","templated":true}]}}