{"id":101266,"date":"2019-11-27T12:10:27","date_gmt":"2019-11-27T09:10:27","guid":{"rendered":"http:\/\/arantv.az\/?p=101266"},"modified":"2019-11-27T12:10:27","modified_gmt":"2019-11-27T09:10:27","slug":"qarabag-ispaniyaya-bel%c9%99-getdi-foto-video","status":"publish","type":"post","link":"https:\/\/arantv.az\/?p=101266","title":{"rendered":"\u201cQaraba\u011f\u201d \u0130spaniyaya bel\u0259 getdi &#8211; FOTO\/V\u0130DEO"},"content":{"rendered":"<p>\u201cQaraba\u011f\u201d\u00a0Avropa Liqas\u0131n\u0131n qrup m\u0259rh\u0259l\u0259sinin V turu \u00fc\u00e7\u00fcn art\u0131q \u0130spaniyadad\u0131r.<\/p>\n<p><b>ARANTV.AZ\u00a0<\/b>x\u0259b\u0259r verir ki, \u201cA\u011fdam\u201d komandas\u0131 eyniadl\u0131 klubla qar\u015f\u0131la\u015fmaq \u00fc\u00e7\u00fcn \u0130spaniyan\u0131n Sevilya \u015f\u0259h\u0259rind\u0259dir.<\/p>\n<div id=\"AdviadNativeVideo0\" class=\"AdviadNativeVideo\">\n<div class=\"adviad-inboard\">\n<div>\n<div id=\"teads0\" class=\"adviad-player\"><\/div>\n<\/div>\n<\/div>\n<\/div>\n<div class=\"gallery\">\n<div class=\"gallery-i\"><img src=\"https:\/\/assets.oxu.az\/uploads\/W1siZiIsIjIwMTkvMTEvMjcvMTIvMjYvMDYvZjE0MWIyZjgtY2I4Zi00NzY4LTg2YjItYTA5YjlmZmRjODIzL3Fhci5qcGciXSxbInAiLCJlbmNvZGUiLCJqcGciLCItcXVhbGl0eSA4MCJdLFsicCIsInRodW1iIiwiNTkweDU5MFx1MDAzZSJdXQ?sha=52edf308e3afe30f\" alt=\"\" \/><\/p>\n<div class=\"gallery-i-caption\"><\/div>\n<\/div>\n<div class=\"gallery-i\"><img src=\"https:\/\/assets.oxu.az\/uploads\/W1siZiIsIjIwMTkvMTEvMjcvMTIvMjYvMDcvOWNlYTgzMTctMWM2Zi00OWU5LTgxODEtZTRkZWZkMGM4ZDg0L3FhcjIuanBnIl0sWyJwIiwiZW5jb2RlIiwianBnIiwiLXF1YWxpdHkgODAiXSxbInAiLCJ0aHVtYiIsIjU5MHg1OTBcdTAwM2UiXV0?sha=be7157bf8fc527ea\" alt=\"\" \/><\/p>\n<div class=\"gallery-i-caption\"><\/div>\n<\/div>\n<div class=\"gallery-i\"><img src=\"https:\/\/assets.oxu.az\/uploads\/W1siZiIsIjIwMTkvMTEvMjcvMTIvMjYvMDcvNWU0ZTE0YzAtNTk3ZC00NTYyLTg4NGUtZGQwNzBjMWY1NzA1L3FhcjEuanBnIl0sWyJwIiwiZW5jb2RlIiwianBnIiwiLXF1YWxpdHkgODAiXSxbInAiLCJ0aHVtYiIsIjU5MHg1OTBcdTAwM2UiXV0?sha=6c128b76ec75466e\" alt=\"\" \/><\/p>\n<div class=\"gallery-i-caption\"><\/div>\n<\/div>\n<div class=\"gallery-i\"><img src=\"https:\/\/assets.oxu.az\/uploads\/W1siZiIsIjIwMTkvMTEvMjcvMTIvMjYvMDYvZGYyMTBmMWItYWRmYi00MjlmLWEwYWQtZTEzNzFiYTljMjQxL3FhcjMuanBnIl0sWyJwIiwiZW5jb2RlIiwianBnIiwiLXF1YWxpdHkgODAiXSxbInAiLCJ0aHVtYiIsIjU5MHg1OTBcdTAwM2UiXV0?sha=a82a4956246c8d37\" alt=\"\" \/><\/p>\n<div class=\"gallery-i-caption\"><\/div>\n<\/div>\n<div class=\"gallery-i\"><img src=\"https:\/\/assets.oxu.az\/uploads\/W1siZiIsIjIwMTkvMTEvMjcvMTIvMjYvMDYvMzAwMjFhYzgtOWFiNi00OTgwLWIwMjgtNGI4MDZkZWU4MmRiL3FhcjQuanBnIl0sWyJwIiwiZW5jb2RlIiwianBnIiwiLXF1YWxpdHkgODAiXSxbInAiLCJ0aHVtYiIsIjU5MHg1OTBcdTAwM2UiXV0?sha=bdc210ddf9b0a0b2\" alt=\"\" \/><\/p>\n<div class=\"gallery-i-caption\"><\/div>\n<\/div>\n<div class=\"gallery-i\"><img src=\"https:\/\/assets.oxu.az\/uploads\/W1siZiIsIjIwMTkvMTEvMjcvMTIvMjYvMDYvNmFjMzQ4YTUtNTFkYy00MjYyLTk0NGMtYzE2YTlmNDk3YjkxL3FhcjcuanBnIl0sWyJwIiwiZW5jb2RlIiwianBnIiwiLXF1YWxpdHkgODAiXSxbInAiLCJ0aHVtYiIsIjU5MHg1OTBcdTAwM2UiXV0?sha=3d3c0ae8da3b77a1\" alt=\"\" \/><\/p>\n<div class=\"gallery-i-caption\"><\/div>\n<\/div>\n<div class=\"gallery-i\"><img src=\"https:\/\/assets.oxu.az\/uploads\/W1siZiIsIjIwMTkvMTEvMjcvMTIvMjYvMDYvNzY3MGUzZWYtNzFlNy00YTg0LWIzYjItY2ZhZTA0ZDZiMjJiL3FhcjYuanBnIl0sWyJwIiwiZW5jb2RlIiwianBnIiwiLXF1YWxpdHkgODAiXSxbInAiLCJ0aHVtYiIsIjU5MHg1OTBcdTAwM2UiXV0?sha=86062e6f551a8024\" alt=\"\" \/><\/p>\n<div class=\"gallery-i-caption\"><\/div>\n<\/div>\n<div class=\"gallery-i\"><img src=\"https:\/\/assets.oxu.az\/uploads\/W1siZiIsIjIwMTkvMTEvMjcvMTIvMjYvMDYvMGE2ODA5OWItMzk0YS00MGJiLTkxZDMtMjMwYTRlYzUyNjAxL3FhcjUuanBnIl0sWyJwIiwiZW5jb2RlIiwianBnIiwiLXF1YWxpdHkgODAiXSxbInAiLCJ0aHVtYiIsIjU5MHg1OTBcdTAwM2UiXV0?sha=e7ec2127e8e340a0\" alt=\"\" \/><\/p>\n<div class=\"gallery-i-caption\"><\/div>\n<\/div>\n<\/div>\n<div><iframe loading=\"lazy\" src=\"https:\/\/www.youtube.com\/embed\/AV-zj6XX3nU\" width=\"697\" height=\"392\" frameborder=\"0\" allowfullscreen=\"allowfullscreen\" data-mce-fragment=\"1\"><\/iframe><\/div>\n<p>Az\u0259rbaycan \u00e7empionu bu g\u00fcn Bak\u0131 vaxt\u0131 il\u0259 saat 22:00-da mat\u00e7\u0131n ke\u00e7iril\u0259c\u0259yi Roman San\u00e7es Pisxuan ad\u0131na stadionda m\u0259\u015fq\u0259 \u00e7\u0131xacaq.<\/p>\n<p>Qeyd ed\u0259k ki, \u201cSevilya\u201d\u00a0\u2013 \u201cQaraba\u011f\u201d\u00a0mat\u00e7\u0131 noyabr\u0131n 28-d\u0259n 29-na ke\u00e7\u0259n gec\u0259 saat 00:00-da start g\u00f6t\u00fcr\u0259c\u0259k.Oxu.Az<\/p>\n","protected":false},"excerpt":{"rendered":"<p>\u201cQaraba\u011f\u201d\u00a0Avropa Liqas\u0131n\u0131n qrup m\u0259rh\u0259l\u0259sinin V turu \u00fc\u00e7\u00fcn art\u0131q \u0130spaniyadad\u0131r. ARANTV.AZ\u00a0x\u0259b\u0259r verir ki, \u201cA\u011fdam\u201d komandas\u0131 eyniadl\u0131 klubla qar\u015f\u0131la\u015fmaq \u00fc\u00e7\u00fcn \u0130spaniyan\u0131n Sevilya \u015f\u0259h\u0259rind\u0259dir. Az\u0259rbaycan \u00e7empionu bu g\u00fcn Bak\u0131 vaxt\u0131 il\u0259 saat 22:00-da mat\u00e7\u0131n ke\u00e7iril\u0259c\u0259yi Roman San\u00e7es Pisxuan ad\u0131na stadionda m\u0259\u015fq\u0259 \u00e7\u0131xacaq. Qeyd ed\u0259k ki, \u201cSevilya\u201d\u00a0\u2013 \u201cQaraba\u011f\u201d\u00a0mat\u00e7\u0131 noyabr\u0131n 28-d\u0259n 29-na ke\u00e7\u0259n gec\u0259 saat 00:00-da start g\u00f6t\u00fcr\u0259c\u0259k.Oxu.Az<\/p>\n","protected":false},"author":2,"featured_media":101267,"comment_status":"closed","ping_status":"closed","sticky":false,"template":"","format":"standard","meta":{"om_disable_all_campaigns":false,"_monsterinsights_skip_tracking":false,"_monsterinsights_sitenote_active":false,"_monsterinsights_sitenote_note":"","_monsterinsights_sitenote_category":0},"categories":[6],"tags":[],"aioseo_notices":[],"gutentor_comment":0,"rttpg_featured_image_url":{"full":["https:\/\/arantv.az\/wp-content\/uploads\/2019\/11\/78606632_2560381174184973_7665887891687473152_n.jpg",620,411,false],"landscape":["https:\/\/arantv.az\/wp-content\/uploads\/2019\/11\/78606632_2560381174184973_7665887891687473152_n.jpg",620,411,false],"portraits":["https:\/\/arantv.az\/wp-content\/uploads\/2019\/11\/78606632_2560381174184973_7665887891687473152_n.jpg",620,411,false],"thumbnail":["https:\/\/arantv.az\/wp-content\/uploads\/2019\/11\/78606632_2560381174184973_7665887891687473152_n-150x150.jpg",150,150,true],"medium":["https:\/\/arantv.az\/wp-content\/uploads\/2019\/11\/78606632_2560381174184973_7665887891687473152_n-300x199.jpg",300,199,true],"large":["https:\/\/arantv.az\/wp-content\/uploads\/2019\/11\/78606632_2560381174184973_7665887891687473152_n.jpg",620,411,false],"1536x1536":["https:\/\/arantv.az\/wp-content\/uploads\/2019\/11\/78606632_2560381174184973_7665887891687473152_n.jpg",620,411,false],"2048x2048":["https:\/\/arantv.az\/wp-content\/uploads\/2019\/11\/78606632_2560381174184973_7665887891687473152_n.jpg",620,411,false],"post-thumbnail":["https:\/\/arantv.az\/wp-content\/uploads\/2019\/11\/78606632_2560381174184973_7665887891687473152_n-240x172.jpg",240,172,true],"advps-thumb-one":["https:\/\/arantv.az\/wp-content\/uploads\/2019\/11\/78606632_2560381174184973_7665887891687473152_n.jpg",620,411,false]},"rttpg_author":{"display_name":"V\u00fcsal Rafiqo\u011flu","author_link":"https:\/\/arantv.az\/?author=2"},"rttpg_comment":0,"rttpg_category":"<a href=\"https:\/\/arantv.az\/?cat=6\" rel=\"category\">\u0130dman<\/a>","rttpg_excerpt":"\u201cQaraba\u011f\u201d\u00a0Avropa Liqas\u0131n\u0131n qrup m\u0259rh\u0259l\u0259sinin V turu \u00fc\u00e7\u00fcn art\u0131q \u0130spaniyadad\u0131r. ARANTV.AZ\u00a0x\u0259b\u0259r verir ki, \u201cA\u011fdam\u201d komandas\u0131 eyniadl\u0131 klubla qar\u015f\u0131la\u015fmaq \u00fc\u00e7\u00fcn \u0130spaniyan\u0131n Sevilya \u015f\u0259h\u0259rind\u0259dir. Az\u0259rbaycan \u00e7empionu bu g\u00fcn Bak\u0131 vaxt\u0131 il\u0259 saat 22:00-da mat\u00e7\u0131n ke\u00e7iril\u0259c\u0259yi Roman San\u00e7es Pisxuan ad\u0131na stadionda m\u0259\u015fq\u0259 \u00e7\u0131xacaq. Qeyd ed\u0259k ki, \u201cSevilya\u201d\u00a0\u2013 \u201cQaraba\u011f\u201d\u00a0mat\u00e7\u0131 noyabr\u0131n 28-d\u0259n 29-na ke\u00e7\u0259n gec\u0259 saat 00:00-da start g\u00f6t\u00fcr\u0259c\u0259k.Oxu.Az","_links":{"self":[{"href":"https:\/\/arantv.az\/index.php?rest_route=\/wp\/v2\/posts\/101266"}],"collection":[{"href":"https:\/\/arantv.az\/index.php?rest_route=\/wp\/v2\/posts"}],"about":[{"href":"https:\/\/arantv.az\/index.php?rest_route=\/wp\/v2\/types\/post"}],"author":[{"embeddable":true,"href":"https:\/\/arantv.az\/index.php?rest_route=\/wp\/v2\/users\/2"}],"replies":[{"embeddable":true,"href":"https:\/\/arantv.az\/index.php?rest_route=%2Fwp%2Fv2%2Fcomments&post=101266"}],"version-history":[{"count":0,"href":"https:\/\/arantv.az\/index.php?rest_route=\/wp\/v2\/posts\/101266\/revisions"}],"wp:featuredmedia":[{"embeddable":true,"href":"https:\/\/arantv.az\/index.php?rest_route=\/wp\/v2\/media\/101267"}],"wp:attachment":[{"href":"https:\/\/arantv.az\/index.php?rest_route=%2Fwp%2Fv2%2Fmedia&parent=101266"}],"wp:term":[{"taxonomy":"category","embeddable":true,"href":"https:\/\/arantv.az\/index.php?rest_route=%2Fwp%2Fv2%2Fcategories&post=101266"},{"taxonomy":"post_tag","embeddable":true,"href":"https:\/\/arantv.az\/index.php?rest_route=%2Fwp%2Fv2%2Ftags&post=101266"}],"curies":[{"name":"wp","href":"https:\/\/api.w.org\/{rel}","templated":true}]}}