{"id":101270,"date":"2019-11-27T12:11:34","date_gmt":"2019-11-27T09:11:34","guid":{"rendered":"http:\/\/arantv.az\/?p=101270"},"modified":"2019-11-27T12:11:34","modified_gmt":"2019-11-27T09:11:34","slug":"nazir-yaxin-vaxtlarda-b%c9%99rpa-olunan-v%c9%99-alternativ-enerji-sah%c9%99sinin-inkisafina-dair-bir-sira-layih%c9%99l%c9%99r-h%c9%99yata-keciril%c9%99c%c9%99k","status":"publish","type":"post","link":"https:\/\/arantv.az\/?p=101270","title":{"rendered":"Nazir: &#8220;Yax\u0131n vaxtlarda b\u0259rpa olunan v\u0259 alternativ enerji sah\u0259sinin inki\u015faf\u0131na dair bir s\u0131ra layih\u0259l\u0259r h\u0259yata ke\u00e7iril\u0259c\u0259k&#8221;"},"content":{"rendered":"<blockquote><p><em><strong>Yax\u0131n vaxtlarda Az\u0259rbaycanda b\u0259rpa olunan v\u0259 alternativ enerji sah\u0259sinin inki\u015faf\u0131na dair bir s\u0131ra layih\u0259l\u0259r h\u0259yata ke\u00e7iril\u0259c\u0259k.<\/strong><\/em><\/p><\/blockquote>\n<p><strong>ARANTV.AZ<\/strong>\u00a0\u00a0<a href=\"https:\/\/az.trend.az\/\" target=\"_blank\" rel=\"noopener\">Trend<\/a>-\u0259 istinad\u0259n x\u0259b\u0259r verir ki, bunu &#8220;\u0130qlim d\u0259yi\u015fikliyi v\u0259 \u0259traf m\u00fchitd\u0259 Paris raz\u0131la\u015fmas\u0131n\u0131n rolu&#8221; adl\u0131 beyn\u0259lxalq konfransda \u00e7\u0131x\u0131\u015f ed\u0259n Ekologiya v\u0259 T\u0259bii S\u0259rv\u0259tl\u0259r naziri Muxtar Babayev deyib.<\/p>\n<p>Onun s\u00f6zl\u0259rin\u0259 g\u00f6r\u0259, Az\u0259rbaycanda hidroenerji resurslar\u0131 daxil olmaqla, b\u0259rpa olunan enerji m\u0259nb\u0259l\u0259rinin \u00fcmumi ilkin enerji istehlak\u0131nda pay\u0131 18%-\u0259 \u00e7atd\u0131r\u0131l\u0131b.<\/p>\n<p>Nazir h\u0259m\u00e7inin qeyd edib ki, 2030-cu il \u00fc\u00e7\u00fcn bu g\u00f6st\u0259ricinin 30%-\u0259 \u00e7atd\u0131r\u0131lmas\u0131 planla\u015fd\u0131r\u0131l\u0131r.<\/p>\n","protected":false},"excerpt":{"rendered":"<p>Yax\u0131n vaxtlarda Az\u0259rbaycanda b\u0259rpa olunan v\u0259 alternativ enerji sah\u0259sinin inki\u015faf\u0131na dair bir s\u0131ra layih\u0259l\u0259r h\u0259yata ke\u00e7iril\u0259c\u0259k. ARANTV.AZ\u00a0\u00a0Trend-\u0259 istinad\u0259n x\u0259b\u0259r verir ki, bunu &#8220;\u0130qlim d\u0259yi\u015fikliyi v\u0259 \u0259traf m\u00fchitd\u0259 Paris raz\u0131la\u015fmas\u0131n\u0131n rolu&#8221; adl\u0131 beyn\u0259lxalq konfransda \u00e7\u0131x\u0131\u015f ed\u0259n Ekologiya v\u0259 T\u0259bii S\u0259rv\u0259tl\u0259r naziri Muxtar Babayev deyib. Onun s\u00f6zl\u0259rin\u0259 g\u00f6r\u0259, Az\u0259rbaycanda hidroenerji resurslar\u0131 daxil olmaqla, b\u0259rpa olunan enerji m\u0259nb\u0259l\u0259rinin \u00fcmumi ilkin enerji istehlak\u0131nda pay\u0131 18%-\u0259 \u00e7atd\u0131r\u0131l\u0131b. Nazir h\u0259m\u00e7inin qeyd edib ki, 2030-cu il \u00fc\u00e7\u00fcn bu g\u00f6st\u0259ricinin 30%-\u0259 \u00e7atd\u0131r\u0131lmas\u0131 planla\u015fd\u0131r\u0131l\u0131r.<\/p>\n","protected":false},"author":2,"featured_media":101271,"comment_status":"closed","ping_status":"closed","sticky":false,"template":"","format":"standard","meta":{"om_disable_all_campaigns":false,"_monsterinsights_skip_tracking":false,"_monsterinsights_sitenote_active":false,"_monsterinsights_sitenote_note":"","_monsterinsights_sitenote_category":0},"categories":[1],"tags":[],"aioseo_notices":[],"gutentor_comment":0,"rttpg_featured_image_url":{"full":["https:\/\/arantv.az\/wp-content\/uploads\/2019\/11\/805660.jpg",800,600,false],"landscape":["https:\/\/arantv.az\/wp-content\/uploads\/2019\/11\/805660.jpg",800,600,false],"portraits":["https:\/\/arantv.az\/wp-content\/uploads\/2019\/11\/805660.jpg",800,600,false],"thumbnail":["https:\/\/arantv.az\/wp-content\/uploads\/2019\/11\/805660-150x150.jpg",150,150,true],"medium":["https:\/\/arantv.az\/wp-content\/uploads\/2019\/11\/805660-300x225.jpg",300,225,true],"large":["https:\/\/arantv.az\/wp-content\/uploads\/2019\/11\/805660.jpg",640,480,false],"1536x1536":["https:\/\/arantv.az\/wp-content\/uploads\/2019\/11\/805660.jpg",800,600,false],"2048x2048":["https:\/\/arantv.az\/wp-content\/uploads\/2019\/11\/805660.jpg",800,600,false],"post-thumbnail":["https:\/\/arantv.az\/wp-content\/uploads\/2019\/11\/805660-240x172.jpg",240,172,true],"advps-thumb-one":["https:\/\/arantv.az\/wp-content\/uploads\/2019\/11\/805660.jpg",800,600,false]},"rttpg_author":{"display_name":"V\u00fcsal Rafiqo\u011flu","author_link":"https:\/\/arantv.az\/?author=2"},"rttpg_comment":0,"rttpg_category":"<a href=\"https:\/\/arantv.az\/?cat=1\" rel=\"category\">C\u0259miyy\u0259t<\/a>","rttpg_excerpt":"Yax\u0131n vaxtlarda Az\u0259rbaycanda b\u0259rpa olunan v\u0259 alternativ enerji sah\u0259sinin inki\u015faf\u0131na dair bir s\u0131ra layih\u0259l\u0259r h\u0259yata ke\u00e7iril\u0259c\u0259k. ARANTV.AZ\u00a0\u00a0Trend-\u0259 istinad\u0259n x\u0259b\u0259r verir ki, bunu &#8220;\u0130qlim d\u0259yi\u015fikliyi v\u0259 \u0259traf m\u00fchitd\u0259 Paris raz\u0131la\u015fmas\u0131n\u0131n rolu&#8221; adl\u0131 beyn\u0259lxalq konfransda \u00e7\u0131x\u0131\u015f ed\u0259n Ekologiya v\u0259 T\u0259bii S\u0259rv\u0259tl\u0259r naziri Muxtar Babayev deyib. Onun s\u00f6zl\u0259rin\u0259 g\u00f6r\u0259, Az\u0259rbaycanda hidroenerji resurslar\u0131 daxil olmaqla, b\u0259rpa olunan enerji m\u0259nb\u0259l\u0259rinin&hellip;","_links":{"self":[{"href":"https:\/\/arantv.az\/index.php?rest_route=\/wp\/v2\/posts\/101270"}],"collection":[{"href":"https:\/\/arantv.az\/index.php?rest_route=\/wp\/v2\/posts"}],"about":[{"href":"https:\/\/arantv.az\/index.php?rest_route=\/wp\/v2\/types\/post"}],"author":[{"embeddable":true,"href":"https:\/\/arantv.az\/index.php?rest_route=\/wp\/v2\/users\/2"}],"replies":[{"embeddable":true,"href":"https:\/\/arantv.az\/index.php?rest_route=%2Fwp%2Fv2%2Fcomments&post=101270"}],"version-history":[{"count":0,"href":"https:\/\/arantv.az\/index.php?rest_route=\/wp\/v2\/posts\/101270\/revisions"}],"wp:featuredmedia":[{"embeddable":true,"href":"https:\/\/arantv.az\/index.php?rest_route=\/wp\/v2\/media\/101271"}],"wp:attachment":[{"href":"https:\/\/arantv.az\/index.php?rest_route=%2Fwp%2Fv2%2Fmedia&parent=101270"}],"wp:term":[{"taxonomy":"category","embeddable":true,"href":"https:\/\/arantv.az\/index.php?rest_route=%2Fwp%2Fv2%2Fcategories&post=101270"},{"taxonomy":"post_tag","embeddable":true,"href":"https:\/\/arantv.az\/index.php?rest_route=%2Fwp%2Fv2%2Ftags&post=101270"}],"curies":[{"name":"wp","href":"https:\/\/api.w.org\/{rel}","templated":true}]}}