{"id":101274,"date":"2019-11-27T12:12:27","date_gmt":"2019-11-27T09:12:27","guid":{"rendered":"http:\/\/arantv.az\/?p=101274"},"modified":"2019-11-27T12:12:27","modified_gmt":"2019-11-27T09:12:27","slug":"rovn%c9%99q-abdullayev-socar-mut%c9%99madi-olaraq-atmosfer%c9%99-atilan-qazlarin-umumi-miqdarini-n%c9%99zar%c9%99td%c9%99-saxlayir","status":"publish","type":"post","link":"https:\/\/arantv.az\/?p=101274","title":{"rendered":"R\u00f6vn\u0259q Abdullayev: &#8220;SOCAR m\u00fct\u0259madi olaraq atmosfer\u0259 at\u0131lan qazlar\u0131n \u00fcmumi miqdar\u0131n\u0131 n\u0259zar\u0259td\u0259 saxlay\u0131r&#8221;"},"content":{"rendered":"<blockquote><p><em><strong>SOCAR m\u00fct\u0259madi olaraq birg\u0259 m\u00fc\u0259ssis\u0259l\u0259rind\u0259 v\u0259 dig\u0259r \u0259m\u0259liyyat \u015firk\u0259tl\u0259rind\u0259 atmosfer\u0259 at\u0131lan qazlar\u0131n \u00fcmumi miqdar\u0131n\u0131 n\u0259zar\u0259td\u0259 saxlay\u0131r v\u0259 bu m\u0259qs\u0259dl\u0259 m\u00fcvafiq monitorinql\u0259r ke\u00e7irir.<\/strong><\/em><\/p><\/blockquote>\n<p><strong>ARANTV.AZ<\/strong>\u00a0\u00a0<a href=\"https:\/\/az.trend.az\/\" target=\"_blank\" rel=\"noopener\">Trend<\/a>-\u0259 istinad\u0259n x\u0259b\u0259r verir ki, bunu &#8220;\u0130qlim d\u0259yi\u015fm\u0259l\u0259ri v\u0259 \u0259traf m\u00fchitd\u0259 Paris raz\u0131la\u015fmas\u0131n\u0131n rolu&#8221; beyn\u0259lxalq konfransda \u00e7\u0131x\u0131\u015f ed\u0259n SOCAR-\u0131n prezidenti R\u00f6vn\u0259q Abdullayev deyib.<\/p>\n<p>O bildirib ki, Az\u0259rbaycan Respublikas\u0131n\u0131n Milli m\u0259lumatlar\u0131na \u0259sas\u0259n, m\u00fcst\u0259qilliyin ilk ill\u0259rind\u0259 Az\u0259rbaycanda istilik effekti yaradan qazlar xeyli azal\u0131b: &#8220;Buna s\u0259b\u0259b, ke\u00e7id d\u00f6vr\u00fcn\u00fc ya\u015fayan \u00f6lk\u0259mizd\u0259 iris\u0259naye m\u00fc\u0259ssis\u0259l\u0259rinin i\u015finin dayand\u0131r\u0131lmas\u0131 v\u0259 \u00fcmumilikd\u0259, \u00f6lk\u0259 \u0259halisinin istifad\u0259 etdiyi yanaca\u011f\u0131n miqdar\u0131n\u0131n azalmas\u0131d\u0131r. Lakin 1994-c\u00fc ild\u0259 &#8220;\u018fsrin m\u00fcqavil\u0259si&#8221;nin imzalanmas\u0131 il\u0259 \u00f6lk\u0259d\u0259 neft-qaz s\u0259nayesinin y\u00fcks\u0259li\u015fi v\u0259 istehsalat sah\u0259l\u0259rinin inki\u015faf\u0131 n\u0259tic\u0259sind\u0259 2000-ci ill\u0259rd\u0259n ba\u015flayaraq \u00f6lk\u0259d\u0259 atmosfer\u0259 at\u0131lan istilik effekti yaradan qazlar\u0131n miqdar\u0131 da artma\u011fa ba\u015flad\u0131. Bu tendensiyan\u0131n qar\u015f\u0131s\u0131n\u0131n al\u0131nmas\u0131 m\u0259qs\u0259dil\u0259 enerji s\u0259m\u0259r\u0259liliyi, enerjiy\u0259 q\u0259na\u0259t v\u0259 \u00e7oxkarbonlu yanacaq n\u00f6v\u00fcnd\u0259n az karbonlu yanaca\u011fa ke\u00e7m\u0259k kimi t\u0259dbirl\u0259rin icras\u0131na ba\u015fland\u0131. SOCAR olaraq, biz d\u0259 bu t\u0259dbirl\u0259r\u0259 qo\u015fulanlardan birincisi olduq. SOCAR-\u0131n 2008-ci ild\u0259 t\u0259sdiq olunmu\u015f &#8220;Ekoloji Siyas\u0259ti&#8221; bu istiqam\u0259td\u0259 f\u0259aliyy\u0259timizin \u0259sas\u0131n\u0131 t\u0259\u015fkil edir&#8221;<\/p>\n<p>SOCAR prezidenti \u0259lav\u0259 edib ki, son zamanlar &#8220;Ekoloji Siyas\u0259t&#8221; s\u0259n\u0259dimiz \u00e7\u0259r\u00e7iv\u0259sind\u0259 h\u0259mintorpaqlar\u0131n b\u0259rpas\u0131 istiqam\u0259tind\u0259 b\u00f6y\u00fck u\u011furlar \u0259ld\u0259 edilib:<\/p>\n<p>&#8220;SOCAR, h\u0259m\u00e7inin D\u00fcnya Bank\u0131 v\u0259 BMT-nin &#8220;2030-cu il\u0259 q\u0259d\u0259r s\u0259mt qaz\u0131n\u0131n normal hasilat prosesind\u0259 yand\u0131r\u0131lmas\u0131n\u0131n s\u0131f\u0131ra endirilm\u0259si&#8221; birg\u0259 t\u0259\u015f\u0259bb\u00fcs\u00fcn\u0259 qo\u015fulmu\u015f ilk \u015firk\u0259tl\u0259rd\u0259n biridir. 2018-ci ild\u0259 Az\u0259rbaycanda bu g\u00f6st\u0259rici 1%-\u0259, cari ild\u0259n is\u0259 bu r\u0259q\u0259m 0,9%-\u0259 endirilib. 2012-ci ild\u0259n atmosfer\u0259 at\u0131lan s\u0259mt qaz\u0131n\u0131n y\u0131\u011f\u0131lmas\u0131 il\u0259 ba\u011fl\u0131 3 b\u00f6y\u00fck layih\u0259 h\u0259yata ke\u00e7irilib v\u0259 n\u0259tic\u0259d\u0259 il \u0259rzind\u0259 1 mlrd. kubmetr s\u0259mt qaz\u0131 y\u0131\u011f\u0131laraq istehlak bazar\u0131na y\u00f6n\u0259ldilib&#8221;.<\/p>\n","protected":false},"excerpt":{"rendered":"<p>SOCAR m\u00fct\u0259madi olaraq birg\u0259 m\u00fc\u0259ssis\u0259l\u0259rind\u0259 v\u0259 dig\u0259r \u0259m\u0259liyyat \u015firk\u0259tl\u0259rind\u0259 atmosfer\u0259 at\u0131lan qazlar\u0131n \u00fcmumi miqdar\u0131n\u0131 n\u0259zar\u0259td\u0259 saxlay\u0131r v\u0259 bu m\u0259qs\u0259dl\u0259 m\u00fcvafiq monitorinql\u0259r ke\u00e7irir. ARANTV.AZ\u00a0\u00a0Trend-\u0259 istinad\u0259n x\u0259b\u0259r verir ki, bunu &#8220;\u0130qlim d\u0259yi\u015fm\u0259l\u0259ri v\u0259 \u0259traf m\u00fchitd\u0259 Paris raz\u0131la\u015fmas\u0131n\u0131n rolu&#8221; beyn\u0259lxalq konfransda \u00e7\u0131x\u0131\u015f ed\u0259n SOCAR-\u0131n prezidenti R\u00f6vn\u0259q Abdullayev deyib. O bildirib ki, Az\u0259rbaycan Respublikas\u0131n\u0131n Milli m\u0259lumatlar\u0131na \u0259sas\u0259n, m\u00fcst\u0259qilliyin ilk ill\u0259rind\u0259 Az\u0259rbaycanda istilik effekti yaradan qazlar xeyli azal\u0131b: &#8220;Buna s\u0259b\u0259b, ke\u00e7id d\u00f6vr\u00fcn\u00fc ya\u015fayan \u00f6lk\u0259mizd\u0259 iris\u0259naye m\u00fc\u0259ssis\u0259l\u0259rinin i\u015finin dayand\u0131r\u0131lmas\u0131 v\u0259 \u00fcmumilikd\u0259, \u00f6lk\u0259 \u0259halisinin istifad\u0259 etdiyi yanaca\u011f\u0131n miqdar\u0131n\u0131n azalmas\u0131d\u0131r. Lakin 1994-c\u00fc ild\u0259 &#8220;\u018fsrin m\u00fcqavil\u0259si&#8221;nin imzalanmas\u0131 il\u0259 \u00f6lk\u0259d\u0259&hellip;<\/p>\n","protected":false},"author":2,"featured_media":101275,"comment_status":"closed","ping_status":"closed","sticky":false,"template":"","format":"standard","meta":{"om_disable_all_campaigns":false,"_monsterinsights_skip_tracking":false,"_monsterinsights_sitenote_active":false,"_monsterinsights_sitenote_note":"","_monsterinsights_sitenote_category":0},"categories":[19],"tags":[],"aioseo_notices":[],"gutentor_comment":0,"rttpg_featured_image_url":{"full":["https:\/\/arantv.az\/wp-content\/uploads\/2019\/11\/rovneq_abdullayev_041.jpg",800,600,false],"landscape":["https:\/\/arantv.az\/wp-content\/uploads\/2019\/11\/rovneq_abdullayev_041.jpg",800,600,false],"portraits":["https:\/\/arantv.az\/wp-content\/uploads\/2019\/11\/rovneq_abdullayev_041.jpg",800,600,false],"thumbnail":["https:\/\/arantv.az\/wp-content\/uploads\/2019\/11\/rovneq_abdullayev_041-150x150.jpg",150,150,true],"medium":["https:\/\/arantv.az\/wp-content\/uploads\/2019\/11\/rovneq_abdullayev_041-300x225.jpg",300,225,true],"large":["https:\/\/arantv.az\/wp-content\/uploads\/2019\/11\/rovneq_abdullayev_041.jpg",640,480,false],"1536x1536":["https:\/\/arantv.az\/wp-content\/uploads\/2019\/11\/rovneq_abdullayev_041.jpg",800,600,false],"2048x2048":["https:\/\/arantv.az\/wp-content\/uploads\/2019\/11\/rovneq_abdullayev_041.jpg",800,600,false],"post-thumbnail":["https:\/\/arantv.az\/wp-content\/uploads\/2019\/11\/rovneq_abdullayev_041-240x172.jpg",240,172,true],"advps-thumb-one":["https:\/\/arantv.az\/wp-content\/uploads\/2019\/11\/rovneq_abdullayev_041.jpg",800,600,false]},"rttpg_author":{"display_name":"V\u00fcsal Rafiqo\u011flu","author_link":"https:\/\/arantv.az\/?author=2"},"rttpg_comment":0,"rttpg_category":"<a href=\"https:\/\/arantv.az\/?cat=19\" rel=\"category\">G\u00fcnd\u0259m<\/a>","rttpg_excerpt":"SOCAR m\u00fct\u0259madi olaraq birg\u0259 m\u00fc\u0259ssis\u0259l\u0259rind\u0259 v\u0259 dig\u0259r \u0259m\u0259liyyat \u015firk\u0259tl\u0259rind\u0259 atmosfer\u0259 at\u0131lan qazlar\u0131n \u00fcmumi miqdar\u0131n\u0131 n\u0259zar\u0259td\u0259 saxlay\u0131r v\u0259 bu m\u0259qs\u0259dl\u0259 m\u00fcvafiq monitorinql\u0259r ke\u00e7irir. ARANTV.AZ\u00a0\u00a0Trend-\u0259 istinad\u0259n x\u0259b\u0259r verir ki, bunu &#8220;\u0130qlim d\u0259yi\u015fm\u0259l\u0259ri v\u0259 \u0259traf m\u00fchitd\u0259 Paris raz\u0131la\u015fmas\u0131n\u0131n rolu&#8221; beyn\u0259lxalq konfransda \u00e7\u0131x\u0131\u015f ed\u0259n SOCAR-\u0131n prezidenti R\u00f6vn\u0259q Abdullayev deyib. O bildirib ki, Az\u0259rbaycan Respublikas\u0131n\u0131n Milli m\u0259lumatlar\u0131na \u0259sas\u0259n, m\u00fcst\u0259qilliyin ilk&hellip;","_links":{"self":[{"href":"https:\/\/arantv.az\/index.php?rest_route=\/wp\/v2\/posts\/101274"}],"collection":[{"href":"https:\/\/arantv.az\/index.php?rest_route=\/wp\/v2\/posts"}],"about":[{"href":"https:\/\/arantv.az\/index.php?rest_route=\/wp\/v2\/types\/post"}],"author":[{"embeddable":true,"href":"https:\/\/arantv.az\/index.php?rest_route=\/wp\/v2\/users\/2"}],"replies":[{"embeddable":true,"href":"https:\/\/arantv.az\/index.php?rest_route=%2Fwp%2Fv2%2Fcomments&post=101274"}],"version-history":[{"count":0,"href":"https:\/\/arantv.az\/index.php?rest_route=\/wp\/v2\/posts\/101274\/revisions"}],"wp:featuredmedia":[{"embeddable":true,"href":"https:\/\/arantv.az\/index.php?rest_route=\/wp\/v2\/media\/101275"}],"wp:attachment":[{"href":"https:\/\/arantv.az\/index.php?rest_route=%2Fwp%2Fv2%2Fmedia&parent=101274"}],"wp:term":[{"taxonomy":"category","embeddable":true,"href":"https:\/\/arantv.az\/index.php?rest_route=%2Fwp%2Fv2%2Fcategories&post=101274"},{"taxonomy":"post_tag","embeddable":true,"href":"https:\/\/arantv.az\/index.php?rest_route=%2Fwp%2Fv2%2Ftags&post=101274"}],"curies":[{"name":"wp","href":"https:\/\/api.w.org\/{rel}","templated":true}]}}