{"id":101604,"date":"2019-11-28T10:29:21","date_gmt":"2019-11-28T07:29:21","guid":{"rendered":"http:\/\/arantv.az\/?p=101604"},"modified":"2019-11-28T10:29:21","modified_gmt":"2019-11-28T07:29:21","slug":"mill%c9%99t-v%c9%99kili-x-rusiya-az%c9%99rbaycan-regionlararasi-forumu-iki-olk%c9%99-arasinda-strateji-t%c9%99r%c9%99fdasligin-mohk%c9%99ml%c9%99nm%c9%99sin%c9%99-yeni-t%c9%99kan-oldu","status":"publish","type":"post","link":"https:\/\/arantv.az\/?p=101604","title":{"rendered":"Mill\u0259t v\u0259kili: &#8220;X Rusiya-Az\u0259rbaycan Regionlararas\u0131 Forumu iki \u00f6lk\u0259 aras\u0131nda strateji t\u0259r\u0259fda\u015fl\u0131\u011f\u0131n m\u00f6hk\u0259ml\u0259nm\u0259sin\u0259 yeni t\u0259kan oldu&#8221;"},"content":{"rendered":"<blockquote><p><strong><em>\u00d6lk\u0259 Prezidenti \u0130lham \u018fliyevin r\u0259hb\u0259rliyi il\u0259 Az\u0259rbaycan\u0131n dayan\u0131ql\u0131 inki\u015faf\u0131n\u0131 \u015f\u0259rtl\u0259ndir\u0259n \u0259sas faktorlardan biri d\u0259 qon\u015fu d\u00f6vl\u0259tl\u0259rl\u0259 siyasi-iqtisadi v\u0259 humanitar \u0259laq\u0259l\u0259rin geni\u015fl\u0259ndirilm\u0259sidir. Beyn\u0259lxalq m\u00fcnasib\u0259tl\u0259r sistemind\u0259 \u0259m\u0259kda\u015fl\u0131q \u0259laq\u0259l\u0259rinin qurulmas\u0131na \u00f6z t\u00f6hf\u0259sini ver\u0259n Az\u0259rbaycan\u0131n m\u00fch\u00fcm t\u0259r\u0259fda\u015flardan biri, dost v\u0259 mehriban qon\u015fusu Rusiya Federasiyas\u0131 il\u0259 h\u0259rt\u0259r\u0259fli \u0259m\u0259kda\u015fl\u0131q m\u00fcnasib\u0259tl\u0259ri y\u00fcks\u0259k s\u0259viyy\u0259d\u0259 inki\u015faf edir.<\/em><\/strong><\/p><\/blockquote>\n<p><strong>ARANTV.AZ<\/strong>\u00a0 x\u0259b\u0259r verir ki, bunu\u00a0<a href=\"https:\/\/az.trend.az\/\" target=\"_blank\" rel=\"noopener\">Trend<\/a>-\u0259 Milli M\u0259clisin Yeni Az\u0259rbaycan Partiyas\u0131ndan olan deputat\u0131 P\u0259rvin K\u0259rimzad\u0259 deyib.<\/p>\n<p>P.K\u0259rimzad\u0259 bildirib ki, iki d\u00f6vl\u0259tin ba\u015f\u00e7\u0131lar\u0131 aras\u0131nda dostluq \u0259laq\u0259l\u0259ri ictimai-siyasi, ticari-iqtisadi v\u0259 humanitar sah\u0259l\u0259rd\u0259 s\u0131x \u0259m\u0259kda\u015fl\u0131\u011f\u0131n dinamik inki\u015faf\u0131na m\u00fcsb\u0259t t\u00f6hf\u0259sini verir:<\/p>\n<p>&#8220;Birinci vitse-prezident Mehriban xan\u0131m \u018fliyevan\u0131n Rusiya Federasiyas\u0131na r\u0259smi s\u0259f\u0259ri d\u0259 y\u00fcks\u0259li\u015f m\u0259rh\u0259l\u0259sind\u0259 olan Az\u0259rbaycan-Rusiya m\u00fcnasib\u0259tl\u0259ri aras\u0131nda ikit\u0259r\u0259fli \u0259laq\u0259l\u0259r s\u0259m\u0259r\u0259li v\u0259 dinamik inki\u015faf\u0131na xidm\u0259t edib. S\u0259f\u0259r \u00e7\u0259r\u00e7iv\u0259sind\u0259 Rusiya Federasiyas\u0131n\u0131n Prezidenti Vladimir Putin v\u0259 Federasiya H\u00f6kum\u0259tinin s\u0259dri Dmitri Medvedyevl\u0259 ke\u00e7iril\u0259n g\u00f6r\u00fc\u015fl\u0259r, h\u0259rt\u0259r\u0259fli \u0259laq\u0259l\u0259rin getdikc\u0259 daha da \u015fax\u0259l\u0259nm\u0259sin\u0259 xidm\u0259t ed\u0259n ikit\u0259r\u0259fli \u0259laq\u0259l\u0259rin perspektivl\u0259rinin m\u00fczakir\u0259si, X Rusiya-Az\u0259rbaycan regionlararas\u0131 forumu, imzalanan sazi\u015fl\u0259r iki \u00f6lk\u0259 aras\u0131nda siyasi v\u0259 iqtisadi sah\u0259d\u0259 \u0259m\u0259kda\u015fl\u0131\u011f\u0131n geni\u015fl\u0259ndirilm\u0259sind\u0259 m\u00fch\u00fcm \u0259h\u0259miyy\u0259t da\u015f\u0131y\u0131r&#8221;.<\/p>\n<p>Deputat vur\u011fulay\u0131b ki, Rusiya Federasiyas\u0131n\u0131n ali m\u00fckafat\u0131 &#8220;Dostluq&#8221; ordeninin Az\u0259rbaycan\u0131n y\u00fcks\u0259k d\u0259y\u0259rl\u0259rinin, humanizm prinsipl\u0259rinin beyn\u0259lxalq al\u0259md\u0259 t\u0259bli\u011find\u0259 \u0259v\u0259zsiz rol oynayan Mehriban xan\u0131m \u018fliyevaya t\u0259qdim edilm\u0259si h\u0259r iki \u00f6lk\u0259 aras\u0131nda qar\u015f\u0131l\u0131ql\u0131 h\u00f6rm\u0259t v\u0259 dostluq \u0259sas\u0131nda qurulan m\u00fcnasib\u0259tl\u0259rin yeni inki\u015faf m\u0259rh\u0259l\u0259sind\u0259 oldu\u011funun t\u0259sdiqi oldu:<\/p>\n<p>&#8220;Birinci vitse-prezident Mehriban xan\u0131m \u018fliyevan\u0131n s\u0259f\u0259ri c\u0259r\u00e7iv\u0259sind\u0259 Moskvada ke\u00e7iril\u0259n X Az\u0259rbaycan-Rusiya Regionlararas\u0131 Forumu da beyn\u0259lxalq arenada bir-birini d\u0259st\u0259kl\u0259y\u0259n Az\u0259rbaycan v\u0259 Rusiya d\u00f6vl\u0259tl\u0259rinin \u0259m\u0259kda\u015fl\u0131\u011f\u0131 geni\u015fl\u0259nm\u0259si bax\u0131m\u0131ndan \u0259h\u0259miyy\u0259tli olub. Mehriban xan\u0131m \u018fliyevan\u0131n Forumda \u00e7\u0131x\u0131\u015f\u0131 zaman\u0131 qeyd etdiyi kimi: &#8220;Regionlararas\u0131 \u0259m\u0259kda\u015fl\u0131q bizim ikit\u0259r\u0259fli m\u00fcnasib\u0259tl\u0259rimizin m\u00fch\u00fcm t\u0259rkib hiss\u0259sidir. Az\u0259rbaycan Rusiya Federasiyas\u0131n\u0131n 70-d\u0259n \u00e7ox subyekti il\u0259 iqtisadi \u0259laq\u0259 saxlay\u0131r. Regionlararas\u0131 forumlar\u0131n ke\u00e7irilm\u0259si yax\u015f\u0131 bir \u0259n\u0259n\u0259y\u0259 \u00e7evrilib v\u0259 regionlararas\u0131 \u0259laq\u0259l\u0259rin geni\u015fl\u0259nm\u0259si i\u015find\u0259 m\u00fch\u00fcm rol oynay\u0131r. Ke\u00e7\u0259n ilin sentyabr\u0131nda Bak\u0131da bundan \u0259vv\u0259lki forumun a\u00e7\u0131l\u0131\u015f\u0131nda iki d\u00f6vl\u0259tin ba\u015f\u00e7\u0131lar\u0131n\u0131n i\u015ftirak\u0131 regionlararas\u0131 \u0259m\u0259kda\u015fl\u0131\u011fa ali s\u0259viyy\u0259d\u0259 \u0259h\u0259miyy\u0259t verilm\u0259sin\u0259 d\u0259lal\u0259t edir. Bud\u0259f\u0259ki forum \u00e7\u0259r\u00e7iv\u0259sind\u0259 r\u0259q\u0259msalla\u015fma, k\u0259nd t\u0259s\u0259rr\u00fcfat\u0131, turizm sah\u0259l\u0259rind\u0259, humanitar sah\u0259d\u0259 ikit\u0259r\u0259fli qar\u015f\u0131l\u0131ql\u0131 f\u0259aliyy\u0259tin perspektivl\u0259ri \u0259trafl\u0131 m\u00fczakir\u0259 edilib. \u00dcmidvaram ki, \u0259vv\u0259lki ill\u0259rd\u0259 oldu\u011fu kimi, bu forumun da n\u0259tic\u0259l\u0259ri bizim ikit\u0259r\u0259fli m\u00fcnasib\u0259tl\u0259rin m\u00f6hk\u0259ml\u0259nm\u0259sin\u0259 \u00f6z t\u00f6hf\u0259sini ver\u0259c\u0259k&#8221;.<\/p>\n<p>P.K\u0259rimzad\u0259 qeyd edib ki, Birinci vitse-prezident Mehriban \u018fliyevan\u0131n Moskva s\u0259f\u0259ri, s\u0259f\u0259r \u00e7\u0259r\u00e7iv\u0259sind\u0259 ke\u00e7iril\u0259n g\u00f6r\u00fc\u015fl\u0259r, m\u00fcxt\u0259lif sah\u0259l\u0259rd\u0259 \u0259m\u0259kda\u015fl\u0131\u011f\u0131n geni\u015fl\u0259nm\u0259sin\u0259 z\u0259min yaradan X Rusiya-Az\u0259rbaycan Regionlararas\u0131 Forumu h\u0259r iki \u00f6lk\u0259 aras\u0131nda dialoqun geni\u015fl\u0259ndirilm\u0259sin\u0259, dostlu\u011fun, strateji t\u0259r\u0259fda\u015fl\u0131\u011f\u0131n m\u00f6hk\u0259ml\u0259nm\u0259sin\u0259 yeni t\u0259kan oldu.<\/p>\n","protected":false},"excerpt":{"rendered":"<p>\u00d6lk\u0259 Prezidenti \u0130lham \u018fliyevin r\u0259hb\u0259rliyi il\u0259 Az\u0259rbaycan\u0131n dayan\u0131ql\u0131 inki\u015faf\u0131n\u0131 \u015f\u0259rtl\u0259ndir\u0259n \u0259sas faktorlardan biri d\u0259 qon\u015fu d\u00f6vl\u0259tl\u0259rl\u0259 siyasi-iqtisadi v\u0259 humanitar \u0259laq\u0259l\u0259rin geni\u015fl\u0259ndirilm\u0259sidir. Beyn\u0259lxalq m\u00fcnasib\u0259tl\u0259r sistemind\u0259 \u0259m\u0259kda\u015fl\u0131q \u0259laq\u0259l\u0259rinin qurulmas\u0131na \u00f6z t\u00f6hf\u0259sini ver\u0259n Az\u0259rbaycan\u0131n m\u00fch\u00fcm t\u0259r\u0259fda\u015flardan biri, dost v\u0259 mehriban qon\u015fusu Rusiya Federasiyas\u0131 il\u0259 h\u0259rt\u0259r\u0259fli \u0259m\u0259kda\u015fl\u0131q m\u00fcnasib\u0259tl\u0259ri y\u00fcks\u0259k s\u0259viyy\u0259d\u0259 inki\u015faf edir. ARANTV.AZ\u00a0 x\u0259b\u0259r verir ki, bunu\u00a0Trend-\u0259 Milli M\u0259clisin Yeni Az\u0259rbaycan Partiyas\u0131ndan olan deputat\u0131 P\u0259rvin K\u0259rimzad\u0259 deyib. P.K\u0259rimzad\u0259 bildirib ki, iki d\u00f6vl\u0259tin ba\u015f\u00e7\u0131lar\u0131 aras\u0131nda dostluq \u0259laq\u0259l\u0259ri ictimai-siyasi, ticari-iqtisadi v\u0259 humanitar sah\u0259l\u0259rd\u0259 s\u0131x \u0259m\u0259kda\u015fl\u0131\u011f\u0131n dinamik inki\u015faf\u0131na m\u00fcsb\u0259t t\u00f6hf\u0259sini verir: &#8220;Birinci vitse-prezident Mehriban xan\u0131m \u018fliyevan\u0131n Rusiya&hellip;<\/p>\n","protected":false},"author":2,"featured_media":101605,"comment_status":"closed","ping_status":"closed","sticky":false,"template":"","format":"standard","meta":{"om_disable_all_campaigns":false,"_monsterinsights_skip_tracking":false,"_monsterinsights_sitenote_active":false,"_monsterinsights_sitenote_note":"","_monsterinsights_sitenote_category":0},"categories":[4],"tags":[],"aioseo_notices":[],"gutentor_comment":0,"rttpg_featured_image_url":{"full":["https:\/\/arantv.az\/wp-content\/uploads\/2019\/11\/805901.jpg",800,600,false],"landscape":["https:\/\/arantv.az\/wp-content\/uploads\/2019\/11\/805901.jpg",800,600,false],"portraits":["https:\/\/arantv.az\/wp-content\/uploads\/2019\/11\/805901.jpg",800,600,false],"thumbnail":["https:\/\/arantv.az\/wp-content\/uploads\/2019\/11\/805901-150x150.jpg",150,150,true],"medium":["https:\/\/arantv.az\/wp-content\/uploads\/2019\/11\/805901-300x225.jpg",300,225,true],"large":["https:\/\/arantv.az\/wp-content\/uploads\/2019\/11\/805901.jpg",640,480,false],"1536x1536":["https:\/\/arantv.az\/wp-content\/uploads\/2019\/11\/805901.jpg",800,600,false],"2048x2048":["https:\/\/arantv.az\/wp-content\/uploads\/2019\/11\/805901.jpg",800,600,false],"post-thumbnail":["https:\/\/arantv.az\/wp-content\/uploads\/2019\/11\/805901-240x172.jpg",240,172,true],"advps-thumb-one":["https:\/\/arantv.az\/wp-content\/uploads\/2019\/11\/805901.jpg",800,600,false]},"rttpg_author":{"display_name":"V\u00fcsal Rafiqo\u011flu","author_link":"https:\/\/arantv.az\/?author=2"},"rttpg_comment":0,"rttpg_category":"<a href=\"https:\/\/arantv.az\/?cat=4\" rel=\"category\">Siyas\u0259t<\/a>","rttpg_excerpt":"\u00d6lk\u0259 Prezidenti \u0130lham \u018fliyevin r\u0259hb\u0259rliyi il\u0259 Az\u0259rbaycan\u0131n dayan\u0131ql\u0131 inki\u015faf\u0131n\u0131 \u015f\u0259rtl\u0259ndir\u0259n \u0259sas faktorlardan biri d\u0259 qon\u015fu d\u00f6vl\u0259tl\u0259rl\u0259 siyasi-iqtisadi v\u0259 humanitar \u0259laq\u0259l\u0259rin geni\u015fl\u0259ndirilm\u0259sidir. Beyn\u0259lxalq m\u00fcnasib\u0259tl\u0259r sistemind\u0259 \u0259m\u0259kda\u015fl\u0131q \u0259laq\u0259l\u0259rinin qurulmas\u0131na \u00f6z t\u00f6hf\u0259sini ver\u0259n Az\u0259rbaycan\u0131n m\u00fch\u00fcm t\u0259r\u0259fda\u015flardan biri, dost v\u0259 mehriban qon\u015fusu Rusiya Federasiyas\u0131 il\u0259 h\u0259rt\u0259r\u0259fli \u0259m\u0259kda\u015fl\u0131q m\u00fcnasib\u0259tl\u0259ri y\u00fcks\u0259k s\u0259viyy\u0259d\u0259 inki\u015faf edir. ARANTV.AZ\u00a0 x\u0259b\u0259r verir ki, bunu\u00a0Trend-\u0259 Milli M\u0259clisin&hellip;","_links":{"self":[{"href":"https:\/\/arantv.az\/index.php?rest_route=\/wp\/v2\/posts\/101604"}],"collection":[{"href":"https:\/\/arantv.az\/index.php?rest_route=\/wp\/v2\/posts"}],"about":[{"href":"https:\/\/arantv.az\/index.php?rest_route=\/wp\/v2\/types\/post"}],"author":[{"embeddable":true,"href":"https:\/\/arantv.az\/index.php?rest_route=\/wp\/v2\/users\/2"}],"replies":[{"embeddable":true,"href":"https:\/\/arantv.az\/index.php?rest_route=%2Fwp%2Fv2%2Fcomments&post=101604"}],"version-history":[{"count":0,"href":"https:\/\/arantv.az\/index.php?rest_route=\/wp\/v2\/posts\/101604\/revisions"}],"wp:featuredmedia":[{"embeddable":true,"href":"https:\/\/arantv.az\/index.php?rest_route=\/wp\/v2\/media\/101605"}],"wp:attachment":[{"href":"https:\/\/arantv.az\/index.php?rest_route=%2Fwp%2Fv2%2Fmedia&parent=101604"}],"wp:term":[{"taxonomy":"category","embeddable":true,"href":"https:\/\/arantv.az\/index.php?rest_route=%2Fwp%2Fv2%2Fcategories&post=101604"},{"taxonomy":"post_tag","embeddable":true,"href":"https:\/\/arantv.az\/index.php?rest_route=%2Fwp%2Fv2%2Ftags&post=101604"}],"curies":[{"name":"wp","href":"https:\/\/api.w.org\/{rel}","templated":true}]}}