{"id":101628,"date":"2019-11-28T10:52:55","date_gmt":"2019-11-28T07:52:55","guid":{"rendered":"http:\/\/arantv.az\/?p=101628"},"modified":"2019-11-28T10:52:55","modified_gmt":"2019-11-28T07:52:55","slug":"turkiy%c9%99d%c9%99-iki-%c9%99sg%c9%99ri-ildirim-vurdu-video","status":"publish","type":"post","link":"https:\/\/arantv.az\/?p=101628","title":{"rendered":"T\u00fcrkiy\u0259d\u0259 iki \u0259sg\u0259ri ild\u0131r\u0131m vurdu &#8211; V\u0130DEO"},"content":{"rendered":"<p>T\u00fcrkiy\u0259d\u0259 iki h\u0259rb\u00e7ini ild\u0131r\u0131m vurub.<\/p>\n<p><b>ARANTV.AZ<\/b>-\u0131n x\u0259b\u0259rin\u0259 g\u00f6r\u0259, hadis\u0259 Hakkarid\u0259 yerl\u0259\u015f\u0259n Davu\u015f T\u0259p\u0259 bazas\u0131nda ba\u015f\u00a0<a href=\"https:\/\/haberglobal.com.tr\/gundem\/hakkaride-yildirim-dusmesi-sonucu-2-asker-sehit-oldu-15940?fbclid=IwAR0QQ2drSN1TEQ7vc28JzW4dKg6h3oetoa5O3rsiDjGWDEsBRtaZRDWpfrs\" target=\"_blank\" rel=\"noopener\">verib<\/a>.<\/p>\n<div id=\"AdviadNativeVideo0\" class=\"AdviadNativeVideo\"><\/div>\n<p>\u0130ld\u0131r\u0131m vuran h\u0259rb\u00e7il\u0259r v\u0259fat edib.<\/p>\n<p>Bundan ba\u015fqa, T\u00fcrkiy\u0259 Milli M\u00fcdafi\u0259 Nazirliyinin m\u0259lumat\u0131nda bildirilib ki, 27 noyabrda Ak\u00e7akalede PKK-n\u0131n minaatanlarla at\u0259\u015fi n\u0259tic\u0259sind\u0259 yaralanan iki \u0259sg\u0259r d\u0259 \u015f\u0259hid olub.Oxu.Az<\/p>\n<div><iframe loading=\"lazy\" src=\"https:\/\/www.dailymotion.com\/embed\/video\/x7ok3e6\" width=\"480\" height=\"270\" frameborder=\"0\" allowfullscreen=\"allowfullscreen\" data-mce-fragment=\"1\"><\/iframe><\/div>\n<p>&nbsp;<\/p>\n","protected":false},"excerpt":{"rendered":"<p>T\u00fcrkiy\u0259d\u0259 iki h\u0259rb\u00e7ini ild\u0131r\u0131m vurub. ARANTV.AZ-\u0131n x\u0259b\u0259rin\u0259 g\u00f6r\u0259, hadis\u0259 Hakkarid\u0259 yerl\u0259\u015f\u0259n Davu\u015f T\u0259p\u0259 bazas\u0131nda ba\u015f\u00a0verib. \u0130ld\u0131r\u0131m vuran h\u0259rb\u00e7il\u0259r v\u0259fat edib. Bundan ba\u015fqa, T\u00fcrkiy\u0259 Milli M\u00fcdafi\u0259 Nazirliyinin m\u0259lumat\u0131nda bildirilib ki, 27 noyabrda Ak\u00e7akalede PKK-n\u0131n minaatanlarla at\u0259\u015fi n\u0259tic\u0259sind\u0259 yaralanan iki \u0259sg\u0259r d\u0259 \u015f\u0259hid olub.Oxu.Az &nbsp;<\/p>\n","protected":false},"author":2,"featured_media":101629,"comment_status":"closed","ping_status":"closed","sticky":false,"template":"","format":"standard","meta":{"om_disable_all_campaigns":false,"_monsterinsights_skip_tracking":false,"_monsterinsights_sitenote_active":false,"_monsterinsights_sitenote_note":"","_monsterinsights_sitenote_category":0},"categories":[7],"tags":[],"aioseo_notices":[],"gutentor_comment":0,"rttpg_featured_image_url":{"full":["https:\/\/arantv.az\/wp-content\/uploads\/2019\/11\/1574922886609_P7UAKiyH.jpg",620,352,false],"landscape":["https:\/\/arantv.az\/wp-content\/uploads\/2019\/11\/1574922886609_P7UAKiyH.jpg",620,352,false],"portraits":["https:\/\/arantv.az\/wp-content\/uploads\/2019\/11\/1574922886609_P7UAKiyH.jpg",620,352,false],"thumbnail":["https:\/\/arantv.az\/wp-content\/uploads\/2019\/11\/1574922886609_P7UAKiyH-150x150.jpg",150,150,true],"medium":["https:\/\/arantv.az\/wp-content\/uploads\/2019\/11\/1574922886609_P7UAKiyH-300x170.jpg",300,170,true],"large":["https:\/\/arantv.az\/wp-content\/uploads\/2019\/11\/1574922886609_P7UAKiyH.jpg",620,352,false],"1536x1536":["https:\/\/arantv.az\/wp-content\/uploads\/2019\/11\/1574922886609_P7UAKiyH.jpg",620,352,false],"2048x2048":["https:\/\/arantv.az\/wp-content\/uploads\/2019\/11\/1574922886609_P7UAKiyH.jpg",620,352,false],"post-thumbnail":["https:\/\/arantv.az\/wp-content\/uploads\/2019\/11\/1574922886609_P7UAKiyH-240x172.jpg",240,172,true],"advps-thumb-one":["https:\/\/arantv.az\/wp-content\/uploads\/2019\/11\/1574922886609_P7UAKiyH.jpg",620,352,false]},"rttpg_author":{"display_name":"V\u00fcsal Rafiqo\u011flu","author_link":"https:\/\/arantv.az\/?author=2"},"rttpg_comment":0,"rttpg_category":"<a href=\"https:\/\/arantv.az\/?cat=7\" rel=\"category\">D\u00fcnya<\/a>","rttpg_excerpt":"T\u00fcrkiy\u0259d\u0259 iki h\u0259rb\u00e7ini ild\u0131r\u0131m vurub. ARANTV.AZ-\u0131n x\u0259b\u0259rin\u0259 g\u00f6r\u0259, hadis\u0259 Hakkarid\u0259 yerl\u0259\u015f\u0259n Davu\u015f T\u0259p\u0259 bazas\u0131nda ba\u015f\u00a0verib. \u0130ld\u0131r\u0131m vuran h\u0259rb\u00e7il\u0259r v\u0259fat edib. Bundan ba\u015fqa, T\u00fcrkiy\u0259 Milli M\u00fcdafi\u0259 Nazirliyinin m\u0259lumat\u0131nda bildirilib ki, 27 noyabrda Ak\u00e7akalede PKK-n\u0131n minaatanlarla at\u0259\u015fi n\u0259tic\u0259sind\u0259 yaralanan iki \u0259sg\u0259r d\u0259 \u015f\u0259hid olub.Oxu.Az &nbsp;","_links":{"self":[{"href":"https:\/\/arantv.az\/index.php?rest_route=\/wp\/v2\/posts\/101628"}],"collection":[{"href":"https:\/\/arantv.az\/index.php?rest_route=\/wp\/v2\/posts"}],"about":[{"href":"https:\/\/arantv.az\/index.php?rest_route=\/wp\/v2\/types\/post"}],"author":[{"embeddable":true,"href":"https:\/\/arantv.az\/index.php?rest_route=\/wp\/v2\/users\/2"}],"replies":[{"embeddable":true,"href":"https:\/\/arantv.az\/index.php?rest_route=%2Fwp%2Fv2%2Fcomments&post=101628"}],"version-history":[{"count":0,"href":"https:\/\/arantv.az\/index.php?rest_route=\/wp\/v2\/posts\/101628\/revisions"}],"wp:featuredmedia":[{"embeddable":true,"href":"https:\/\/arantv.az\/index.php?rest_route=\/wp\/v2\/media\/101629"}],"wp:attachment":[{"href":"https:\/\/arantv.az\/index.php?rest_route=%2Fwp%2Fv2%2Fmedia&parent=101628"}],"wp:term":[{"taxonomy":"category","embeddable":true,"href":"https:\/\/arantv.az\/index.php?rest_route=%2Fwp%2Fv2%2Fcategories&post=101628"},{"taxonomy":"post_tag","embeddable":true,"href":"https:\/\/arantv.az\/index.php?rest_route=%2Fwp%2Fv2%2Ftags&post=101628"}],"curies":[{"name":"wp","href":"https:\/\/api.w.org\/{rel}","templated":true}]}}