{"id":101640,"date":"2019-11-28T10:55:54","date_gmt":"2019-11-28T07:55:54","guid":{"rendered":"http:\/\/arantv.az\/?p=101640"},"modified":"2019-11-28T10:55:54","modified_gmt":"2019-11-28T07:55:54","slug":"prezidentin-q%c9%99tiyy%c9%99tli-cixisina-sozardi-r%c9%99yl%c9%99r","status":"publish","type":"post","link":"https:\/\/arantv.az\/?p=101640","title":{"rendered":"Prezidentin q\u0259tiyy\u0259tli \u00e7\u0131x\u0131\u015f\u0131na s\u00f6zard\u0131&#8230; &#8211; R\u018fYL\u018fR"},"content":{"rendered":"<p>Prezident \u0130lham \u018fliyevin Bak\u0131 D\u00f6vl\u0259t Universitetinin (BDU) 100 illik yubileyi m\u00fcnasib\u0259til\u0259 ke\u00e7iril\u0259n m\u0259rasimd\u0259 q\u0259tiyy\u0259tli \u00e7\u0131x\u0131\u015f\u0131 c\u0259miyy\u0259tin b\u00f6y\u00fck mara\u011f\u0131na s\u0259b\u0259b oldu. D\u00f6vl\u0259t ba\u015f\u00e7\u0131s\u0131 45 d\u0259qiq\u0259lik \u00e7\u0131x\u0131\u015f\u0131nda bu d\u0259f\u0259 d\u0259 tarixi faktlara \u0259saslanaraq Az\u0259rbaycan\u0131n hans\u0131 a\u011f\u0131r d\u00f6vrl\u0259ri ke\u00e7\u0259r\u0259k m\u00fcst\u0259qilliyin\u0259 qovu\u015fmas\u0131ndan, m\u00fcasir, inki\u015faf etmi\u015f bir \u00f6lk\u0259y\u0259 nec\u0259 \u00e7evrilm\u0259sind\u0259n dan\u0131\u015fd\u0131. Prezidentin \u201cM\u0259g\u0259r bizi bizd\u0259n \u00e7ox sev\u0259n, ist\u0259y\u0259n varm\u0131? Bizd\u0259n \u00e7ox bizi ist\u0259y\u0259n he\u00e7 vaxt olmay\u0131b v\u0259 olmayacaq\u201d fikri \u00f6lk\u0259 ictimaiyy\u0259tind\u0259 b\u00f6y\u00fck r\u0259\u011fb\u0259tl\u0259 qar\u015f\u0131lan\u0131b. Az\u0259rbaycan Prezidentinin bu fikri, x\u00fcsus\u0259n, g\u0259ncl\u0259rin mara\u011f\u0131na s\u0259b\u0259b olub. Eyni zamanda, bu fikir Az\u0259rbaycan\u0131n d\u00fcnyada \u00f6z s\u00f6z\u00fcn\u00fc dem\u0259y\u0259 qadir olan bir d\u00f6vl\u0259t\u0259 \u00e7evrildiyini g\u00f6st\u0259rir. D\u00f6vl\u0259t ba\u015f\u00e7\u0131s\u0131n\u0131n bu fikrinin t\u0259sdiqini tarixi ke\u00e7mi\u015f\u0259 q\u0131sa n\u0259z\u0259r salaraq tapmaq m\u00fcmk\u00fcnd\u00fcr. Daim ba\u015f\u0131n\u0131n \u00fcz\u0259rind\u0259 qara buludlar g\u0259z\u0259n Az\u0259rbaycan \u0259razisi h\u0259r zaman yadellil\u0259rin siyasi maraqlar\u0131nda \u0259sas amill\u0259rd\u0259n biri olub. Tarix boyu xalq is\u0259 bunun a\u011fr\u0131s\u0131n\u0131 v\u0259 ac\u0131s\u0131n\u0131 ya\u015fay\u0131b. D\u00f6vl\u0259t ba\u015f\u00e7\u0131s\u0131 el\u0259 buna g\u00f6r\u0259 d\u0259 g\u0259ncl\u0259r\u0259 Az\u0259rbaycan\u0131n uzaq v\u0259 yax\u0131n tarixd\u0259 ke\u00e7diyi a\u011f\u0131r d\u00f6vrl\u0259ri v\u0259 \u00f6lk\u0259nin o \u00e7\u0259tin v\u0259ziyy\u0259td\u0259n nec\u0259 xilas oldu\u011funu bilm\u0259yin z\u0259ruriliyini vur\u011fulay\u0131b.<br \/>\n<img class=\"imgbcodecent\" src=\"https:\/\/upload.az\/foto\/arxiv\/11_11574927214.jpg\" alt=\"Prezidentin q\u0259tiyy\u0259tli \u00e7\u0131x\u0131\u015f\u0131na s\u00f6zard\u0131... - R\u018fYL\u018fR\" \/><\/p>\n<p>\u201cBurada \u0259yl\u0259\u015f\u0259n g\u0259ncl\u0259r d\u0259 bu tarixi bilm\u0259lidirl\u0259r. M\u0259n d\u0259f\u0259l\u0259rl\u0259 bunu demi\u015f\u0259m. Biz &#8211; bu tarixi ya\u015fayan insanlar, \u0259lb\u0259tt\u0259 ki, he\u00e7 vaxt bunu unutmayaca\u011f\u0131q. Bug\u00fcnk\u00fc u\u011furlu inki\u015faf\u0131m\u0131z\u0131 h\u0259r zaman qiym\u0259tl\u0259ndir\u0259c\u0259yik. G\u0259ncl\u0259r bunu g\u00f6rm\u0259yibl\u0259r. Onlara el\u0259 g\u0259lir ki, h\u0259mi\u015f\u0259 bel\u0259 olub. Onlara el\u0259 g\u0259lir ki, Az\u0259rbaycan h\u0259mi\u015f\u0259 bel\u0259 \u00e7i\u00e7\u0259kl\u0259n\u0259n, firavan d\u00f6vl\u0259t olub. Bel\u0259 deyildi. Biz o g\u00fcnl\u0259ri yax\u015f\u0131 xat\u0131rlay\u0131r\u0131q. Xalq C\u0259bh\u0259si-M\u00fcsavat c\u00fctl\u00fcy\u00fcn\u00fcn x\u0259yan\u0259tkar hakimiyy\u0259ti d\u00f6vr\u00fcnd\u0259 on minl\u0259rl\u0259 insan saatlarla \u00e7\u00f6r\u0259k n\u00f6vb\u0259sind\u0259 dayan\u0131rd\u0131. \u018fli silahl\u0131 quldurlar meydan oxuyurdular, \u015f\u0259h\u0259rl\u0259rimizd\u0259 insanlar\u0131 incidirdil\u0259r, o\u011furlay\u0131rd\u0131lar, i\u015fg\u0259nc\u0259l\u0259r verirdil\u0259r, jurnalistl\u0259ri d\u00f6y\u00fcrd\u00fcl\u0259r. M\u0259hz Xalq C\u0259bh\u0259si-M\u00fcsavat hakimiyy\u0259ti &#8211; \u00f6z\u00fcn\u00fc demokrat adland\u0131ran bu \u00fcns\u00fcrl\u0259r Az\u0259rbaycanda senzura t\u0259tbiq etmi\u015fdil\u0259r. Heyd\u0259r \u018fliyev hakimiyy\u0259t\u0259 g\u0259l\u0259nd\u0259n sonra senzuran\u0131 l\u0259\u011fv etdi. G\u0259ncl\u0259r bu tarixi bilm\u0259lidirl\u0259r. M\u00fc\u0259lliml\u0259r bu tarixi onlara \u00e7atd\u0131rmal\u0131d\u0131rlar ki, h\u0259m h\u0259qiq\u0259ti bilsinl\u0259r, h\u0259m d\u0259 Az\u0259rbaycan g\u0259l\u0259c\u0259kd\u0259 he\u00e7 vaxt bu a\u011f\u0131r v\u0259ziyy\u0259t\u0259 d\u00fc\u015fm\u0259sin. Az\u0259rbaycan he\u00e7 vaxt g\u00f6z\u00fc k\u00f6lg\u0259li olmas\u0131n, he\u00e7 vaxt ba\u015fqas\u0131n\u0131n irad\u0259sind\u0259n as\u0131l\u0131 olmas\u0131n, he\u00e7 vaxt ba\u015fqa d\u00f6vl\u0259tl\u0259r qar\u015f\u0131s\u0131nda ba\u015f \u0259ym\u0259sin. AXC-M\u00fcsavat c\u00fctl\u00fcy\u00fc d\u00f6vr\u00fcnd\u0259 prezidentin kabinetinin qap\u0131s\u0131n\u0131 xarici s\u0259firl\u0259r ayaqlar\u0131 il\u0259 a\u00e7\u0131rd\u0131lar, ona g\u00f6st\u0259ri\u015fl\u0259r verirdil\u0259r. O da m\u0259zlum bir adam kimi o g\u00f6st\u0259ri\u015fl\u0259ri yerin\u0259 yetirirdi. Ona g\u00f6r\u0259 bel\u0259 g\u00fcn\u0259 d\u00fc\u015fd\u00fc. M\u0259g\u0259r bizi bizd\u0259n \u00e7ox sev\u0259n, ist\u0259y\u0259n varm\u0131?\u201d, &#8211; Prezident \u0130lham \u018fliyev bildirib.<\/p>\n<p>Milli M\u0259clisin deputat\u0131 N\u0259sib M\u0259h\u0259m\u0259liyev:<\/p>\n<p>&#8220;He\u00e7 bir \u00f6lk\u0259 \u00f6z maraqlar\u0131n\u0131 qoyub Az\u0259rbaycan\u0131n maraqlar\u0131na xidm\u0259t etm\u0259y\u0259c\u0259k&#8221;.<\/p>\n<p>Milli M\u0259clisin deputat\u0131 N\u0259sib M\u0259h\u0259m\u0259liyev \u201cReport\u201da a\u00e7\u0131qlamas\u0131nda bildirib ki, Prezident \u0130lham \u018fliyev \u201cBizd\u0259n \u00e7ox bizi ist\u0259y\u0259n he\u00e7 vaxt olmay\u0131b v\u0259 olmayacaq\u201d fikri il\u0259 c\u0259miyy\u0259t\u0259 mesaj verib:<\/p>\n<p>\u201cD\u00fcnyada d\u00f6vl\u0259tl\u0259rin qar\u015f\u0131durmas\u0131, \u00e7ox ciddi r\u0259qab\u0259t, beyn\u0259lxalq h\u00fcquq normalar\u0131n\u0131n art\u0131q deqradasiyaya u\u011framas\u0131, geopolitik t\u0259sirl\u0259rin artmas\u0131, ayr\u0131-ayr\u0131 d\u00f6vrl\u0259rd\u0259 d\u00fcnya g\u00fccl\u0259rinin \u00f6z maraqlar\u0131na uy\u011fun apard\u0131\u011f\u0131 siyas\u0259t h\u0259r bir \u00f6lk\u0259d\u0259n \u00f6z daxilind\u0259 m\u00f6hk\u0259ml\u0259nm\u0259yi v\u0259 mill\u0259tl\u0259rin inki\u015faf\u0131n etm\u0259sini t\u0259l\u0259b edir. He\u00e7 kim\u0259 sirr deyil ki, haz\u0131rda d\u00fcnyada ciddi r\u0259qab\u0259t gedir. Bu r\u0259qab\u0259t h\u0259m siyasi, h\u0259m iqtisadi maraqlar u\u011frunda, h\u0259m d\u0259 qlobal t\u0259sirl\u0259rin g\u0259tirdiyi yeni \u00e7a\u011f\u0131r\u0131\u015flar u\u011frunda h\u0259yata ke\u00e7irilir. N\u0259z\u0259r\u0259 alsaq ki, AB\u015e il\u0259 \u00c7in aras\u0131nda ticar\u0259t m\u00fcharib\u0259si, Rusiya aras\u0131nda is\u0259 \u00e7ox ciddi qar\u015f\u0131durmalar yaran\u0131b. O c\u00fcml\u0259d\u0259n, Avropa \u0130ttifaq\u0131 il\u0259 Rusiya aras\u0131nda, AB-a daxil olan \u00f6lk\u0259l\u0259rl\u0259 AB\u015e aras\u0131nda ged\u0259n qar\u015f\u0131durmalar v\u0259 dig\u0259r analoji siyasi prosesl\u0259r t\u0259bii olaraq, mill\u0259tl\u0259ri \u00f6z \u00e7ar\u0259l\u0259rini \u00f6zl\u0259ri q\u0131lma\u011fa, probleml\u0259rinin h\u0259llin\u0259 daha ciddi yana\u015fma\u011fa s\u00f6vq edir. Az\u0259rbaycan\u0131n \u0259traf\u0131nda ged\u0259n prosesl\u0259rd\u0259 iki standartlar\u0131n h\u0259yata ke\u00e7irilm\u0259si torpaqlar\u0131m\u0131z\u0131n i\u015f\u011faldan azad olunmas\u0131na mane\u00e7ilik yarad\u0131r. Ona g\u00f6r\u0259 d\u0259 t\u0259biidir ki, ilk n\u00f6vb\u0259d\u0259 biz \u00f6z\u00fcm\u00fcz \u00f6z\u00fcm\u00fcz\u00fc \u00e7ox ist\u0259m\u0259liyik. Ki, \u00f6lk\u0259mizin daxilind\u0259 siyasi sabitlik h\u00f6km s\u00fcrs\u00fcn v\u0259 Az\u0259rbaycan h\u0259m iqtisadi, h\u0259m d\u0259 sosial bax\u0131mdan daha da g\u00fccl\u0259nsin v\u0259 xarici q\u00fcvv\u0259l\u0259r\u0259 imkan verilm\u0259sin ki, demokartiya ad\u0131 il\u0259 bizim aram\u0131za nifaq sals\u0131n. Bu bax\u0131mdan c\u0259nab Prezident \u00e7ox haql\u0131 fikirl\u0259r bildirdi v\u0259 \u201cBizd\u0259n \u00e7ox bizi ist\u0259y\u0259n he\u00e7 vaxt olmay\u0131b v\u0259 olmayacaq\u201d fikrini tam d\u0259qiq ifad\u0259 el\u0259di. H\u0259r bir \u00f6lk\u0259nin \u00f6z maraqlar\u0131 var. Ona g\u00f6r\u0259 d\u0259 he\u00e7 bir \u00f6lk\u0259 \u00f6z maraqlar\u0131n\u0131 qoyub Az\u0259rbaycan\u0131n maraqlar\u0131na xidm\u0259t etm\u0259y\u0259c\u0259k. Ona g\u00f6r\u0259 d\u0259, t\u0259biidir ki, bizim probleml\u0259rimiz\u0259 bizd\u0259n ba\u015fqa he\u00e7 kim can\u0131yanal\u0131qla yana\u015fmayacaq. Hesab edir\u0259m ki, bu, Az\u0259rbaycan Prezidentinin c\u0259miyy\u0259t\u0259 verdiyi mesajd\u0131r\u201d.<br \/>\n<img class=\"imgbcodecent\" src=\"https:\/\/upload.az\/foto\/arxiv\/222_61574927245.jpg\" alt=\"Prezidentin q\u0259tiyy\u0259tli \u00e7\u0131x\u0131\u015f\u0131na s\u00f6zard\u0131... - R\u018fYL\u018fR\" \/><\/p>\n<p>&#8220;Q\u0259rbin \u0259sas ideologiyas\u0131 bazar iqtisadiyyat\u0131d\u0131r \u2013 m\u0259nf\u0259\u0259tdir&#8221;<\/p>\n<p>M\u0259rasimd\u0259 Az\u0259rbaycan\u0131n ya\u015fad\u0131\u011f\u0131 a\u011f\u0131r d\u00f6vrl\u0259rd\u0259n s\u00f6z a\u00e7an d\u00f6vl\u0259t ba\u015f\u00e7\u0131s\u0131 bildirib ki, o zaman he\u00e7 kim Az\u0259rbaycana kredit verm\u0259k ist\u0259m\u0259yib: \u201cBu g\u00fcn b\u0259zi hallarda b\u0259zi xarici dair\u0259l\u0259rd\u0259n e\u015fidirik ki, biz Az\u0259rbaycana k\u00f6m\u0259k etm\u0259k ist\u0259yirik, biz Az\u0259rbaycan\u0131 bel\u0259 inki\u015faf etmi\u015f \u00f6lk\u0259 kimi g\u00f6rm\u0259k ist\u0259yirik. Ham\u0131s\u0131 yaland\u0131r. M\u0259n tam s\u0259mimiyy\u0259tl\u0259 deyir\u0259m. Bizim \u0259n a\u011f\u0131r g\u00fcnl\u0259rimizd\u0259 x\u0259zin\u0259 bo\u015f idi, Xalq C\u0259bh\u0259si-M\u00fcsavat c\u00fctl\u00fcy\u00fc talam\u0131\u015fd\u0131, l\u0259l-cavahirat fondunu talam\u0131\u015fd\u0131. \u0130nsanlar \u00f6z ax\u0131r\u0131nc\u0131 q\u0131z\u0131l \u0259\u015fyalar\u0131n\u0131 apar\u0131rd\u0131lar ki, ordumuza k\u00f6m\u0259k etsinl\u0259r. O vaxt prezident, d\u00f6vl\u0259t katibi, ba\u015f nazir o l\u0259l-cavahirat fondunu talan etmi\u015fl\u0259r. \u0130ndi onun izi-tozu da qalmay\u0131b. O vaxt x\u0259zin\u0259 bo\u015f olanda, biz kreditl\u0259r \u00fc\u00e7\u00fcn m\u00fcraci\u0259t ed\u0259nd\u0259 he\u00e7 kim biz\u0259 kredit vermirdi. Yax\u015f\u0131, \u0259g\u0259r siz Az\u0259rbaycan\u0131 bu q\u0259d\u0259r sevirsinizs\u0259, n\u0259 \u00fc\u00e7\u00fcn o vaxt biz\u0259 k\u00f6m\u0259k etm\u0259misiniz?! N\u0259 \u00fc\u00e7\u00fcn a\u011f\u0131r v\u0259ziyy\u0259td\u0259 olan \u00f6lk\u0259y\u0259 k\u00f6m\u0259k etm\u0259misiniz?! \u0130ndi s\u0131ra il\u0259 d\u00fcz\u00fcl\u00fcbl\u0259r biz\u0259 kredit verm\u0259k ist\u0259y\u0259nl\u0259r. Biz alm\u0131r\u0131q. Biz \u00f6z\u00fcm\u00fcz kredit veririk. Bizim xarici d\u00f6vl\u0259t borcumuz \u00fcmumi daxili m\u0259hsulun 17 faizini t\u0259\u015fkil edir. Bu g\u00f6st\u0259riciy\u0259 g\u00f6r\u0259 biz d\u00fcnyada doqquzuncu yerd\u0259yik. \u0130ndi ist\u0259nil\u0259n m\u0259bl\u0259\u011fd\u0259 &#8211; bax, sabah 10 milyard dollar laz\u0131m olsa, alar\u0131q. Alm\u0131r\u0131q, qoymuram. Borcu yen\u0259 d\u0259 endirir\u0259m. Ona g\u00f6r\u0259 kims\u0259 dey\u0259nd\u0259 ki, biz Az\u0259rbaycan\u0131n yax\u015f\u0131l\u0131\u011f\u0131n\u0131 ist\u0259yirik, inanmay\u0131n, g\u0259ncl\u0259r d\u0259 inanmas\u0131nlar. Bizd\u0259n \u00e7ox bizi ist\u0259y\u0259n he\u00e7 vaxt olmay\u0131b v\u0259 olmayacaq\u201d.<\/p>\n<p>\u0130qtisad\u00e7\u0131 ekspert \u018fkr\u0259m H\u0259s\u0259nov:<\/p>\n<p>&#8220;90-c\u0131 ill\u0259rin \u0259vv\u0259ll\u0259rind\u0259 xarici \u00f6lk\u0259l\u0259rin Az\u0259rbaycan r\u0259hb\u0259rliyin\u0259 etimad\u0131 olmad\u0131\u011f\u0131ndan biz\u0259 kredit vermirdil\u0259r&#8221;.<\/p>\n<p>\u0130qtisad\u00e7\u0131 ekspert \u018fkr\u0259m H\u0259s\u0259nov \u201cReport\u201da a\u00e7\u0131qlamas\u0131nda bildirib ki, Az\u0259rbaycan\u0131n \u00f6t\u0259n \u0259srin 90-c\u0131 ill\u0259rinin \u0259vv\u0259ll\u0259rind\u0259 h\u0259m siyasi, h\u0259m iqtisadi, h\u0259m d\u0259 h\u0259rbi sah\u0259d\u0259 v\u0259ziyy\u0259ti \u00e7ox a\u011f\u0131r idi: \u201cM\u00fcharib\u0259 \u015f\u0259raiti h\u00f6km s\u00fcr\u00fcrd\u00fc. Eyni zamanda, \u00f6lk\u0259d\u0259 iqtidar g\u00fccl\u00fc deyildi. \u0130st\u0259r Ayaz M\u00fct\u0259llibov iqtidar\u0131 olsun, ist\u0259rs\u0259 d\u0259 \u018fb\u00fclf\u0259z El\u00e7ib\u0259y iqtidar\u0131 olsun \u2013 he\u00e7 biri g\u00fccl\u00fc deyildi. T\u0259bii ki, El\u00e7ib\u0259y iqtidar\u0131n\u0131n bir s\u0131ra m\u00fcsb\u0259t add\u0131mlar\u0131 olub. Amma, \u00fcmumilikd\u0259, bir iqtidar kimi g\u00fcc\u00fc v\u0259 idar\u0259etm\u0259 qabiliyy\u0259ti yox idi. Buna g\u00f6r\u0259 d\u0259 iqtisadiyyat\u0131 inki\u015faf etdirm\u0259k \u00e7\u0259tin idi v\u0259 xaricd\u0259n d\u0259 m\u0259hz buna g\u00f6r\u0259 kredit vermirdil\u0259r. Eyni zamanda, krediti h\u0259m d\u0259 ona g\u00f6r\u0259 vermirdil\u0259r ki, onlar\u0131n Az\u0259rbaycan r\u0259hb\u0259rliyin\u0259 etimad\u0131 yox idi. Amma art\u0131q Heyd\u0259r \u018fliyev g\u0259l\u0259nd\u0259n sonra h\u0259m iqtidar\u0131 m\u00f6hk\u0259ml\u0259ndirdi, h\u0259m d\u0259 iqtisadiyyat\u0131 g\u00fccl\u0259ndirm\u0259y\u0259 ba\u015flad\u0131. Yaln\u0131z bundan sonra kreditl\u0259r almaq m\u00fcmk\u00fcn oldu. Dan\u0131lmaz faktd\u0131r ki, ondan sonra d\u00f6vl\u0259timiz inki\u015faf etm\u0259y\u0259 ba\u015flad\u0131. Bu g\u00fcn is\u0259 Az\u0259rbaycan xaricd\u0259 investisiyalar qoyur v\u0259 kreditl\u0259r d\u0259 verir. Hesab edir\u0259m ki, 2005-2015-ci ill\u0259r Az\u0259rbaycan xalq\u0131n\u0131n &#8220;q\u0131z\u0131l on illiyi&#8221; idi. Y\u0259ni he\u00e7 vaxt xalq\u0131m\u0131z bel\u0259 yax\u015f\u0131 ya\u015famam\u0131\u015fd\u0131. T\u0259bii ki, bu ill\u0259r \u0259rzind\u0259 m\u0259nfi hadis\u0259l\u0259r d\u0259 olub. Amma bu tarix xalq\u0131n rifah\u0131 namin\u0259 \u0259n yax\u015f\u0131 d\u00f6n\u0259m kimi olub. &#8220;M\u0259g\u0259r bizi bizd\u0259n \u00e7ox sev\u0259n, ist\u0259y\u0259n varm\u0131? Bizd\u0259n \u00e7ox bizi ist\u0259y\u0259n he\u00e7 vaxt olmay\u0131b v\u0259 olmayacaq\u201d fikri il\u0259 tam raz\u0131yam. B\u0259zil\u0259ri deyir ki, guya biz\u0259 \u0259n \u00e7ox k\u00f6m\u0259k ed\u0259nl\u0259r Q\u0259rb v\u0259 Avropad\u0131r. Y\u0259ni sponsorluq edirl\u0259r v\u0259 qrantlar verirl\u0259r. Sanki bununla da bizi ham\u0131dan \u00e7ox ist\u0259dikl\u0259rini etiraf edirdil\u0259r. Amma h\u0259min o Q\u0259rbin \u0259sas ideologiyas\u0131 bazar iqtisadiyyat\u0131d\u0131r \u2013 m\u0259nf\u0259\u0259tdir. Dem\u0259li, onlar\u0131n m\u0259nf\u0259\u0259tl\u0259ri olmasa Az\u0259rbaycanda kiml\u0259r\u0259s\u0259 pul ver\u0259rmi? \u018flb\u0259tt\u0259 yox. Bunu sad\u0259c\u0259 ba\u015fa d\u00fc\u015fm\u0259k laz\u0131md\u0131r. Kim ki, biz\u0259 k\u00f6m\u0259k edirs\u0259, \u00f6z maraqlar\u0131 namin\u0259 edir. Onlar burada \u00f6z siyas\u0259tl\u0259rini h\u0259yata ke\u00e7irm\u0259k ist\u0259yirl\u0259r. Ona g\u00f6r\u0259 d\u0259 c\u0259nab Prezidentin bu fikirl\u0259ri tam haql\u0131 fikirl\u0259rdir. Ona g\u00f6r\u0259 d\u0259 Az\u0259rbaycan xalq\u0131 bu m\u0259s\u0259l\u0259l\u0259rd\u0259 bir olmal\u0131d\u0131r\u201d.<\/p>\n","protected":false},"excerpt":{"rendered":"<p>Prezident \u0130lham \u018fliyevin Bak\u0131 D\u00f6vl\u0259t Universitetinin (BDU) 100 illik yubileyi m\u00fcnasib\u0259til\u0259 ke\u00e7iril\u0259n m\u0259rasimd\u0259 q\u0259tiyy\u0259tli \u00e7\u0131x\u0131\u015f\u0131 c\u0259miyy\u0259tin b\u00f6y\u00fck mara\u011f\u0131na s\u0259b\u0259b oldu. D\u00f6vl\u0259t ba\u015f\u00e7\u0131s\u0131 45 d\u0259qiq\u0259lik \u00e7\u0131x\u0131\u015f\u0131nda bu d\u0259f\u0259 d\u0259 tarixi faktlara \u0259saslanaraq Az\u0259rbaycan\u0131n hans\u0131 a\u011f\u0131r d\u00f6vrl\u0259ri ke\u00e7\u0259r\u0259k m\u00fcst\u0259qilliyin\u0259 qovu\u015fmas\u0131ndan, m\u00fcasir, inki\u015faf etmi\u015f bir \u00f6lk\u0259y\u0259 nec\u0259 \u00e7evrilm\u0259sind\u0259n dan\u0131\u015fd\u0131. Prezidentin \u201cM\u0259g\u0259r bizi bizd\u0259n \u00e7ox sev\u0259n, ist\u0259y\u0259n varm\u0131? Bizd\u0259n \u00e7ox bizi ist\u0259y\u0259n he\u00e7 vaxt olmay\u0131b v\u0259 olmayacaq\u201d fikri \u00f6lk\u0259 ictimaiyy\u0259tind\u0259 b\u00f6y\u00fck r\u0259\u011fb\u0259tl\u0259 qar\u015f\u0131lan\u0131b. Az\u0259rbaycan Prezidentinin bu fikri, x\u00fcsus\u0259n, g\u0259ncl\u0259rin mara\u011f\u0131na s\u0259b\u0259b olub. Eyni zamanda, bu fikir Az\u0259rbaycan\u0131n d\u00fcnyada \u00f6z s\u00f6z\u00fcn\u00fc dem\u0259y\u0259 qadir olan bir&hellip;<\/p>\n","protected":false},"author":2,"featured_media":101641,"comment_status":"closed","ping_status":"closed","sticky":false,"template":"","format":"standard","meta":{"om_disable_all_campaigns":false,"_monsterinsights_skip_tracking":false,"_monsterinsights_sitenote_active":false,"_monsterinsights_sitenote_note":"","_monsterinsights_sitenote_category":0},"categories":[4],"tags":[],"aioseo_notices":[],"gutentor_comment":0,"rttpg_featured_image_url":{"full":["https:\/\/arantv.az\/wp-content\/uploads\/2019\/11\/5d8cf7d3-8813-4243-8088-668de93b17f4.jpg",649,492,false],"landscape":["https:\/\/arantv.az\/wp-content\/uploads\/2019\/11\/5d8cf7d3-8813-4243-8088-668de93b17f4.jpg",649,492,false],"portraits":["https:\/\/arantv.az\/wp-content\/uploads\/2019\/11\/5d8cf7d3-8813-4243-8088-668de93b17f4.jpg",649,492,false],"thumbnail":["https:\/\/arantv.az\/wp-content\/uploads\/2019\/11\/5d8cf7d3-8813-4243-8088-668de93b17f4-150x150.jpg",150,150,true],"medium":["https:\/\/arantv.az\/wp-content\/uploads\/2019\/11\/5d8cf7d3-8813-4243-8088-668de93b17f4-300x227.jpg",300,227,true],"large":["https:\/\/arantv.az\/wp-content\/uploads\/2019\/11\/5d8cf7d3-8813-4243-8088-668de93b17f4.jpg",640,485,false],"1536x1536":["https:\/\/arantv.az\/wp-content\/uploads\/2019\/11\/5d8cf7d3-8813-4243-8088-668de93b17f4.jpg",649,492,false],"2048x2048":["https:\/\/arantv.az\/wp-content\/uploads\/2019\/11\/5d8cf7d3-8813-4243-8088-668de93b17f4.jpg",649,492,false],"post-thumbnail":["https:\/\/arantv.az\/wp-content\/uploads\/2019\/11\/5d8cf7d3-8813-4243-8088-668de93b17f4-240x172.jpg",240,172,true],"advps-thumb-one":["https:\/\/arantv.az\/wp-content\/uploads\/2019\/11\/5d8cf7d3-8813-4243-8088-668de93b17f4.jpg",649,492,false]},"rttpg_author":{"display_name":"V\u00fcsal Rafiqo\u011flu","author_link":"https:\/\/arantv.az\/?author=2"},"rttpg_comment":0,"rttpg_category":"<a href=\"https:\/\/arantv.az\/?cat=4\" rel=\"category\">Siyas\u0259t<\/a>","rttpg_excerpt":"Prezident \u0130lham \u018fliyevin Bak\u0131 D\u00f6vl\u0259t Universitetinin (BDU) 100 illik yubileyi m\u00fcnasib\u0259til\u0259 ke\u00e7iril\u0259n m\u0259rasimd\u0259 q\u0259tiyy\u0259tli \u00e7\u0131x\u0131\u015f\u0131 c\u0259miyy\u0259tin b\u00f6y\u00fck mara\u011f\u0131na s\u0259b\u0259b oldu. D\u00f6vl\u0259t ba\u015f\u00e7\u0131s\u0131 45 d\u0259qiq\u0259lik \u00e7\u0131x\u0131\u015f\u0131nda bu d\u0259f\u0259 d\u0259 tarixi faktlara \u0259saslanaraq Az\u0259rbaycan\u0131n hans\u0131 a\u011f\u0131r d\u00f6vrl\u0259ri ke\u00e7\u0259r\u0259k m\u00fcst\u0259qilliyin\u0259 qovu\u015fmas\u0131ndan, m\u00fcasir, inki\u015faf etmi\u015f bir \u00f6lk\u0259y\u0259 nec\u0259 \u00e7evrilm\u0259sind\u0259n dan\u0131\u015fd\u0131. Prezidentin \u201cM\u0259g\u0259r bizi bizd\u0259n \u00e7ox sev\u0259n, ist\u0259y\u0259n varm\u0131? Bizd\u0259n&hellip;","_links":{"self":[{"href":"https:\/\/arantv.az\/index.php?rest_route=\/wp\/v2\/posts\/101640"}],"collection":[{"href":"https:\/\/arantv.az\/index.php?rest_route=\/wp\/v2\/posts"}],"about":[{"href":"https:\/\/arantv.az\/index.php?rest_route=\/wp\/v2\/types\/post"}],"author":[{"embeddable":true,"href":"https:\/\/arantv.az\/index.php?rest_route=\/wp\/v2\/users\/2"}],"replies":[{"embeddable":true,"href":"https:\/\/arantv.az\/index.php?rest_route=%2Fwp%2Fv2%2Fcomments&post=101640"}],"version-history":[{"count":0,"href":"https:\/\/arantv.az\/index.php?rest_route=\/wp\/v2\/posts\/101640\/revisions"}],"wp:featuredmedia":[{"embeddable":true,"href":"https:\/\/arantv.az\/index.php?rest_route=\/wp\/v2\/media\/101641"}],"wp:attachment":[{"href":"https:\/\/arantv.az\/index.php?rest_route=%2Fwp%2Fv2%2Fmedia&parent=101640"}],"wp:term":[{"taxonomy":"category","embeddable":true,"href":"https:\/\/arantv.az\/index.php?rest_route=%2Fwp%2Fv2%2Fcategories&post=101640"},{"taxonomy":"post_tag","embeddable":true,"href":"https:\/\/arantv.az\/index.php?rest_route=%2Fwp%2Fv2%2Ftags&post=101640"}],"curies":[{"name":"wp","href":"https:\/\/api.w.org\/{rel}","templated":true}]}}