{"id":101658,"date":"2019-11-28T11:33:53","date_gmt":"2019-11-28T08:33:53","guid":{"rendered":"http:\/\/arantv.az\/?p=101658"},"modified":"2019-11-28T11:33:53","modified_gmt":"2019-11-28T08:33:53","slug":"almaniyadan-300-n%c9%99f%c9%99r-az%c9%99rbaycan-v%c9%99t%c9%99ndasi-deportasiya-edilib","status":"publish","type":"post","link":"https:\/\/arantv.az\/?p=101658","title":{"rendered":"Almaniyadan 300 n\u0259f\u0259r Az\u0259rbaycan v\u0259t\u0259nda\u015f\u0131 deportasiya edilib"},"content":{"rendered":"<p><strong>Almaniyan\u0131n Bavariya \u0259yal\u0259tind\u0259n deportasiya edil\u0259n Az\u0259rbaycan v\u0259t\u0259nda\u015flar\u0131n\u0131n say\u0131 300-\u0259 \u00e7at\u0131b.<\/strong><\/p>\n<p><strong>ARANTV.AZ<\/strong>\u00a0<a href=\"https:\/\/az.trend.az\/\" target=\"_blank\" rel=\"noopener\">Trend<\/a>-\u0259 istinad\u0259n x\u0259b\u0259r verir ki, son iki h\u0259ft\u0259 \u0259rzind\u0259 s\u00f6z\u00fcged\u0259n \u0259yal\u0259td\u0259n iki t\u0259yyar\u0259 reysi il\u0259 Az\u0259rbaycana g\u00f6nd\u0259ril\u0259nl\u0259r s\u0131\u011f\u0131nacaq ist\u0259yi r\u0259dd edil\u0259nl\u0259r, bar\u0259l\u0259rind\u0259 m\u0259hk\u0259m\u0259 q\u0259rar\u0131 olanlar, eyni zamanda uzun ill\u0259rdir Almaniyada qanunsuz v\u0259 kimlik m\u0259lumatlar\u0131n\u0131 d\u00fcz t\u0259qdim etm\u0259y\u0259nl\u0259r olublar.<\/p>\n<p>Bavariyada az\u0259rbaycanl\u0131lar\u0131n m\u0259nzill\u0259rin\u0259 ged\u0259n polis v\u0259 miqrasiya xidm\u0259tinin \u0259m\u0259kda\u015flar\u0131 gec\u0259 saatlar\u0131nda onlar\u0131 M\u00fcnhen hava liman\u0131na apar\u0131blar.<\/p>\n<p>Qeyd ed\u0259k ki, deport olunan az\u0259rbaycanl\u0131lar\u0131n \u0259ks\u0259riyy\u0259ti 3-4 n\u0259f\u0259rlik ail\u0259l\u0259rd\u0259n ibar\u0259tdirl\u0259r.<\/p>\n<p>Onlar\u0131n aras\u0131nda k\u00f6n\u00fcll\u00fc \u015f\u0259kild\u0259 Az\u0259rbaycana qay\u0131tmaq ist\u0259y\u0259nl\u0259r d\u0259 olub. H\u0259min \u015f\u0259xsl\u0259r Beyn\u0259lxalq Miqrasiya T\u0259\u015fkilat\u0131n\u0131n (BMqT) \u0259m\u0259kda\u015flar\u0131n\u0131n m\u00fc\u015fayi\u0259ti il\u0259 hava liman\u0131na g\u0259tirilibl\u0259r.<\/p>\n<p>Xat\u0131rladaq ki, noyabr\u0131n 14-d\u0259 Almaniyada icaz\u0259siz ya\u015fayan 61 Az\u0259rbaycan v\u0259t\u0259nda\u015f\u0131 \u00f6lk\u0259y\u0259 qaytar\u0131l\u0131b. Onlardan 22 n\u0259f\u0259ri ki\u015fi, 18 n\u0259f\u0259ri qad\u0131n, 21 n\u0259f\u0259ri u\u015faq olub.<\/p>\n","protected":false},"excerpt":{"rendered":"<p>Almaniyan\u0131n Bavariya \u0259yal\u0259tind\u0259n deportasiya edil\u0259n Az\u0259rbaycan v\u0259t\u0259nda\u015flar\u0131n\u0131n say\u0131 300-\u0259 \u00e7at\u0131b. ARANTV.AZ\u00a0Trend-\u0259 istinad\u0259n x\u0259b\u0259r verir ki, son iki h\u0259ft\u0259 \u0259rzind\u0259 s\u00f6z\u00fcged\u0259n \u0259yal\u0259td\u0259n iki t\u0259yyar\u0259 reysi il\u0259 Az\u0259rbaycana g\u00f6nd\u0259ril\u0259nl\u0259r s\u0131\u011f\u0131nacaq ist\u0259yi r\u0259dd edil\u0259nl\u0259r, bar\u0259l\u0259rind\u0259 m\u0259hk\u0259m\u0259 q\u0259rar\u0131 olanlar, eyni zamanda uzun ill\u0259rdir Almaniyada qanunsuz v\u0259 kimlik m\u0259lumatlar\u0131n\u0131 d\u00fcz t\u0259qdim etm\u0259y\u0259nl\u0259r olublar. Bavariyada az\u0259rbaycanl\u0131lar\u0131n m\u0259nzill\u0259rin\u0259 ged\u0259n polis v\u0259 miqrasiya xidm\u0259tinin \u0259m\u0259kda\u015flar\u0131 gec\u0259 saatlar\u0131nda onlar\u0131 M\u00fcnhen hava liman\u0131na apar\u0131blar. Qeyd ed\u0259k ki, deport olunan az\u0259rbaycanl\u0131lar\u0131n \u0259ks\u0259riyy\u0259ti 3-4 n\u0259f\u0259rlik ail\u0259l\u0259rd\u0259n ibar\u0259tdirl\u0259r. Onlar\u0131n aras\u0131nda k\u00f6n\u00fcll\u00fc \u015f\u0259kild\u0259 Az\u0259rbaycana qay\u0131tmaq ist\u0259y\u0259nl\u0259r d\u0259 olub. H\u0259min \u015f\u0259xsl\u0259r Beyn\u0259lxalq Miqrasiya T\u0259\u015fkilat\u0131n\u0131n (BMqT)&hellip;<\/p>\n","protected":false},"author":2,"featured_media":101659,"comment_status":"closed","ping_status":"closed","sticky":false,"template":"","format":"standard","meta":{"om_disable_all_campaigns":false,"_monsterinsights_skip_tracking":false,"_monsterinsights_sitenote_active":false,"_monsterinsights_sitenote_note":"","_monsterinsights_sitenote_category":0},"categories":[4],"tags":[],"aioseo_notices":[],"gutentor_comment":0,"rttpg_featured_image_url":{"full":["https:\/\/arantv.az\/wp-content\/uploads\/2019\/11\/802404_000.jpg",800,600,false],"landscape":["https:\/\/arantv.az\/wp-content\/uploads\/2019\/11\/802404_000.jpg",800,600,false],"portraits":["https:\/\/arantv.az\/wp-content\/uploads\/2019\/11\/802404_000.jpg",800,600,false],"thumbnail":["https:\/\/arantv.az\/wp-content\/uploads\/2019\/11\/802404_000-150x150.jpg",150,150,true],"medium":["https:\/\/arantv.az\/wp-content\/uploads\/2019\/11\/802404_000-300x225.jpg",300,225,true],"large":["https:\/\/arantv.az\/wp-content\/uploads\/2019\/11\/802404_000.jpg",640,480,false],"1536x1536":["https:\/\/arantv.az\/wp-content\/uploads\/2019\/11\/802404_000.jpg",800,600,false],"2048x2048":["https:\/\/arantv.az\/wp-content\/uploads\/2019\/11\/802404_000.jpg",800,600,false],"post-thumbnail":["https:\/\/arantv.az\/wp-content\/uploads\/2019\/11\/802404_000-240x172.jpg",240,172,true],"advps-thumb-one":["https:\/\/arantv.az\/wp-content\/uploads\/2019\/11\/802404_000.jpg",800,600,false]},"rttpg_author":{"display_name":"V\u00fcsal Rafiqo\u011flu","author_link":"https:\/\/arantv.az\/?author=2"},"rttpg_comment":0,"rttpg_category":"<a href=\"https:\/\/arantv.az\/?cat=4\" rel=\"category\">Siyas\u0259t<\/a>","rttpg_excerpt":"Almaniyan\u0131n Bavariya \u0259yal\u0259tind\u0259n deportasiya edil\u0259n Az\u0259rbaycan v\u0259t\u0259nda\u015flar\u0131n\u0131n say\u0131 300-\u0259 \u00e7at\u0131b. ARANTV.AZ\u00a0Trend-\u0259 istinad\u0259n x\u0259b\u0259r verir ki, son iki h\u0259ft\u0259 \u0259rzind\u0259 s\u00f6z\u00fcged\u0259n \u0259yal\u0259td\u0259n iki t\u0259yyar\u0259 reysi il\u0259 Az\u0259rbaycana g\u00f6nd\u0259ril\u0259nl\u0259r s\u0131\u011f\u0131nacaq ist\u0259yi r\u0259dd edil\u0259nl\u0259r, bar\u0259l\u0259rind\u0259 m\u0259hk\u0259m\u0259 q\u0259rar\u0131 olanlar, eyni zamanda uzun ill\u0259rdir Almaniyada qanunsuz v\u0259 kimlik m\u0259lumatlar\u0131n\u0131 d\u00fcz t\u0259qdim etm\u0259y\u0259nl\u0259r olublar. Bavariyada az\u0259rbaycanl\u0131lar\u0131n m\u0259nzill\u0259rin\u0259 ged\u0259n polis v\u0259 miqrasiya&hellip;","_links":{"self":[{"href":"https:\/\/arantv.az\/index.php?rest_route=\/wp\/v2\/posts\/101658"}],"collection":[{"href":"https:\/\/arantv.az\/index.php?rest_route=\/wp\/v2\/posts"}],"about":[{"href":"https:\/\/arantv.az\/index.php?rest_route=\/wp\/v2\/types\/post"}],"author":[{"embeddable":true,"href":"https:\/\/arantv.az\/index.php?rest_route=\/wp\/v2\/users\/2"}],"replies":[{"embeddable":true,"href":"https:\/\/arantv.az\/index.php?rest_route=%2Fwp%2Fv2%2Fcomments&post=101658"}],"version-history":[{"count":0,"href":"https:\/\/arantv.az\/index.php?rest_route=\/wp\/v2\/posts\/101658\/revisions"}],"wp:featuredmedia":[{"embeddable":true,"href":"https:\/\/arantv.az\/index.php?rest_route=\/wp\/v2\/media\/101659"}],"wp:attachment":[{"href":"https:\/\/arantv.az\/index.php?rest_route=%2Fwp%2Fv2%2Fmedia&parent=101658"}],"wp:term":[{"taxonomy":"category","embeddable":true,"href":"https:\/\/arantv.az\/index.php?rest_route=%2Fwp%2Fv2%2Fcategories&post=101658"},{"taxonomy":"post_tag","embeddable":true,"href":"https:\/\/arantv.az\/index.php?rest_route=%2Fwp%2Fv2%2Ftags&post=101658"}],"curies":[{"name":"wp","href":"https:\/\/api.w.org\/{rel}","templated":true}]}}