{"id":101662,"date":"2019-11-28T11:41:21","date_gmt":"2019-11-28T08:41:21","guid":{"rendered":"http:\/\/arantv.az\/?p=101662"},"modified":"2019-11-28T11:41:21","modified_gmt":"2019-11-28T08:41:21","slug":"novruz-m%c9%99mm%c9%99dovun-yeni-isind%c9%99-ilk-cixisi","status":"publish","type":"post","link":"https:\/\/arantv.az\/?p=101662","title":{"rendered":"Novruz M\u0259mm\u0259dovun yeni i\u015find\u0259 ilk \u00e7\u0131x\u0131\u015f\u0131"},"content":{"rendered":"<p>Az\u0259rbaycan Dill\u0259r Universitetind\u0259 Beyn\u0259lxalq frans\u0131z dili m\u00fc\u0259lliml\u0259rinin pe\u015f\u0259 g\u00fcn\u00fcn\u0259 h\u0259sr olunan t\u0259dbir ke\u00e7irilib.<\/p>\n<p><b>ARANTV.AZ\u00a0<\/b>\u00a0apa-ya istinad\u0259n m\u0259lumat verir ki, t\u0259dbird\u0259 \u00e7\u0131x\u0131\u015f ed\u0259n Universitetin prorektoru Novruz M\u0259mm\u0259dov bildirib ki, Az\u0259rbaycan Dill\u0259r Universiteti frans\u0131z dili m\u00fct\u0259x\u0259ssisl\u0259rinin, m\u00fc\u0259lliml\u0259rinin formala\u015fmas\u0131nda \u0259sas rol oynay\u0131r:<\/p>\n<p>&#8220;ADU-da frans\u0131z dilinin t\u0259drisinin \u00e7ox d\u0259rin tarixi var. Az\u0259rbaycanda frans\u0131z dilinin t\u0259drisin\u0259 \u00f6t\u0259n \u0259srin 20-ci ill\u0259rind\u0259n xarici dill\u0259r fak\u00fclt\u0259si formas\u0131nda ba\u015flan\u0131l\u0131b&#8221;.<\/p>\n<p>N. M\u0259mm\u0259dov bildirib ki, frans\u0131z dili bu g\u00fcn d\u0259 g\u0259ncl\u0259rin diqq\u0259tini c\u0259lb etm\u0259kd\u0259dir:<br \/>\n&#8220;Frans\u0131z dili m\u0259d\u0259niyy\u0259t, \u015feir, poeziya, t\u0259hsil dilidir. Az\u0259rbaycan Dill\u0259r Universitetind\u0259 bu dil\u0259 b\u00f6y\u00fck maraq var. Universitetin m\u00fct\u0259x\u0259ssisl\u0259ri, m\u0259zunlar\u0131 Az\u0259rbaycan\u0131n idar\u0259l\u0259rind\u0259, m\u00fcxt\u0259lif ali v\u0259 orta t\u0259hsil m\u00fc\u0259ssis\u0259l\u0259rind\u0259 \u00e7al\u0131\u015f\u0131rlar&#8221;.<\/p>\n<p>Prorektor bildirib ki, bu g\u00fcn 1 milyona yax\u0131n m\u00fc\u0259llim frans\u0131z dilini t\u0259dris edir:<\/p>\n<p>&#8220;Az\u0259rbaycanda is\u0259 450-y\u0259 yax\u0131n frans\u0131z dili m\u00fc\u0259llimi var. Az\u0259rbaycan Dill\u0259r Universitetind\u0259 50-d\u0259n \u00e7ox frans\u0131z dili m\u00fc\u0259llimi var v\u0259 500-d\u0259n \u00e7ox t\u0259l\u0259b\u0259 bu dili \u00f6yr\u0259nm\u0259kdir. Universitetl\u0259rin \u0259sas rolu t\u0259drisl\u0259 yana\u015f\u0131 t\u0259l\u0259b\u0259l\u0259rin yarad\u0131c\u0131l\u0131q x\u00fcsusiyy\u0259tl\u0259rini inki\u015faf etdirm\u0259kdir. Bu m\u0259nada ADU da yeni n\u0259slin formala\u015fmas\u0131nda m\u00fct\u0259x\u0259ssisl\u0259r yeti\u015fdirm\u0259k \u00fc\u00e7\u00fcn \u00e7al\u0131\u015f\u0131r&#8221;.<\/p>\n","protected":false},"excerpt":{"rendered":"<p>Az\u0259rbaycan Dill\u0259r Universitetind\u0259 Beyn\u0259lxalq frans\u0131z dili m\u00fc\u0259lliml\u0259rinin pe\u015f\u0259 g\u00fcn\u00fcn\u0259 h\u0259sr olunan t\u0259dbir ke\u00e7irilib. ARANTV.AZ\u00a0\u00a0apa-ya istinad\u0259n m\u0259lumat verir ki, t\u0259dbird\u0259 \u00e7\u0131x\u0131\u015f ed\u0259n Universitetin prorektoru Novruz M\u0259mm\u0259dov bildirib ki, Az\u0259rbaycan Dill\u0259r Universiteti frans\u0131z dili m\u00fct\u0259x\u0259ssisl\u0259rinin, m\u00fc\u0259lliml\u0259rinin formala\u015fmas\u0131nda \u0259sas rol oynay\u0131r: &#8220;ADU-da frans\u0131z dilinin t\u0259drisinin \u00e7ox d\u0259rin tarixi var. Az\u0259rbaycanda frans\u0131z dilinin t\u0259drisin\u0259 \u00f6t\u0259n \u0259srin 20-ci ill\u0259rind\u0259n xarici dill\u0259r fak\u00fclt\u0259si formas\u0131nda ba\u015flan\u0131l\u0131b&#8221;. N. M\u0259mm\u0259dov bildirib ki, frans\u0131z dili bu g\u00fcn d\u0259 g\u0259ncl\u0259rin diqq\u0259tini c\u0259lb etm\u0259kd\u0259dir: &#8220;Frans\u0131z dili m\u0259d\u0259niyy\u0259t, \u015feir, poeziya, t\u0259hsil dilidir. Az\u0259rbaycan Dill\u0259r Universitetind\u0259 bu dil\u0259 b\u00f6y\u00fck maraq var. Universitetin m\u00fct\u0259x\u0259ssisl\u0259ri, m\u0259zunlar\u0131&hellip;<\/p>\n","protected":false},"author":2,"featured_media":101663,"comment_status":"closed","ping_status":"closed","sticky":false,"template":"","format":"standard","meta":{"om_disable_all_campaigns":false,"_monsterinsights_skip_tracking":false,"_monsterinsights_sitenote_active":false,"_monsterinsights_sitenote_note":"","_monsterinsights_sitenote_category":0},"categories":[1],"tags":[],"aioseo_notices":[],"gutentor_comment":0,"rttpg_featured_image_url":{"full":["https:\/\/arantv.az\/wp-content\/uploads\/2019\/11\/1574929514.nov_.jpg",600,400,false],"landscape":["https:\/\/arantv.az\/wp-content\/uploads\/2019\/11\/1574929514.nov_.jpg",600,400,false],"portraits":["https:\/\/arantv.az\/wp-content\/uploads\/2019\/11\/1574929514.nov_.jpg",600,400,false],"thumbnail":["https:\/\/arantv.az\/wp-content\/uploads\/2019\/11\/1574929514.nov_-150x150.jpg",150,150,true],"medium":["https:\/\/arantv.az\/wp-content\/uploads\/2019\/11\/1574929514.nov_-300x200.jpg",300,200,true],"large":["https:\/\/arantv.az\/wp-content\/uploads\/2019\/11\/1574929514.nov_.jpg",600,400,false],"1536x1536":["https:\/\/arantv.az\/wp-content\/uploads\/2019\/11\/1574929514.nov_.jpg",600,400,false],"2048x2048":["https:\/\/arantv.az\/wp-content\/uploads\/2019\/11\/1574929514.nov_.jpg",600,400,false],"post-thumbnail":["https:\/\/arantv.az\/wp-content\/uploads\/2019\/11\/1574929514.nov_-240x172.jpg",240,172,true],"advps-thumb-one":["https:\/\/arantv.az\/wp-content\/uploads\/2019\/11\/1574929514.nov_.jpg",600,400,false]},"rttpg_author":{"display_name":"V\u00fcsal Rafiqo\u011flu","author_link":"https:\/\/arantv.az\/?author=2"},"rttpg_comment":0,"rttpg_category":"<a href=\"https:\/\/arantv.az\/?cat=1\" rel=\"category\">C\u0259miyy\u0259t<\/a>","rttpg_excerpt":"Az\u0259rbaycan Dill\u0259r Universitetind\u0259 Beyn\u0259lxalq frans\u0131z dili m\u00fc\u0259lliml\u0259rinin pe\u015f\u0259 g\u00fcn\u00fcn\u0259 h\u0259sr olunan t\u0259dbir ke\u00e7irilib. ARANTV.AZ\u00a0\u00a0apa-ya istinad\u0259n m\u0259lumat verir ki, t\u0259dbird\u0259 \u00e7\u0131x\u0131\u015f ed\u0259n Universitetin prorektoru Novruz M\u0259mm\u0259dov bildirib ki, Az\u0259rbaycan Dill\u0259r Universiteti frans\u0131z dili m\u00fct\u0259x\u0259ssisl\u0259rinin, m\u00fc\u0259lliml\u0259rinin formala\u015fmas\u0131nda \u0259sas rol oynay\u0131r: &#8220;ADU-da frans\u0131z dilinin t\u0259drisinin \u00e7ox d\u0259rin tarixi var. Az\u0259rbaycanda frans\u0131z dilinin t\u0259drisin\u0259 \u00f6t\u0259n \u0259srin 20-ci ill\u0259rind\u0259n xarici&hellip;","_links":{"self":[{"href":"https:\/\/arantv.az\/index.php?rest_route=\/wp\/v2\/posts\/101662"}],"collection":[{"href":"https:\/\/arantv.az\/index.php?rest_route=\/wp\/v2\/posts"}],"about":[{"href":"https:\/\/arantv.az\/index.php?rest_route=\/wp\/v2\/types\/post"}],"author":[{"embeddable":true,"href":"https:\/\/arantv.az\/index.php?rest_route=\/wp\/v2\/users\/2"}],"replies":[{"embeddable":true,"href":"https:\/\/arantv.az\/index.php?rest_route=%2Fwp%2Fv2%2Fcomments&post=101662"}],"version-history":[{"count":0,"href":"https:\/\/arantv.az\/index.php?rest_route=\/wp\/v2\/posts\/101662\/revisions"}],"wp:featuredmedia":[{"embeddable":true,"href":"https:\/\/arantv.az\/index.php?rest_route=\/wp\/v2\/media\/101663"}],"wp:attachment":[{"href":"https:\/\/arantv.az\/index.php?rest_route=%2Fwp%2Fv2%2Fmedia&parent=101662"}],"wp:term":[{"taxonomy":"category","embeddable":true,"href":"https:\/\/arantv.az\/index.php?rest_route=%2Fwp%2Fv2%2Fcategories&post=101662"},{"taxonomy":"post_tag","embeddable":true,"href":"https:\/\/arantv.az\/index.php?rest_route=%2Fwp%2Fv2%2Ftags&post=101662"}],"curies":[{"name":"wp","href":"https:\/\/api.w.org\/{rel}","templated":true}]}}