{"id":101670,"date":"2019-11-28T11:45:26","date_gmt":"2019-11-28T08:45:26","guid":{"rendered":"http:\/\/arantv.az\/?p=101670"},"modified":"2019-11-28T11:45:26","modified_gmt":"2019-11-28T08:45:26","slug":"milli-m%c9%99clis-buraxilir-iddia","status":"publish","type":"post","link":"https:\/\/arantv.az\/?p=101670","title":{"rendered":"Milli M\u0259clis burax\u0131l\u0131r? \u0130DD\u0130A"},"content":{"rendered":"<p>YAP-\u0131n siyasi \u015furas\u0131n\u0131n t\u0259cili iclas\u0131nda sensasion q\u0259rar q\u0259bul edilib.<\/p>\n<p><strong>ARANTV.AZ<\/strong> x\u0259b\u0259r verir ki, iclasda parlamentd\u0259ki \u00e7oxluq Milli M\u0259clisin burax\u0131lmas\u0131 il\u0259 ba\u011fl\u0131 q\u0259rar q\u0259bul edib.<\/p>\n<div><\/div>\n<p>Bu q\u0259rar m\u00f6vcud parlamentin d\u00f6vl\u0259t ba\u015f\u00e7\u0131s\u0131n\u0131n haz\u0131rda h\u0259yata ke\u00e7irdiyi siyas\u0259t\u0259 adekvat olmamas\u0131 v\u0259 son aylar \u00f6lk\u0259d\u0259 apar\u0131lan islahatlardan geri qalmas\u0131 il\u0259 \u0259sasland\u0131r\u0131l\u0131b.<\/p>\n<p>Yax\u0131n saatlarda YAP-\u0131n deputatlar\u0131n\u0131n birg\u0259 i\u015ftirak\u0131 il\u0259 iclas ke\u00e7iril\u0259c\u0259k.<\/p>\n<p>Sabah is\u0259 Milli M\u0259clisin iclas\u0131nda hakim partiyan\u0131 t\u0259msil ed\u0259n \u00e7oxluq bu bar\u0259d\u0259 m\u0259s\u0259l\u0259 qald\u0131racaq.<\/p>\n<p>\u00d6lk\u0259 Prezidentin\u0259 n\u00f6vb\u0259d\u0259nk\u0259nar se\u00e7kil\u0259rin t\u0259yin olunmas\u0131 il\u0259 ba\u011fl\u0131 m\u00fcraci\u0259t q\u0259bul olunacaq.&#8221;Qafqazinfo&#8221;<\/p>\n","protected":false},"excerpt":{"rendered":"<p>YAP-\u0131n siyasi \u015furas\u0131n\u0131n t\u0259cili iclas\u0131nda sensasion q\u0259rar q\u0259bul edilib. ARANTV.AZ x\u0259b\u0259r verir ki, iclasda parlamentd\u0259ki \u00e7oxluq Milli M\u0259clisin burax\u0131lmas\u0131 il\u0259 ba\u011fl\u0131 q\u0259rar q\u0259bul edib. Bu q\u0259rar m\u00f6vcud parlamentin d\u00f6vl\u0259t ba\u015f\u00e7\u0131s\u0131n\u0131n haz\u0131rda h\u0259yata ke\u00e7irdiyi siyas\u0259t\u0259 adekvat olmamas\u0131 v\u0259 son aylar \u00f6lk\u0259d\u0259 apar\u0131lan islahatlardan geri qalmas\u0131 il\u0259 \u0259sasland\u0131r\u0131l\u0131b. Yax\u0131n saatlarda YAP-\u0131n deputatlar\u0131n\u0131n birg\u0259 i\u015ftirak\u0131 il\u0259 iclas ke\u00e7iril\u0259c\u0259k. Sabah is\u0259 Milli M\u0259clisin iclas\u0131nda hakim partiyan\u0131 t\u0259msil ed\u0259n \u00e7oxluq bu bar\u0259d\u0259 m\u0259s\u0259l\u0259 qald\u0131racaq. \u00d6lk\u0259 Prezidentin\u0259 n\u00f6vb\u0259d\u0259nk\u0259nar se\u00e7kil\u0259rin t\u0259yin olunmas\u0131 il\u0259 ba\u011fl\u0131 m\u00fcraci\u0259t q\u0259bul olunacaq.&#8221;Qafqazinfo&#8221;<\/p>\n","protected":false},"author":2,"featured_media":101671,"comment_status":"closed","ping_status":"closed","sticky":false,"template":"","format":"standard","meta":{"om_disable_all_campaigns":false,"_monsterinsights_skip_tracking":false,"_monsterinsights_sitenote_active":false,"_monsterinsights_sitenote_note":"","_monsterinsights_sitenote_category":0},"categories":[1],"tags":[],"aioseo_notices":[],"gutentor_comment":0,"rttpg_featured_image_url":{"full":["https:\/\/arantv.az\/wp-content\/uploads\/2019\/11\/4cbefb90-2169-4461-b7a4-70b00aa3be52-2.jpg",549,366,false],"landscape":["https:\/\/arantv.az\/wp-content\/uploads\/2019\/11\/4cbefb90-2169-4461-b7a4-70b00aa3be52-2.jpg",549,366,false],"portraits":["https:\/\/arantv.az\/wp-content\/uploads\/2019\/11\/4cbefb90-2169-4461-b7a4-70b00aa3be52-2.jpg",549,366,false],"thumbnail":["https:\/\/arantv.az\/wp-content\/uploads\/2019\/11\/4cbefb90-2169-4461-b7a4-70b00aa3be52-2-150x150.jpg",150,150,true],"medium":["https:\/\/arantv.az\/wp-content\/uploads\/2019\/11\/4cbefb90-2169-4461-b7a4-70b00aa3be52-2-300x200.jpg",300,200,true],"large":["https:\/\/arantv.az\/wp-content\/uploads\/2019\/11\/4cbefb90-2169-4461-b7a4-70b00aa3be52-2.jpg",549,366,false],"1536x1536":["https:\/\/arantv.az\/wp-content\/uploads\/2019\/11\/4cbefb90-2169-4461-b7a4-70b00aa3be52-2.jpg",549,366,false],"2048x2048":["https:\/\/arantv.az\/wp-content\/uploads\/2019\/11\/4cbefb90-2169-4461-b7a4-70b00aa3be52-2.jpg",549,366,false],"post-thumbnail":["https:\/\/arantv.az\/wp-content\/uploads\/2019\/11\/4cbefb90-2169-4461-b7a4-70b00aa3be52-2-240x172.jpg",240,172,true],"advps-thumb-one":["https:\/\/arantv.az\/wp-content\/uploads\/2019\/11\/4cbefb90-2169-4461-b7a4-70b00aa3be52-2.jpg",549,366,false]},"rttpg_author":{"display_name":"V\u00fcsal Rafiqo\u011flu","author_link":"https:\/\/arantv.az\/?author=2"},"rttpg_comment":0,"rttpg_category":"<a href=\"https:\/\/arantv.az\/?cat=1\" rel=\"category\">C\u0259miyy\u0259t<\/a>","rttpg_excerpt":"YAP-\u0131n siyasi \u015furas\u0131n\u0131n t\u0259cili iclas\u0131nda sensasion q\u0259rar q\u0259bul edilib. ARANTV.AZ x\u0259b\u0259r verir ki, iclasda parlamentd\u0259ki \u00e7oxluq Milli M\u0259clisin burax\u0131lmas\u0131 il\u0259 ba\u011fl\u0131 q\u0259rar q\u0259bul edib. Bu q\u0259rar m\u00f6vcud parlamentin d\u00f6vl\u0259t ba\u015f\u00e7\u0131s\u0131n\u0131n haz\u0131rda h\u0259yata ke\u00e7irdiyi siyas\u0259t\u0259 adekvat olmamas\u0131 v\u0259 son aylar \u00f6lk\u0259d\u0259 apar\u0131lan islahatlardan geri qalmas\u0131 il\u0259 \u0259sasland\u0131r\u0131l\u0131b. Yax\u0131n saatlarda YAP-\u0131n deputatlar\u0131n\u0131n birg\u0259 i\u015ftirak\u0131 il\u0259 iclas ke\u00e7iril\u0259c\u0259k.&hellip;","_links":{"self":[{"href":"https:\/\/arantv.az\/index.php?rest_route=\/wp\/v2\/posts\/101670"}],"collection":[{"href":"https:\/\/arantv.az\/index.php?rest_route=\/wp\/v2\/posts"}],"about":[{"href":"https:\/\/arantv.az\/index.php?rest_route=\/wp\/v2\/types\/post"}],"author":[{"embeddable":true,"href":"https:\/\/arantv.az\/index.php?rest_route=\/wp\/v2\/users\/2"}],"replies":[{"embeddable":true,"href":"https:\/\/arantv.az\/index.php?rest_route=%2Fwp%2Fv2%2Fcomments&post=101670"}],"version-history":[{"count":0,"href":"https:\/\/arantv.az\/index.php?rest_route=\/wp\/v2\/posts\/101670\/revisions"}],"wp:featuredmedia":[{"embeddable":true,"href":"https:\/\/arantv.az\/index.php?rest_route=\/wp\/v2\/media\/101671"}],"wp:attachment":[{"href":"https:\/\/arantv.az\/index.php?rest_route=%2Fwp%2Fv2%2Fmedia&parent=101670"}],"wp:term":[{"taxonomy":"category","embeddable":true,"href":"https:\/\/arantv.az\/index.php?rest_route=%2Fwp%2Fv2%2Fcategories&post=101670"},{"taxonomy":"post_tag","embeddable":true,"href":"https:\/\/arantv.az\/index.php?rest_route=%2Fwp%2Fv2%2Ftags&post=101670"}],"curies":[{"name":"wp","href":"https:\/\/api.w.org\/{rel}","templated":true}]}}