{"id":101690,"date":"2019-11-28T11:50:47","date_gmt":"2019-11-28T08:50:47","guid":{"rendered":"http:\/\/arantv.az\/?p=101690"},"modified":"2019-11-28T11:50:47","modified_gmt":"2019-11-28T08:50:47","slug":"az%c9%99rbaycan-avropa-ittifaqi-il%c9%99-t%c9%99r%c9%99fdasligi-yuks%c9%99k-qiym%c9%99tl%c9%99ndirir","status":"publish","type":"post","link":"https:\/\/arantv.az\/?p=101690","title":{"rendered":"Az\u0259rbaycan Avropa \u0130ttifaq\u0131 il\u0259 t\u0259r\u0259fda\u015fl\u0131\u011f\u0131 y\u00fcks\u0259k qiym\u0259tl\u0259ndirir"},"content":{"rendered":"<blockquote><p><em><strong>Az\u0259rbaycan Avropa \u0130ttifaq\u0131 il\u0259 t\u0259r\u0259fda\u015fl\u0131\u011f\u0131 y\u00fcks\u0259k qiym\u0259tl\u0259ndirir.<\/strong><\/em><\/p><\/blockquote>\n<p><strong>ARANTV.AZ<\/strong>\u00a0\u00a0<a href=\"https:\/\/az.trend.az\/\" target=\"_blank\" rel=\"noopener\">Trend<\/a>-\u0259 istinad\u0259n x\u0259b\u0259r verir ki, bunu Beyn\u0259lxalq M\u00fcnasib\u0259tl\u0259rin T\u0259hlili M\u0259rk\u0259zinin s\u0259dri F\u0259rid \u015e\u0259fiyev Vi\u015feqrad qrupu \u00f6lk\u0259l\u0259rinin n\u00fcmay\u0259nd\u0259l\u0259rinin i\u015ftirak\u0131 il\u0259 ke\u00e7iril\u0259n d\u0259yirmi masa zaman\u0131 deyib.<\/p>\n<p>O bildirib ki, Az\u0259rbaycan h\u0259mi\u015f\u0259 t\u0259r\u0259fda\u015flar\u0131 il\u0259 d\u0259rin b\u0259rab\u0259rh\u00fcquqlu m\u00fcnasib\u0259tl\u0259ri d\u0259st\u0259kl\u0259m\u0259y\u0259 haz\u0131rd\u0131r.<\/p>\n<p>F.\u015e\u0259fiyevin s\u00f6zl\u0259rin\u0259 g\u00f6r\u0259, Az\u0259rbaycan Avrozonaya inteqrasiya prosesl\u0259rini d\u0259st\u0259kl\u0259s\u0259 d\u0259, Avropa \u0130ttifaq\u0131na \u00fczvl\u00fck Az\u0259rbaycan\u0131n prioritetl\u0259ri s\u0131ras\u0131na daxil deyil.<\/p>\n","protected":false},"excerpt":{"rendered":"<p>Az\u0259rbaycan Avropa \u0130ttifaq\u0131 il\u0259 t\u0259r\u0259fda\u015fl\u0131\u011f\u0131 y\u00fcks\u0259k qiym\u0259tl\u0259ndirir. ARANTV.AZ\u00a0\u00a0Trend-\u0259 istinad\u0259n x\u0259b\u0259r verir ki, bunu Beyn\u0259lxalq M\u00fcnasib\u0259tl\u0259rin T\u0259hlili M\u0259rk\u0259zinin s\u0259dri F\u0259rid \u015e\u0259fiyev Vi\u015feqrad qrupu \u00f6lk\u0259l\u0259rinin n\u00fcmay\u0259nd\u0259l\u0259rinin i\u015ftirak\u0131 il\u0259 ke\u00e7iril\u0259n d\u0259yirmi masa zaman\u0131 deyib. O bildirib ki, Az\u0259rbaycan h\u0259mi\u015f\u0259 t\u0259r\u0259fda\u015flar\u0131 il\u0259 d\u0259rin b\u0259rab\u0259rh\u00fcquqlu m\u00fcnasib\u0259tl\u0259ri d\u0259st\u0259kl\u0259m\u0259y\u0259 haz\u0131rd\u0131r. F.\u015e\u0259fiyevin s\u00f6zl\u0259rin\u0259 g\u00f6r\u0259, Az\u0259rbaycan Avrozonaya inteqrasiya prosesl\u0259rini d\u0259st\u0259kl\u0259s\u0259 d\u0259, Avropa \u0130ttifaq\u0131na \u00fczvl\u00fck Az\u0259rbaycan\u0131n prioritetl\u0259ri s\u0131ras\u0131na daxil deyil.<\/p>\n","protected":false},"author":2,"featured_media":101691,"comment_status":"closed","ping_status":"closed","sticky":false,"template":"","format":"standard","meta":{"om_disable_all_campaigns":false,"_monsterinsights_skip_tracking":false,"_monsterinsights_sitenote_active":false,"_monsterinsights_sitenote_note":"","_monsterinsights_sitenote_category":0},"categories":[4],"tags":[],"aioseo_notices":[],"gutentor_comment":0,"rttpg_featured_image_url":{"full":["https:\/\/arantv.az\/wp-content\/uploads\/2019\/11\/azerbaycan_avropa_ittfaqi_bayraq_088.jpg",800,600,false],"landscape":["https:\/\/arantv.az\/wp-content\/uploads\/2019\/11\/azerbaycan_avropa_ittfaqi_bayraq_088.jpg",800,600,false],"portraits":["https:\/\/arantv.az\/wp-content\/uploads\/2019\/11\/azerbaycan_avropa_ittfaqi_bayraq_088.jpg",800,600,false],"thumbnail":["https:\/\/arantv.az\/wp-content\/uploads\/2019\/11\/azerbaycan_avropa_ittfaqi_bayraq_088-150x150.jpg",150,150,true],"medium":["https:\/\/arantv.az\/wp-content\/uploads\/2019\/11\/azerbaycan_avropa_ittfaqi_bayraq_088-300x225.jpg",300,225,true],"large":["https:\/\/arantv.az\/wp-content\/uploads\/2019\/11\/azerbaycan_avropa_ittfaqi_bayraq_088.jpg",640,480,false],"1536x1536":["https:\/\/arantv.az\/wp-content\/uploads\/2019\/11\/azerbaycan_avropa_ittfaqi_bayraq_088.jpg",800,600,false],"2048x2048":["https:\/\/arantv.az\/wp-content\/uploads\/2019\/11\/azerbaycan_avropa_ittfaqi_bayraq_088.jpg",800,600,false],"post-thumbnail":["https:\/\/arantv.az\/wp-content\/uploads\/2019\/11\/azerbaycan_avropa_ittfaqi_bayraq_088-240x172.jpg",240,172,true],"advps-thumb-one":["https:\/\/arantv.az\/wp-content\/uploads\/2019\/11\/azerbaycan_avropa_ittfaqi_bayraq_088.jpg",800,600,false]},"rttpg_author":{"display_name":"V\u00fcsal Rafiqo\u011flu","author_link":"https:\/\/arantv.az\/?author=2"},"rttpg_comment":0,"rttpg_category":"<a href=\"https:\/\/arantv.az\/?cat=4\" rel=\"category\">Siyas\u0259t<\/a>","rttpg_excerpt":"Az\u0259rbaycan Avropa \u0130ttifaq\u0131 il\u0259 t\u0259r\u0259fda\u015fl\u0131\u011f\u0131 y\u00fcks\u0259k qiym\u0259tl\u0259ndirir. ARANTV.AZ\u00a0\u00a0Trend-\u0259 istinad\u0259n x\u0259b\u0259r verir ki, bunu Beyn\u0259lxalq M\u00fcnasib\u0259tl\u0259rin T\u0259hlili M\u0259rk\u0259zinin s\u0259dri F\u0259rid \u015e\u0259fiyev Vi\u015feqrad qrupu \u00f6lk\u0259l\u0259rinin n\u00fcmay\u0259nd\u0259l\u0259rinin i\u015ftirak\u0131 il\u0259 ke\u00e7iril\u0259n d\u0259yirmi masa zaman\u0131 deyib. O bildirib ki, Az\u0259rbaycan h\u0259mi\u015f\u0259 t\u0259r\u0259fda\u015flar\u0131 il\u0259 d\u0259rin b\u0259rab\u0259rh\u00fcquqlu m\u00fcnasib\u0259tl\u0259ri d\u0259st\u0259kl\u0259m\u0259y\u0259 haz\u0131rd\u0131r. F.\u015e\u0259fiyevin s\u00f6zl\u0259rin\u0259 g\u00f6r\u0259, Az\u0259rbaycan Avrozonaya inteqrasiya prosesl\u0259rini d\u0259st\u0259kl\u0259s\u0259 d\u0259, Avropa \u0130ttifaq\u0131na \u00fczvl\u00fck&hellip;","_links":{"self":[{"href":"https:\/\/arantv.az\/index.php?rest_route=\/wp\/v2\/posts\/101690"}],"collection":[{"href":"https:\/\/arantv.az\/index.php?rest_route=\/wp\/v2\/posts"}],"about":[{"href":"https:\/\/arantv.az\/index.php?rest_route=\/wp\/v2\/types\/post"}],"author":[{"embeddable":true,"href":"https:\/\/arantv.az\/index.php?rest_route=\/wp\/v2\/users\/2"}],"replies":[{"embeddable":true,"href":"https:\/\/arantv.az\/index.php?rest_route=%2Fwp%2Fv2%2Fcomments&post=101690"}],"version-history":[{"count":0,"href":"https:\/\/arantv.az\/index.php?rest_route=\/wp\/v2\/posts\/101690\/revisions"}],"wp:featuredmedia":[{"embeddable":true,"href":"https:\/\/arantv.az\/index.php?rest_route=\/wp\/v2\/media\/101691"}],"wp:attachment":[{"href":"https:\/\/arantv.az\/index.php?rest_route=%2Fwp%2Fv2%2Fmedia&parent=101690"}],"wp:term":[{"taxonomy":"category","embeddable":true,"href":"https:\/\/arantv.az\/index.php?rest_route=%2Fwp%2Fv2%2Fcategories&post=101690"},{"taxonomy":"post_tag","embeddable":true,"href":"https:\/\/arantv.az\/index.php?rest_route=%2Fwp%2Fv2%2Ftags&post=101690"}],"curies":[{"name":"wp","href":"https:\/\/api.w.org\/{rel}","templated":true}]}}