{"id":101698,"date":"2019-11-28T11:54:31","date_gmt":"2019-11-28T08:54:31","guid":{"rendered":"http:\/\/arantv.az\/?p=101698"},"modified":"2019-11-28T11:54:31","modified_gmt":"2019-11-28T08:54:31","slug":"gunduz-ismayilov-b%c9%99zi-dini-qruplar-duny%c9%99vilik-anlayisini-istismar-edirl%c9%99r","status":"publish","type":"post","link":"https:\/\/arantv.az\/?p=101698","title":{"rendered":"G\u00fcnd\u00fcz \u0130smay\u0131lov: \u201cB\u0259zi dini qruplar d\u00fcny\u0259vilik anlay\u0131\u015f\u0131n\u0131 istismar edirl\u0259r\u201d"},"content":{"rendered":"<p>&#8220;D\u00fcnyada b\u0259zi dini qruplar d\u00fcny\u0259vilik anlay\u0131\u015f\u0131n\u0131 istismar edirl\u0259r. D\u00fcny\u0259vi d\u00f6vl\u0259td\u0259 d\u00f6vl\u0259t idar\u0259\u00e7iliyind\u0259 din i\u015ftirak etmir, amma d\u00fcny\u0259vi d\u00f6vl\u0259t o dem\u0259k deyil ki, o, dinsizdir. Biz h\u0259r zaman bu m\u0259s\u0259l\u0259d\u0259 ulu \u00f6nd\u0259r Heyd\u0259r \u018fliyevin fikrini \u0259sas sitat kimi n\u0259z\u0259rd\u0259 tuturuq. Qeyd edirik ki, Az\u0259rbaycan d\u00fcny\u0259vi d\u00f6vl\u0259tdir, amma dinsiz \u00f6lk\u0259 deyil\u201d.<\/p>\n<p><strong>ARANTV.AZ<\/strong>-\u0131n APA-ya istinadla x\u0259b\u0259rin\u0259 g\u00f6r\u0259, bunu Dini Qurumlarla \u0130\u015f \u00fczr\u0259 D\u00f6vl\u0259t Komit\u0259sinin s\u0259dr m\u00fcavini G\u00fcnd\u00fcz \u0130smay\u0131lov \u201cAz\u0259rbaycanda d\u00fcny\u0259viliyin tarixi v\u0259 bu g\u00fcn\u00fc\u201d adl\u0131 konfransda deyib.<\/p>\n<p>G. \u0130smay\u0131lovun s\u00f6zl\u0259rin\u0259 g\u00f6r\u0259, d\u00fcny\u0259vi d\u00f6vl\u0259t o dem\u0259k deyil ki, din\u0259 qar\u015f\u0131 bir m\u00f6vqed\u0259 dayan\u0131r: \u201cH\u0259tta d\u00fcny\u0259vi d\u00f6vl\u0259t oldu\u011fu halda dini bayramlar d\u00f6vl\u0259t s\u0259viyy\u0259sind\u0259 qeyd edilir. Bunun bariz n\u00fcmun\u0259si kimi Az\u0259rbaycan\u0131 g\u00f6st\u0259rm\u0259k olar. Bizim \u00f6lk\u0259mizd\u0259 \u0259halinin 96 faizini m\u00fcs\u0259lmanlar t\u0259\u015fkil edir. \u0130slam dininin m\u00fcq\u0259dd\u0259s bayramlar\u0131 say\u0131lan Ramazan, Qurban bayramlar\u0131 d\u00f6vl\u0259t s\u0259viyy\u0259sind\u0259 qeyd edilir. Biz d\u00fcny\u0259vi d\u00f6vl\u0259t olsaq da, qanun qar\u015f\u0131s\u0131nda b\u00fct\u00fcn dini qurumlar\u0131n b\u0259rab\u0259r olmas\u0131 prinsipini q\u0259bul ets\u0259k d\u0259, dini qurumlara, dini konfessiyalara imkan oldu\u011fu q\u0259d\u0259r qay\u011f\u0131 v\u0259 diqq\u0259tl\u0259 yana\u015f\u0131r\u0131q\u201d.<\/p>\n","protected":false},"excerpt":{"rendered":"<p>&#8220;D\u00fcnyada b\u0259zi dini qruplar d\u00fcny\u0259vilik anlay\u0131\u015f\u0131n\u0131 istismar edirl\u0259r. D\u00fcny\u0259vi d\u00f6vl\u0259td\u0259 d\u00f6vl\u0259t idar\u0259\u00e7iliyind\u0259 din i\u015ftirak etmir, amma d\u00fcny\u0259vi d\u00f6vl\u0259t o dem\u0259k deyil ki, o, dinsizdir. Biz h\u0259r zaman bu m\u0259s\u0259l\u0259d\u0259 ulu \u00f6nd\u0259r Heyd\u0259r \u018fliyevin fikrini \u0259sas sitat kimi n\u0259z\u0259rd\u0259 tuturuq. Qeyd edirik ki, Az\u0259rbaycan d\u00fcny\u0259vi d\u00f6vl\u0259tdir, amma dinsiz \u00f6lk\u0259 deyil\u201d. ARANTV.AZ-\u0131n APA-ya istinadla x\u0259b\u0259rin\u0259 g\u00f6r\u0259, bunu Dini Qurumlarla \u0130\u015f \u00fczr\u0259 D\u00f6vl\u0259t Komit\u0259sinin s\u0259dr m\u00fcavini G\u00fcnd\u00fcz \u0130smay\u0131lov \u201cAz\u0259rbaycanda d\u00fcny\u0259viliyin tarixi v\u0259 bu g\u00fcn\u00fc\u201d adl\u0131 konfransda deyib. G. \u0130smay\u0131lovun s\u00f6zl\u0259rin\u0259 g\u00f6r\u0259, d\u00fcny\u0259vi d\u00f6vl\u0259t o dem\u0259k deyil ki, din\u0259 qar\u015f\u0131 bir m\u00f6vqed\u0259 dayan\u0131r: \u201cH\u0259tta&hellip;<\/p>\n","protected":false},"author":2,"featured_media":101699,"comment_status":"closed","ping_status":"closed","sticky":false,"template":"","format":"standard","meta":{"om_disable_all_campaigns":false,"_monsterinsights_skip_tracking":false,"_monsterinsights_sitenote_active":false,"_monsterinsights_sitenote_note":"","_monsterinsights_sitenote_category":0},"categories":[1],"tags":[],"aioseo_notices":[],"gutentor_comment":0,"rttpg_featured_image_url":{"full":["https:\/\/arantv.az\/wp-content\/uploads\/2019\/11\/thumb_gunduz-ismayilov.jpg",120,80,false],"landscape":["https:\/\/arantv.az\/wp-content\/uploads\/2019\/11\/thumb_gunduz-ismayilov.jpg",120,80,false],"portraits":["https:\/\/arantv.az\/wp-content\/uploads\/2019\/11\/thumb_gunduz-ismayilov.jpg",120,80,false],"thumbnail":["https:\/\/arantv.az\/wp-content\/uploads\/2019\/11\/thumb_gunduz-ismayilov.jpg",120,80,false],"medium":["https:\/\/arantv.az\/wp-content\/uploads\/2019\/11\/thumb_gunduz-ismayilov.jpg",120,80,false],"large":["https:\/\/arantv.az\/wp-content\/uploads\/2019\/11\/thumb_gunduz-ismayilov.jpg",120,80,false],"1536x1536":["https:\/\/arantv.az\/wp-content\/uploads\/2019\/11\/thumb_gunduz-ismayilov.jpg",120,80,false],"2048x2048":["https:\/\/arantv.az\/wp-content\/uploads\/2019\/11\/thumb_gunduz-ismayilov.jpg",120,80,false],"post-thumbnail":["https:\/\/arantv.az\/wp-content\/uploads\/2019\/11\/thumb_gunduz-ismayilov.jpg",120,80,false],"advps-thumb-one":["https:\/\/arantv.az\/wp-content\/uploads\/2019\/11\/thumb_gunduz-ismayilov.jpg",120,80,false]},"rttpg_author":{"display_name":"V\u00fcsal Rafiqo\u011flu","author_link":"https:\/\/arantv.az\/?author=2"},"rttpg_comment":0,"rttpg_category":"<a href=\"https:\/\/arantv.az\/?cat=1\" rel=\"category\">C\u0259miyy\u0259t<\/a>","rttpg_excerpt":"&#8220;D\u00fcnyada b\u0259zi dini qruplar d\u00fcny\u0259vilik anlay\u0131\u015f\u0131n\u0131 istismar edirl\u0259r. D\u00fcny\u0259vi d\u00f6vl\u0259td\u0259 d\u00f6vl\u0259t idar\u0259\u00e7iliyind\u0259 din i\u015ftirak etmir, amma d\u00fcny\u0259vi d\u00f6vl\u0259t o dem\u0259k deyil ki, o, dinsizdir. Biz h\u0259r zaman bu m\u0259s\u0259l\u0259d\u0259 ulu \u00f6nd\u0259r Heyd\u0259r \u018fliyevin fikrini \u0259sas sitat kimi n\u0259z\u0259rd\u0259 tuturuq. Qeyd edirik ki, Az\u0259rbaycan d\u00fcny\u0259vi d\u00f6vl\u0259tdir, amma dinsiz \u00f6lk\u0259 deyil\u201d. ARANTV.AZ-\u0131n APA-ya istinadla x\u0259b\u0259rin\u0259 g\u00f6r\u0259, bunu&hellip;","_links":{"self":[{"href":"https:\/\/arantv.az\/index.php?rest_route=\/wp\/v2\/posts\/101698"}],"collection":[{"href":"https:\/\/arantv.az\/index.php?rest_route=\/wp\/v2\/posts"}],"about":[{"href":"https:\/\/arantv.az\/index.php?rest_route=\/wp\/v2\/types\/post"}],"author":[{"embeddable":true,"href":"https:\/\/arantv.az\/index.php?rest_route=\/wp\/v2\/users\/2"}],"replies":[{"embeddable":true,"href":"https:\/\/arantv.az\/index.php?rest_route=%2Fwp%2Fv2%2Fcomments&post=101698"}],"version-history":[{"count":0,"href":"https:\/\/arantv.az\/index.php?rest_route=\/wp\/v2\/posts\/101698\/revisions"}],"wp:featuredmedia":[{"embeddable":true,"href":"https:\/\/arantv.az\/index.php?rest_route=\/wp\/v2\/media\/101699"}],"wp:attachment":[{"href":"https:\/\/arantv.az\/index.php?rest_route=%2Fwp%2Fv2%2Fmedia&parent=101698"}],"wp:term":[{"taxonomy":"category","embeddable":true,"href":"https:\/\/arantv.az\/index.php?rest_route=%2Fwp%2Fv2%2Fcategories&post=101698"},{"taxonomy":"post_tag","embeddable":true,"href":"https:\/\/arantv.az\/index.php?rest_route=%2Fwp%2Fv2%2Ftags&post=101698"}],"curies":[{"name":"wp","href":"https:\/\/api.w.org\/{rel}","templated":true}]}}