{"id":101702,"date":"2019-11-28T12:02:43","date_gmt":"2019-11-28T09:02:43","guid":{"rendered":"http:\/\/arantv.az\/?p=101702"},"modified":"2019-11-28T12:02:43","modified_gmt":"2019-11-28T09:02:43","slug":"milli-m%c9%99clis-hansi-hallarda-buraxilir","status":"publish","type":"post","link":"https:\/\/arantv.az\/?p=101702","title":{"rendered":"Milli M\u0259clis hans\u0131 hallarda burax\u0131l\u0131r?"},"content":{"rendered":"<p>Bu g\u00fcn Yeni Az\u0259rbaycan Partiyas\u0131n\u0131n Siyasi \u015euras\u0131n\u0131n iclas\u0131nda Milli M\u0259clisin burax\u0131lmas\u0131na dair q\u0259rar q\u0259bul olunub.<\/p>\n<p>Siyasi \u015eura bu q\u0259rar\u0131n\u0131 Prezident \u0130lham \u018fliyevin islahatlar kursuna v\u0259 kadr islahatlar\u0131na d\u0259st\u0259k m\u0259qs\u0259dil\u0259 verildiyini qeyd edib.<\/p>\n<p><b>ARANTV.AZ<\/b>-\u0131n m\u0259lumat\u0131na g\u00f6r\u0259, Konstitusiyan\u0131n 98-1-ci madd\u0259sind\u0259 Milli M\u0259clisin burax\u0131lmas\u0131 proseduru il\u0259 ba\u011fl\u0131 m\u00fcdd\u0259a \u00f6z \u0259ksini tap\u0131b.<\/p>\n<p>Qeyd olunub ki, Milli M\u0259clisin eyni \u00e7a\u011f\u0131r\u0131\u015f\u0131 bir il \u0259rzind\u0259 iki d\u0259f\u0259 Nazirl\u0259r Kabinetin\u0259 etimads\u0131zl\u0131q g\u00f6st\u0259rdikd\u0259 v\u0259 ya Konstitusiya M\u0259hk\u0259m\u0259sinin, Ali M\u0259hk\u0259m\u0259nin v\u0259 M\u0259rk\u0259zi Bank\u0131 \u0130dar\u0259 Hey\u0259tinin kollegial f\u0259aliyy\u0259ti \u00fc\u00e7\u00fcn z\u0259ruri olan sayda \u00fczvl\u00fcy\u0259 namiz\u0259dl\u0259ri Prezident t\u0259r\u0259find\u0259n iki d\u0259f\u0259 t\u0259qdim edildikd\u0259n sonra, qanunla m\u00fc\u0259yy\u0259n edilmi\u015f m\u00fcdd\u0259td\u0259 t\u0259yin etm\u0259dikd\u0259, habel\u0259 Konstitusiyan\u0131n 94-c\u00fc v\u0259 95-ci madd\u0259l\u0259rind\u0259, 96-c\u0131 madd\u0259sinin II, III, IV v\u0259 V hiss\u0259l\u0259rind\u0259, 97-ci madd\u0259sind\u0259 g\u00f6st\u0259ril\u0259n v\u0259zif\u0259l\u0259rini aradan qald\u0131r\u0131la bilm\u0259y\u0259n s\u0259b\u0259bl\u0259r \u00fcz\u00fcnd\u0259n icra etm\u0259dikd\u0259, Prezident Milli M\u0259clisi burax\u0131r.<\/p>\n<p>N\u00f6vb\u0259d\u0259nk\u0259nar se\u00e7kil\u0259rd\u0259 se\u00e7il\u0259n Milli M\u0259clisinin \u00e7a\u011f\u0131r\u0131\u015f\u0131n\u0131n s\u0259lahiyy\u0259t m\u00fcdd\u0259ti be\u015f ild\u0259n az ola bil\u0259r.<\/p>\n<p>Bu halda Milli M\u0259clis\u0259 n\u00f6vb\u0259ti se\u00e7kil\u0259r n\u00f6vb\u0259d\u0259nk\u0259nar se\u00e7kil\u0259rd\u0259 se\u00e7il\u0259n Az\u0259rbaycan parlamentinin \u00e7a\u011f\u0131r\u0131\u015f\u0131n\u0131n s\u0259lahiyy\u0259t m\u00fcdd\u0259tinin be\u015finci ilinin noyabr ay\u0131n\u0131n birinci bazar g\u00fcn\u00fc ke\u00e7irilir.Oxu.Az<\/p>\n","protected":false},"excerpt":{"rendered":"<p>Bu g\u00fcn Yeni Az\u0259rbaycan Partiyas\u0131n\u0131n Siyasi \u015euras\u0131n\u0131n iclas\u0131nda Milli M\u0259clisin burax\u0131lmas\u0131na dair q\u0259rar q\u0259bul olunub. Siyasi \u015eura bu q\u0259rar\u0131n\u0131 Prezident \u0130lham \u018fliyevin islahatlar kursuna v\u0259 kadr islahatlar\u0131na d\u0259st\u0259k m\u0259qs\u0259dil\u0259 verildiyini qeyd edib. ARANTV.AZ-\u0131n m\u0259lumat\u0131na g\u00f6r\u0259, Konstitusiyan\u0131n 98-1-ci madd\u0259sind\u0259 Milli M\u0259clisin burax\u0131lmas\u0131 proseduru il\u0259 ba\u011fl\u0131 m\u00fcdd\u0259a \u00f6z \u0259ksini tap\u0131b. Qeyd olunub ki, Milli M\u0259clisin eyni \u00e7a\u011f\u0131r\u0131\u015f\u0131 bir il \u0259rzind\u0259 iki d\u0259f\u0259 Nazirl\u0259r Kabinetin\u0259 etimads\u0131zl\u0131q g\u00f6st\u0259rdikd\u0259 v\u0259 ya Konstitusiya M\u0259hk\u0259m\u0259sinin, Ali M\u0259hk\u0259m\u0259nin v\u0259 M\u0259rk\u0259zi Bank\u0131 \u0130dar\u0259 Hey\u0259tinin kollegial f\u0259aliyy\u0259ti \u00fc\u00e7\u00fcn z\u0259ruri olan sayda \u00fczvl\u00fcy\u0259 namiz\u0259dl\u0259ri Prezident t\u0259r\u0259find\u0259n iki d\u0259f\u0259 t\u0259qdim edildikd\u0259n sonra,&hellip;<\/p>\n","protected":false},"author":2,"featured_media":101703,"comment_status":"closed","ping_status":"closed","sticky":false,"template":"","format":"standard","meta":{"om_disable_all_campaigns":false,"_monsterinsights_skip_tracking":false,"_monsterinsights_sitenote_active":false,"_monsterinsights_sitenote_note":"","_monsterinsights_sitenote_category":0},"categories":[4],"tags":[],"aioseo_notices":[],"gutentor_comment":0,"rttpg_featured_image_url":{"full":["https:\/\/arantv.az\/wp-content\/uploads\/2019\/11\/milli-meclis_700x390_17_700x390.jpg",620,345,false],"landscape":["https:\/\/arantv.az\/wp-content\/uploads\/2019\/11\/milli-meclis_700x390_17_700x390.jpg",620,345,false],"portraits":["https:\/\/arantv.az\/wp-content\/uploads\/2019\/11\/milli-meclis_700x390_17_700x390.jpg",620,345,false],"thumbnail":["https:\/\/arantv.az\/wp-content\/uploads\/2019\/11\/milli-meclis_700x390_17_700x390-150x150.jpg",150,150,true],"medium":["https:\/\/arantv.az\/wp-content\/uploads\/2019\/11\/milli-meclis_700x390_17_700x390-300x167.jpg",300,167,true],"large":["https:\/\/arantv.az\/wp-content\/uploads\/2019\/11\/milli-meclis_700x390_17_700x390.jpg",620,345,false],"1536x1536":["https:\/\/arantv.az\/wp-content\/uploads\/2019\/11\/milli-meclis_700x390_17_700x390.jpg",620,345,false],"2048x2048":["https:\/\/arantv.az\/wp-content\/uploads\/2019\/11\/milli-meclis_700x390_17_700x390.jpg",620,345,false],"post-thumbnail":["https:\/\/arantv.az\/wp-content\/uploads\/2019\/11\/milli-meclis_700x390_17_700x390-240x172.jpg",240,172,true],"advps-thumb-one":["https:\/\/arantv.az\/wp-content\/uploads\/2019\/11\/milli-meclis_700x390_17_700x390.jpg",620,345,false]},"rttpg_author":{"display_name":"V\u00fcsal Rafiqo\u011flu","author_link":"https:\/\/arantv.az\/?author=2"},"rttpg_comment":0,"rttpg_category":"<a href=\"https:\/\/arantv.az\/?cat=4\" rel=\"category\">Siyas\u0259t<\/a>","rttpg_excerpt":"Bu g\u00fcn Yeni Az\u0259rbaycan Partiyas\u0131n\u0131n Siyasi \u015euras\u0131n\u0131n iclas\u0131nda Milli M\u0259clisin burax\u0131lmas\u0131na dair q\u0259rar q\u0259bul olunub. Siyasi \u015eura bu q\u0259rar\u0131n\u0131 Prezident \u0130lham \u018fliyevin islahatlar kursuna v\u0259 kadr islahatlar\u0131na d\u0259st\u0259k m\u0259qs\u0259dil\u0259 verildiyini qeyd edib. ARANTV.AZ-\u0131n m\u0259lumat\u0131na g\u00f6r\u0259, Konstitusiyan\u0131n 98-1-ci madd\u0259sind\u0259 Milli M\u0259clisin burax\u0131lmas\u0131 proseduru il\u0259 ba\u011fl\u0131 m\u00fcdd\u0259a \u00f6z \u0259ksini tap\u0131b. Qeyd olunub ki, Milli M\u0259clisin eyni \u00e7a\u011f\u0131r\u0131\u015f\u0131&hellip;","_links":{"self":[{"href":"https:\/\/arantv.az\/index.php?rest_route=\/wp\/v2\/posts\/101702"}],"collection":[{"href":"https:\/\/arantv.az\/index.php?rest_route=\/wp\/v2\/posts"}],"about":[{"href":"https:\/\/arantv.az\/index.php?rest_route=\/wp\/v2\/types\/post"}],"author":[{"embeddable":true,"href":"https:\/\/arantv.az\/index.php?rest_route=\/wp\/v2\/users\/2"}],"replies":[{"embeddable":true,"href":"https:\/\/arantv.az\/index.php?rest_route=%2Fwp%2Fv2%2Fcomments&post=101702"}],"version-history":[{"count":0,"href":"https:\/\/arantv.az\/index.php?rest_route=\/wp\/v2\/posts\/101702\/revisions"}],"wp:featuredmedia":[{"embeddable":true,"href":"https:\/\/arantv.az\/index.php?rest_route=\/wp\/v2\/media\/101703"}],"wp:attachment":[{"href":"https:\/\/arantv.az\/index.php?rest_route=%2Fwp%2Fv2%2Fmedia&parent=101702"}],"wp:term":[{"taxonomy":"category","embeddable":true,"href":"https:\/\/arantv.az\/index.php?rest_route=%2Fwp%2Fv2%2Fcategories&post=101702"},{"taxonomy":"post_tag","embeddable":true,"href":"https:\/\/arantv.az\/index.php?rest_route=%2Fwp%2Fv2%2Ftags&post=101702"}],"curies":[{"name":"wp","href":"https:\/\/api.w.org\/{rel}","templated":true}]}}