{"id":101706,"date":"2019-11-28T12:04:13","date_gmt":"2019-11-28T09:04:13","guid":{"rendered":"http:\/\/arantv.az\/?p=101706"},"modified":"2019-11-28T12:04:13","modified_gmt":"2019-11-28T09:04:13","slug":"pa-r%c9%99smisi-radikallar-duny%c9%99vi-hakimiyy%c9%99ti-seytanin-hakimiyy%c9%99ti-kimi-t%c9%99blig-etm%c9%99y%c9%99-calisirlar","status":"publish","type":"post","link":"https:\/\/arantv.az\/?p=101706","title":{"rendered":"PA r\u0259smisi: &#8220;Radikallar d\u00fcny\u0259vi hakimiyy\u0259ti \u015feytan\u0131n hakimiyy\u0259ti kimi t\u0259bli\u011f etm\u0259y\u0259 \u00e7al\u0131\u015f\u0131rlar&#8221;"},"content":{"rendered":"<blockquote><p><em><strong>Az\u0259rbaycanda f\u0259aliyy\u0259t g\u00f6st\u0259r\u0259n b\u00fct\u00fcn dinl\u0259r\u0259 b\u0259rab\u0259r yana\u015f\u0131l\u0131r, qay\u011f\u0131 g\u00f6st\u0259rilir. Bu, bilavasit\u0259 c\u0259nab Prezidentin apard\u0131\u011f\u0131 siyas\u0259tin n\u0259tic\u0259sidir v\u0259 bu siyas\u0259t bundan sonra da davam ed\u0259c\u0259k.<\/strong><\/em><\/p><\/blockquote>\n<p><strong>ARANTV.AZ\u00a0<\/strong>\u00a0<a href=\"https:\/\/az.trend.az\/\" target=\"_blank\" rel=\"noopener\">Trend<\/a>-\u0259 istinad\u0259n x\u0259b\u0259r verir ki, bunu Prezident Administrasiyas\u0131n\u0131n (PA) Mill\u0259tl\u0259raras\u0131 m\u00fcnasib\u0259tl\u0259r, multikulturalizm v\u0259 dini m\u0259s\u0259l\u0259l\u0259r \u015f\u00f6b\u0259sind\u0259 b\u00f6y\u00fck m\u0259sl\u0259h\u0259t\u00e7i \u018fliheyd\u0259r Z\u00fclf\u00fcqarov &#8220;Az\u0259rbaycanda d\u00fcny\u0259viliyin tarixi v\u0259 bu g\u00fcn\u00fc&#8221; adl\u0131 konfransda deyib.<\/p>\n<p>\u018f.Z\u00fclf\u00fcqarov vur\u011fulay\u0131b ki, apar\u0131lan monitorinql\u0259rd\u0259n v\u0259 aidiyy\u0259ti qurumlardan g\u0259l\u0259n m\u0259lumatlardan g\u00f6r\u00fcn\u00fcr ki, m\u00fc\u0259yy\u0259n qruplar var ki, onlar xaricd\u0259n idar\u0259 olunurlar:<\/p>\n<p>&#8220;Onlar d\u00fcny\u0259viliy\u0259 qar\u015f\u0131 sosial \u015f\u0259b\u0259k\u0259l\u0259r vasit\u0259sil\u0259 t\u0259bli\u011fatlar apar\u0131rlar. M\u00fc\u015fahid\u0259l\u0259rimizd\u0259 g\u00f6r\u00fcr\u00fck ki, onlar t\u0259bli\u011fatlar\u0131 zaman\u0131 qeyd edirl\u0259r ki, bo\u015fanma v\u0259 evlilik m\u00fcnasib\u0259tl\u0259rini t\u0259nziml\u0259m\u0259k \u00fc\u00e7\u00fcn d\u00fcny\u0259vi m\u0259hk\u0259m\u0259l\u0259r\u0259 m\u00fcraci\u0259t etm\u0259yin v\u0259 g\u0259lin bunlar\u0131 \u015f\u0259ri\u0259t prinsipl\u0259ri il\u0259 h\u0259yata ke\u00e7ir\u0259 bil\u0259c\u0259k insanlar etsinl\u0259r&#8221;.<\/p>\n<p>PA r\u0259smisinin s\u00f6zl\u0259rin\u0259 g\u00f6r\u0259, bu t\u0259bli\u011fat\u0131n qurbanlar\u0131 is\u0259 \u0259n sonda daha \u00e7ox qad\u0131nlar olurlar: &#8220;\u00c7\u00fcnki onlar \u00f6z h\u00fcquqlar\u0131n\u0131 qoruya v\u0259 s\u00fcbut ed\u0259 bilmirl\u0259r. Onlar d\u00fcny\u0259vi hakimiyy\u0259ti sanki \u015feytan\u0131n hakimiyy\u0259ti kimi t\u0259bli\u011f etm\u0259y\u0259 \u00e7al\u0131\u015f\u0131rlar. T\u0259bii ki, bu, bizi narahat edir&#8221;.<\/p>\n","protected":false},"excerpt":{"rendered":"<p>Az\u0259rbaycanda f\u0259aliyy\u0259t g\u00f6st\u0259r\u0259n b\u00fct\u00fcn dinl\u0259r\u0259 b\u0259rab\u0259r yana\u015f\u0131l\u0131r, qay\u011f\u0131 g\u00f6st\u0259rilir. Bu, bilavasit\u0259 c\u0259nab Prezidentin apard\u0131\u011f\u0131 siyas\u0259tin n\u0259tic\u0259sidir v\u0259 bu siyas\u0259t bundan sonra da davam ed\u0259c\u0259k. ARANTV.AZ\u00a0\u00a0Trend-\u0259 istinad\u0259n x\u0259b\u0259r verir ki, bunu Prezident Administrasiyas\u0131n\u0131n (PA) Mill\u0259tl\u0259raras\u0131 m\u00fcnasib\u0259tl\u0259r, multikulturalizm v\u0259 dini m\u0259s\u0259l\u0259l\u0259r \u015f\u00f6b\u0259sind\u0259 b\u00f6y\u00fck m\u0259sl\u0259h\u0259t\u00e7i \u018fliheyd\u0259r Z\u00fclf\u00fcqarov &#8220;Az\u0259rbaycanda d\u00fcny\u0259viliyin tarixi v\u0259 bu g\u00fcn\u00fc&#8221; adl\u0131 konfransda deyib. \u018f.Z\u00fclf\u00fcqarov vur\u011fulay\u0131b ki, apar\u0131lan monitorinql\u0259rd\u0259n v\u0259 aidiyy\u0259ti qurumlardan g\u0259l\u0259n m\u0259lumatlardan g\u00f6r\u00fcn\u00fcr ki, m\u00fc\u0259yy\u0259n qruplar var ki, onlar xaricd\u0259n idar\u0259 olunurlar: &#8220;Onlar d\u00fcny\u0259viliy\u0259 qar\u015f\u0131 sosial \u015f\u0259b\u0259k\u0259l\u0259r vasit\u0259sil\u0259 t\u0259bli\u011fatlar apar\u0131rlar. M\u00fc\u015fahid\u0259l\u0259rimizd\u0259 g\u00f6r\u00fcr\u00fck ki, onlar t\u0259bli\u011fatlar\u0131 zaman\u0131 qeyd edirl\u0259r ki,&hellip;<\/p>\n","protected":false},"author":2,"featured_media":101707,"comment_status":"closed","ping_status":"closed","sticky":false,"template":"","format":"standard","meta":{"om_disable_all_campaigns":false,"_monsterinsights_skip_tracking":false,"_monsterinsights_sitenote_active":false,"_monsterinsights_sitenote_note":"","_monsterinsights_sitenote_category":0},"categories":[4],"tags":[],"aioseo_notices":[],"gutentor_comment":0,"rttpg_featured_image_url":{"full":["https:\/\/arantv.az\/wp-content\/uploads\/2019\/11\/prezident_aparati.jpg",800,600,false],"landscape":["https:\/\/arantv.az\/wp-content\/uploads\/2019\/11\/prezident_aparati.jpg",800,600,false],"portraits":["https:\/\/arantv.az\/wp-content\/uploads\/2019\/11\/prezident_aparati.jpg",800,600,false],"thumbnail":["https:\/\/arantv.az\/wp-content\/uploads\/2019\/11\/prezident_aparati-150x150.jpg",150,150,true],"medium":["https:\/\/arantv.az\/wp-content\/uploads\/2019\/11\/prezident_aparati-300x225.jpg",300,225,true],"large":["https:\/\/arantv.az\/wp-content\/uploads\/2019\/11\/prezident_aparati.jpg",640,480,false],"1536x1536":["https:\/\/arantv.az\/wp-content\/uploads\/2019\/11\/prezident_aparati.jpg",800,600,false],"2048x2048":["https:\/\/arantv.az\/wp-content\/uploads\/2019\/11\/prezident_aparati.jpg",800,600,false],"post-thumbnail":["https:\/\/arantv.az\/wp-content\/uploads\/2019\/11\/prezident_aparati-240x172.jpg",240,172,true],"advps-thumb-one":["https:\/\/arantv.az\/wp-content\/uploads\/2019\/11\/prezident_aparati.jpg",800,600,false]},"rttpg_author":{"display_name":"V\u00fcsal Rafiqo\u011flu","author_link":"https:\/\/arantv.az\/?author=2"},"rttpg_comment":0,"rttpg_category":"<a href=\"https:\/\/arantv.az\/?cat=4\" rel=\"category\">Siyas\u0259t<\/a>","rttpg_excerpt":"Az\u0259rbaycanda f\u0259aliyy\u0259t g\u00f6st\u0259r\u0259n b\u00fct\u00fcn dinl\u0259r\u0259 b\u0259rab\u0259r yana\u015f\u0131l\u0131r, qay\u011f\u0131 g\u00f6st\u0259rilir. Bu, bilavasit\u0259 c\u0259nab Prezidentin apard\u0131\u011f\u0131 siyas\u0259tin n\u0259tic\u0259sidir v\u0259 bu siyas\u0259t bundan sonra da davam ed\u0259c\u0259k. ARANTV.AZ\u00a0\u00a0Trend-\u0259 istinad\u0259n x\u0259b\u0259r verir ki, bunu Prezident Administrasiyas\u0131n\u0131n (PA) Mill\u0259tl\u0259raras\u0131 m\u00fcnasib\u0259tl\u0259r, multikulturalizm v\u0259 dini m\u0259s\u0259l\u0259l\u0259r \u015f\u00f6b\u0259sind\u0259 b\u00f6y\u00fck m\u0259sl\u0259h\u0259t\u00e7i \u018fliheyd\u0259r Z\u00fclf\u00fcqarov &#8220;Az\u0259rbaycanda d\u00fcny\u0259viliyin tarixi v\u0259 bu g\u00fcn\u00fc&#8221; adl\u0131 konfransda deyib. \u018f.Z\u00fclf\u00fcqarov vur\u011fulay\u0131b&hellip;","_links":{"self":[{"href":"https:\/\/arantv.az\/index.php?rest_route=\/wp\/v2\/posts\/101706"}],"collection":[{"href":"https:\/\/arantv.az\/index.php?rest_route=\/wp\/v2\/posts"}],"about":[{"href":"https:\/\/arantv.az\/index.php?rest_route=\/wp\/v2\/types\/post"}],"author":[{"embeddable":true,"href":"https:\/\/arantv.az\/index.php?rest_route=\/wp\/v2\/users\/2"}],"replies":[{"embeddable":true,"href":"https:\/\/arantv.az\/index.php?rest_route=%2Fwp%2Fv2%2Fcomments&post=101706"}],"version-history":[{"count":0,"href":"https:\/\/arantv.az\/index.php?rest_route=\/wp\/v2\/posts\/101706\/revisions"}],"wp:featuredmedia":[{"embeddable":true,"href":"https:\/\/arantv.az\/index.php?rest_route=\/wp\/v2\/media\/101707"}],"wp:attachment":[{"href":"https:\/\/arantv.az\/index.php?rest_route=%2Fwp%2Fv2%2Fmedia&parent=101706"}],"wp:term":[{"taxonomy":"category","embeddable":true,"href":"https:\/\/arantv.az\/index.php?rest_route=%2Fwp%2Fv2%2Fcategories&post=101706"},{"taxonomy":"post_tag","embeddable":true,"href":"https:\/\/arantv.az\/index.php?rest_route=%2Fwp%2Fv2%2Ftags&post=101706"}],"curies":[{"name":"wp","href":"https:\/\/api.w.org\/{rel}","templated":true}]}}