{"id":101710,"date":"2019-11-28T12:10:00","date_gmt":"2019-11-28T09:10:00","guid":{"rendered":"http:\/\/arantv.az\/?p=101710"},"modified":"2019-11-28T12:10:00","modified_gmt":"2019-11-28T09:10:00","slug":"az%c9%99rbaycanda-650-min-agac-%c9%99kil%c9%99c%c9%99yi-gun-aciqlandi","status":"publish","type":"post","link":"https:\/\/arantv.az\/?p=101710","title":{"rendered":"Az\u0259rbaycanda 650 min a\u011fac \u0259kil\u0259c\u0259yi G\u00dcN a\u00e7\u0131qland\u0131"},"content":{"rendered":"<blockquote><p><em><strong>N\u0259simi ili il\u0259 \u0259laq\u0259dar Az\u0259rbaycanda 650 min a\u011fac\u0131n \u0259kilm\u0259si kampaniyas\u0131 dekabr\u0131n 5-d\u0259 ger\u00e7\u0259kl\u0259\u015f\u0259c\u0259k.<\/strong><\/em><\/p><\/blockquote>\n<p><strong>ARANTV.AZ<\/strong>\u00a0<a href=\"https:\/\/az.trend.az\/\" target=\"_blank\" rel=\"noopener\">Trend<\/a>-\u0259 istinad\u0259n x\u0259b\u0259r verir ki, bunu Ekologiya v\u0259 T\u0259bii S\u0259rv\u0259tl\u0259r Nazirliyinin m\u0259tbuat katibi \u0130rad\u0259 \u0130brahimova bildirib.<\/p>\n<p>O deyib: &#8220;Az\u0259rbaycan Respublikas\u0131n\u0131n Birinci vitse-prezidenti Mehriban \u018fliyevan\u0131n m\u00fct\u0259f\u0259kkir \u015fair \u0130mad\u0259ddin N\u0259siminin 650 illik yubileyi il\u0259 \u0259laq\u0259dar bir g\u00fcnd\u0259 650 min a\u011fac\u0131n \u0259kilm\u0259si t\u0259\u015f\u0259bb\u00fcs\u00fc \u00e7\u0259r\u00e7iv\u0259sind\u0259 \u00f6lk\u0259mizin b\u00fct\u00fcn regionlar\u0131nda eyni anda a\u011fac \u0259kilm\u0259sin\u0259 start veril\u0259c\u0259k. &#8220;T\u0259bi\u0259t\u0259 \u00f6z t\u00f6hf\u0259ni ver&#8221; devizi alt\u0131nda ke\u00e7iril\u0259c\u0259k kampaniya \u00e7\u0259r\u00e7iv\u0259sind\u0259 \u00f6lk\u0259mizd\u0259 bu vaxta q\u0259d\u0259r ba\u015f verm\u0259mi\u015f hadis\u0259 realla\u015facaq, bir g\u00fcnd\u0259 650 min a\u011fac \u0259kil\u0259c\u0259k&#8221;.<\/p>\n","protected":false},"excerpt":{"rendered":"<p>N\u0259simi ili il\u0259 \u0259laq\u0259dar Az\u0259rbaycanda 650 min a\u011fac\u0131n \u0259kilm\u0259si kampaniyas\u0131 dekabr\u0131n 5-d\u0259 ger\u00e7\u0259kl\u0259\u015f\u0259c\u0259k. ARANTV.AZ\u00a0Trend-\u0259 istinad\u0259n x\u0259b\u0259r verir ki, bunu Ekologiya v\u0259 T\u0259bii S\u0259rv\u0259tl\u0259r Nazirliyinin m\u0259tbuat katibi \u0130rad\u0259 \u0130brahimova bildirib. O deyib: &#8220;Az\u0259rbaycan Respublikas\u0131n\u0131n Birinci vitse-prezidenti Mehriban \u018fliyevan\u0131n m\u00fct\u0259f\u0259kkir \u015fair \u0130mad\u0259ddin N\u0259siminin 650 illik yubileyi il\u0259 \u0259laq\u0259dar bir g\u00fcnd\u0259 650 min a\u011fac\u0131n \u0259kilm\u0259si t\u0259\u015f\u0259bb\u00fcs\u00fc \u00e7\u0259r\u00e7iv\u0259sind\u0259 \u00f6lk\u0259mizin b\u00fct\u00fcn regionlar\u0131nda eyni anda a\u011fac \u0259kilm\u0259sin\u0259 start veril\u0259c\u0259k. &#8220;T\u0259bi\u0259t\u0259 \u00f6z t\u00f6hf\u0259ni ver&#8221; devizi alt\u0131nda ke\u00e7iril\u0259c\u0259k kampaniya \u00e7\u0259r\u00e7iv\u0259sind\u0259 \u00f6lk\u0259mizd\u0259 bu vaxta q\u0259d\u0259r ba\u015f verm\u0259mi\u015f hadis\u0259 realla\u015facaq, bir g\u00fcnd\u0259 650 min a\u011fac \u0259kil\u0259c\u0259k&#8221;.<\/p>\n","protected":false},"author":2,"featured_media":101711,"comment_status":"closed","ping_status":"closed","sticky":false,"template":"","format":"standard","meta":{"om_disable_all_campaigns":false,"_monsterinsights_skip_tracking":false,"_monsterinsights_sitenote_active":false,"_monsterinsights_sitenote_note":"","_monsterinsights_sitenote_category":0},"categories":[1],"tags":[],"aioseo_notices":[],"gutentor_comment":0,"rttpg_featured_image_url":{"full":["https:\/\/arantv.az\/wp-content\/uploads\/2019\/11\/806019.jpg",800,600,false],"landscape":["https:\/\/arantv.az\/wp-content\/uploads\/2019\/11\/806019.jpg",800,600,false],"portraits":["https:\/\/arantv.az\/wp-content\/uploads\/2019\/11\/806019.jpg",800,600,false],"thumbnail":["https:\/\/arantv.az\/wp-content\/uploads\/2019\/11\/806019-150x150.jpg",150,150,true],"medium":["https:\/\/arantv.az\/wp-content\/uploads\/2019\/11\/806019-300x225.jpg",300,225,true],"large":["https:\/\/arantv.az\/wp-content\/uploads\/2019\/11\/806019.jpg",640,480,false],"1536x1536":["https:\/\/arantv.az\/wp-content\/uploads\/2019\/11\/806019.jpg",800,600,false],"2048x2048":["https:\/\/arantv.az\/wp-content\/uploads\/2019\/11\/806019.jpg",800,600,false],"post-thumbnail":["https:\/\/arantv.az\/wp-content\/uploads\/2019\/11\/806019-240x172.jpg",240,172,true],"advps-thumb-one":["https:\/\/arantv.az\/wp-content\/uploads\/2019\/11\/806019.jpg",800,600,false]},"rttpg_author":{"display_name":"V\u00fcsal Rafiqo\u011flu","author_link":"https:\/\/arantv.az\/?author=2"},"rttpg_comment":0,"rttpg_category":"<a href=\"https:\/\/arantv.az\/?cat=1\" rel=\"category\">C\u0259miyy\u0259t<\/a>","rttpg_excerpt":"N\u0259simi ili il\u0259 \u0259laq\u0259dar Az\u0259rbaycanda 650 min a\u011fac\u0131n \u0259kilm\u0259si kampaniyas\u0131 dekabr\u0131n 5-d\u0259 ger\u00e7\u0259kl\u0259\u015f\u0259c\u0259k. ARANTV.AZ\u00a0Trend-\u0259 istinad\u0259n x\u0259b\u0259r verir ki, bunu Ekologiya v\u0259 T\u0259bii S\u0259rv\u0259tl\u0259r Nazirliyinin m\u0259tbuat katibi \u0130rad\u0259 \u0130brahimova bildirib. O deyib: &#8220;Az\u0259rbaycan Respublikas\u0131n\u0131n Birinci vitse-prezidenti Mehriban \u018fliyevan\u0131n m\u00fct\u0259f\u0259kkir \u015fair \u0130mad\u0259ddin N\u0259siminin 650 illik yubileyi il\u0259 \u0259laq\u0259dar bir g\u00fcnd\u0259 650 min a\u011fac\u0131n \u0259kilm\u0259si t\u0259\u015f\u0259bb\u00fcs\u00fc \u00e7\u0259r\u00e7iv\u0259sind\u0259 \u00f6lk\u0259mizin&hellip;","_links":{"self":[{"href":"https:\/\/arantv.az\/index.php?rest_route=\/wp\/v2\/posts\/101710"}],"collection":[{"href":"https:\/\/arantv.az\/index.php?rest_route=\/wp\/v2\/posts"}],"about":[{"href":"https:\/\/arantv.az\/index.php?rest_route=\/wp\/v2\/types\/post"}],"author":[{"embeddable":true,"href":"https:\/\/arantv.az\/index.php?rest_route=\/wp\/v2\/users\/2"}],"replies":[{"embeddable":true,"href":"https:\/\/arantv.az\/index.php?rest_route=%2Fwp%2Fv2%2Fcomments&post=101710"}],"version-history":[{"count":0,"href":"https:\/\/arantv.az\/index.php?rest_route=\/wp\/v2\/posts\/101710\/revisions"}],"wp:featuredmedia":[{"embeddable":true,"href":"https:\/\/arantv.az\/index.php?rest_route=\/wp\/v2\/media\/101711"}],"wp:attachment":[{"href":"https:\/\/arantv.az\/index.php?rest_route=%2Fwp%2Fv2%2Fmedia&parent=101710"}],"wp:term":[{"taxonomy":"category","embeddable":true,"href":"https:\/\/arantv.az\/index.php?rest_route=%2Fwp%2Fv2%2Fcategories&post=101710"},{"taxonomy":"post_tag","embeddable":true,"href":"https:\/\/arantv.az\/index.php?rest_route=%2Fwp%2Fv2%2Ftags&post=101710"}],"curies":[{"name":"wp","href":"https:\/\/api.w.org\/{rel}","templated":true}]}}