{"id":101714,"date":"2019-11-28T12:10:44","date_gmt":"2019-11-28T09:10:44","guid":{"rendered":"http:\/\/arantv.az\/?p=101714"},"modified":"2019-11-28T12:10:44","modified_gmt":"2019-11-28T09:10:44","slug":"ai-biz-h%c9%99r-zaman-oz-bilik-v%c9%99-t%c9%99crub%c9%99l%c9%99rimizi-t%c9%99klif-edirik","status":"publish","type":"post","link":"https:\/\/arantv.az\/?p=101714","title":{"rendered":"A\u0130: Biz h\u0259r zaman \u00f6z bilik v\u0259 t\u0259cr\u00fcb\u0259l\u0259rimizi t\u0259klif edirik"},"content":{"rendered":"<blockquote><p><em><strong>&#8220;\u015e\u0259rq t\u0259r\u0259fda\u015fl\u0131\u011f\u0131&#8221;na daxil olmaq problemi bu m\u0259s\u0259l\u0259ni h\u0259ll ed\u0259n \u00f6lk\u0259nin qavrama m\u00fcst\u0259visind\u0259 yerl\u0259\u015fir.<\/strong><\/em><\/p><\/blockquote>\n<p><strong>ARANTV.AZ<\/strong>\u00a0<a href=\"https:\/\/az.trend.az\/\" target=\"_blank\" rel=\"noopener\">Trend<\/a>-\u0259 istinad\u0259n x\u0259b\u0259r verir ki, bunu Pol\u015fa n\u00fcmay\u0259nd\u0259 hey\u0259tinin \u00fczv\u00fc Kirill Kosajevski Vi\u015feqrad qrupu \u00f6lk\u0259l\u0259rinin n\u00fcmay\u0259nd\u0259l\u0259rinin i\u015ftirak\u0131 il\u0259 ke\u00e7iril\u0259n d\u0259yirmi masa zaman\u0131 deyib.<\/p>\n<p>Onun s\u00f6zl\u0259rin\u0259 g\u00f6r\u0259, m\u00fcxt\u0259lif \u00f6lk\u0259l\u0259r &#8220;\u015e\u0259rq t\u0259r\u0259fda\u015fl\u0131\u011f\u0131&#8221;na f\u0259rqli ambisiya v\u0259 maraqlarla daxil olur.<\/p>\n<p>K.Kosajevski bildirib ki, bununla bel\u0259, Avropa \u0130ttifaq\u0131 \u00f6z bilik v\u0259 t\u0259cr\u00fcb\u0259l\u0259rini t\u0259klif edir:<\/p>\n<p>&#8220;\u015e\u0259rq t\u0259r\u0259fda\u015fl\u0131\u011f\u0131&#8221;n\u0131n h\u0259r bir \u00fczv\u00fc t\u0259r\u0259fda\u015fl\u0131qdan \u00e7\u0131xa bil\u0259r v\u0259 buna he\u00e7 kim mane olmayacaq. Biz \u00f6z t\u0259r\u0259fimizd\u0259n bilik v\u0259 t\u0259cr\u00fcb\u0259 t\u0259klif edirik, qalan m\u0259s\u0259l\u0259l\u0259r \u00f6lk\u0259l\u0259rin se\u00e7imidir&#8221;.<\/p>\n","protected":false},"excerpt":{"rendered":"<p>&#8220;\u015e\u0259rq t\u0259r\u0259fda\u015fl\u0131\u011f\u0131&#8221;na daxil olmaq problemi bu m\u0259s\u0259l\u0259ni h\u0259ll ed\u0259n \u00f6lk\u0259nin qavrama m\u00fcst\u0259visind\u0259 yerl\u0259\u015fir. ARANTV.AZ\u00a0Trend-\u0259 istinad\u0259n x\u0259b\u0259r verir ki, bunu Pol\u015fa n\u00fcmay\u0259nd\u0259 hey\u0259tinin \u00fczv\u00fc Kirill Kosajevski Vi\u015feqrad qrupu \u00f6lk\u0259l\u0259rinin n\u00fcmay\u0259nd\u0259l\u0259rinin i\u015ftirak\u0131 il\u0259 ke\u00e7iril\u0259n d\u0259yirmi masa zaman\u0131 deyib. Onun s\u00f6zl\u0259rin\u0259 g\u00f6r\u0259, m\u00fcxt\u0259lif \u00f6lk\u0259l\u0259r &#8220;\u015e\u0259rq t\u0259r\u0259fda\u015fl\u0131\u011f\u0131&#8221;na f\u0259rqli ambisiya v\u0259 maraqlarla daxil olur. K.Kosajevski bildirib ki, bununla bel\u0259, Avropa \u0130ttifaq\u0131 \u00f6z bilik v\u0259 t\u0259cr\u00fcb\u0259l\u0259rini t\u0259klif edir: &#8220;\u015e\u0259rq t\u0259r\u0259fda\u015fl\u0131\u011f\u0131&#8221;n\u0131n h\u0259r bir \u00fczv\u00fc t\u0259r\u0259fda\u015fl\u0131qdan \u00e7\u0131xa bil\u0259r v\u0259 buna he\u00e7 kim mane olmayacaq. Biz \u00f6z t\u0259r\u0259fimizd\u0259n bilik v\u0259 t\u0259cr\u00fcb\u0259 t\u0259klif edirik, qalan m\u0259s\u0259l\u0259l\u0259r \u00f6lk\u0259l\u0259rin se\u00e7imidir&#8221;.<\/p>\n","protected":false},"author":2,"featured_media":101715,"comment_status":"closed","ping_status":"closed","sticky":false,"template":"","format":"standard","meta":{"om_disable_all_campaigns":false,"_monsterinsights_skip_tracking":false,"_monsterinsights_sitenote_active":false,"_monsterinsights_sitenote_note":"","_monsterinsights_sitenote_category":0},"categories":[4],"tags":[],"aioseo_notices":[],"gutentor_comment":0,"rttpg_featured_image_url":{"full":["https:\/\/arantv.az\/wp-content\/uploads\/2019\/11\/805992.jpg",800,600,false],"landscape":["https:\/\/arantv.az\/wp-content\/uploads\/2019\/11\/805992.jpg",800,600,false],"portraits":["https:\/\/arantv.az\/wp-content\/uploads\/2019\/11\/805992.jpg",800,600,false],"thumbnail":["https:\/\/arantv.az\/wp-content\/uploads\/2019\/11\/805992-150x150.jpg",150,150,true],"medium":["https:\/\/arantv.az\/wp-content\/uploads\/2019\/11\/805992-300x225.jpg",300,225,true],"large":["https:\/\/arantv.az\/wp-content\/uploads\/2019\/11\/805992.jpg",640,480,false],"1536x1536":["https:\/\/arantv.az\/wp-content\/uploads\/2019\/11\/805992.jpg",800,600,false],"2048x2048":["https:\/\/arantv.az\/wp-content\/uploads\/2019\/11\/805992.jpg",800,600,false],"post-thumbnail":["https:\/\/arantv.az\/wp-content\/uploads\/2019\/11\/805992-240x172.jpg",240,172,true],"advps-thumb-one":["https:\/\/arantv.az\/wp-content\/uploads\/2019\/11\/805992.jpg",800,600,false]},"rttpg_author":{"display_name":"V\u00fcsal Rafiqo\u011flu","author_link":"https:\/\/arantv.az\/?author=2"},"rttpg_comment":0,"rttpg_category":"<a href=\"https:\/\/arantv.az\/?cat=4\" rel=\"category\">Siyas\u0259t<\/a>","rttpg_excerpt":"&#8220;\u015e\u0259rq t\u0259r\u0259fda\u015fl\u0131\u011f\u0131&#8221;na daxil olmaq problemi bu m\u0259s\u0259l\u0259ni h\u0259ll ed\u0259n \u00f6lk\u0259nin qavrama m\u00fcst\u0259visind\u0259 yerl\u0259\u015fir. ARANTV.AZ\u00a0Trend-\u0259 istinad\u0259n x\u0259b\u0259r verir ki, bunu Pol\u015fa n\u00fcmay\u0259nd\u0259 hey\u0259tinin \u00fczv\u00fc Kirill Kosajevski Vi\u015feqrad qrupu \u00f6lk\u0259l\u0259rinin n\u00fcmay\u0259nd\u0259l\u0259rinin i\u015ftirak\u0131 il\u0259 ke\u00e7iril\u0259n d\u0259yirmi masa zaman\u0131 deyib. Onun s\u00f6zl\u0259rin\u0259 g\u00f6r\u0259, m\u00fcxt\u0259lif \u00f6lk\u0259l\u0259r &#8220;\u015e\u0259rq t\u0259r\u0259fda\u015fl\u0131\u011f\u0131&#8221;na f\u0259rqli ambisiya v\u0259 maraqlarla daxil olur. K.Kosajevski bildirib ki, bununla bel\u0259, Avropa&hellip;","_links":{"self":[{"href":"https:\/\/arantv.az\/index.php?rest_route=\/wp\/v2\/posts\/101714"}],"collection":[{"href":"https:\/\/arantv.az\/index.php?rest_route=\/wp\/v2\/posts"}],"about":[{"href":"https:\/\/arantv.az\/index.php?rest_route=\/wp\/v2\/types\/post"}],"author":[{"embeddable":true,"href":"https:\/\/arantv.az\/index.php?rest_route=\/wp\/v2\/users\/2"}],"replies":[{"embeddable":true,"href":"https:\/\/arantv.az\/index.php?rest_route=%2Fwp%2Fv2%2Fcomments&post=101714"}],"version-history":[{"count":0,"href":"https:\/\/arantv.az\/index.php?rest_route=\/wp\/v2\/posts\/101714\/revisions"}],"wp:featuredmedia":[{"embeddable":true,"href":"https:\/\/arantv.az\/index.php?rest_route=\/wp\/v2\/media\/101715"}],"wp:attachment":[{"href":"https:\/\/arantv.az\/index.php?rest_route=%2Fwp%2Fv2%2Fmedia&parent=101714"}],"wp:term":[{"taxonomy":"category","embeddable":true,"href":"https:\/\/arantv.az\/index.php?rest_route=%2Fwp%2Fv2%2Fcategories&post=101714"},{"taxonomy":"post_tag","embeddable":true,"href":"https:\/\/arantv.az\/index.php?rest_route=%2Fwp%2Fv2%2Ftags&post=101714"}],"curies":[{"name":"wp","href":"https:\/\/api.w.org\/{rel}","templated":true}]}}