{"id":101790,"date":"2019-11-28T13:49:55","date_gmt":"2019-11-28T10:49:55","guid":{"rendered":"http:\/\/arantv.az\/?p=101790"},"modified":"2019-11-28T13:49:55","modified_gmt":"2019-11-28T10:49:55","slug":"deputat-rusiya-il%c9%99-az%c9%99rbaycan-arasinda-munasib%c9%99tl%c9%99r-getdikc%c9%99-daha-six-tell%c9%99rl%c9%99-baglanir","status":"publish","type":"post","link":"https:\/\/arantv.az\/?p=101790","title":{"rendered":"Deputat: &#8220;Rusiya il\u0259 Az\u0259rbaycan aras\u0131nda m\u00fcnasib\u0259tl\u0259r getdikc\u0259 daha s\u0131x tell\u0259rl\u0259 ba\u011flan\u0131r&#8221;"},"content":{"rendered":"<blockquote><p><em><strong>Son ill\u0259r Rusiya il\u0259 Az\u0259rbaycan aras\u0131nda m\u00fcnasib\u0259tl\u0259r getdikc\u0259 daha s\u0131x tell\u0259rl\u0259 ba\u011flan\u0131r.<\/strong><\/em><\/p><\/blockquote>\n<p><strong>ARANTV.AZ\u00a0<\/strong> x\u0259b\u0259r verir ki, bunu\u00a0<a href=\"https:\/\/az.trend.az\/\" target=\"_blank\" rel=\"noopener\">Trend<\/a>-\u0259 Milli M\u0259clisin deputat\u0131, Az\u0259rbaycan Respublikas\u0131n\u0131n Prezidenti yan\u0131nda D\u00f6vl\u0259t \u0130dar\u0259\u00e7ilik Akademiyas\u0131n\u0131n professoru, siyasi elml\u0259r doktoru Elman N\u0259sirov deyib.<\/p>\n<p>Onun s\u00f6zl\u0259rin\u0259 g\u00f6r\u0259, iki \u00f6lk\u0259nin prezidentl\u0259ri aras\u0131ndak\u0131 \u015f\u0259xsi m\u00fcnasib\u0259tl\u0259rin y\u00fcks\u0259k s\u0259viyy\u0259d\u0259 olmas\u0131 \u0259m\u0259kda\u015fl\u0131\u011f\u0131n daha da yax\u015f\u0131la\u015fd\u0131r\u0131lmas\u0131nda b\u00f6y\u00fck rol oynay\u0131r: &#8220;Birinci vitse-prezident Mehriban xan\u0131m \u018fliyevan\u0131n Rusiyaya ilk r\u0259smi s\u0259f\u0259rinin yekunlar\u0131 Rusiya il\u0259 Az\u0259rbaycan aras\u0131nda m\u00fcnasib\u0259tl\u0259rin daim y\u00fcks\u0259li\u015fd\u0259 oldu\u011funu bir daha t\u0259sdiql\u0259di. S\u0259f\u0259r \u00e7\u0259r\u00e7iv\u0259sind\u0259 ke\u00e7iril\u0259n g\u00f6r\u00fc\u015fl\u0259r, X Az\u0259rbaycan-Rusiya Regionlararas\u0131 Forumunda &#8220;Az\u0259rbaycan&#8221; pavilyonunun a\u00e7\u0131l\u0131\u015f\u0131 g\u00f6st\u0259rdi ki, h\u0259qiq\u0259t\u0259n d\u0259 iki \u00f6lk\u0259 aras\u0131nda m\u00fcnasib\u0259tl\u0259r strateji t\u0259r\u0259fda\u015fl\u0131q, mehriban qon\u015fuluq v\u0259 s\u0259mimi dostlu\u011fun n\u0259tic\u0259sidir&#8221;.<\/p>\n<p>Bu r\u0259smi s\u0259f\u0259rin \u00e7ox b\u00f6y\u00fck ictimai-siyasi \u0259h\u0259miyy\u0259t da\u015f\u0131d\u0131\u011f\u0131n\u0131 n\u0259z\u0259r\u0259 \u00e7atd\u0131ran E.N\u0259sirov qeyd edib ki, Az\u0259rbaycan-Rusiya m\u00fcnasib\u0259tl\u0259ri mehriban qon\u015fuluqla yana\u015f\u0131, qar\u015f\u0131l\u0131ql\u0131 faydal\u0131 \u0259m\u0259kda\u015fl\u0131\u011f\u0131n, ilk n\u00f6vb\u0259d\u0259, b\u0259rab\u0259r h\u00fcquqlara s\u00f6yk\u0259n\u0259n \u0259laq\u0259l\u0259rin n\u0259tic\u0259sidir.<\/p>\n<p>Az\u0259rbaycan-Rusiya m\u00fcnasib\u0259tl\u0259rinin b\u00fct\u00fcn sah\u0259l\u0259r \u00fczr\u0259 inki\u015faf etdiyini s\u00f6yl\u0259y\u0259n E.N\u0259sirov \u0259lav\u0259 edib ki, qeyri-neft sektorunda m\u00fcnasib\u0259tl\u0259rimiz daha dinamik inki\u015faf tempin\u0259 malikdir:<\/p>\n<p>&#8220;Faktlar da t\u0259sdiql\u0259yir ki, 2019-cu ilin 9 ay\u0131 \u0259rzind\u0259 Az\u0259rbaycandan 1 milyard 413 milyon dollarl\u0131q qeyri-neft m\u0259hsulu ixrac edilib. Bu s\u0131rada birinci yerd\u0259 Rusiya dayan\u0131r ki, bu da 465,6 milyon dollara b\u0259rab\u0259rdir. Eyni zamanda, Mehriban xan\u0131m \u018fliyevan\u0131n bu s\u0259f\u0259ri \u00e7\u0259r\u00e7iv\u0259sind\u0259 Rusiya Prezidenti Vladimir Putinl\u0259 g\u00f6r\u00fc\u015f\u00fc v\u0259 bu g\u00f6r\u00fc\u015fd\u0259 s\u0259sl\u0259ndiril\u0259n fikirl\u0259r onu g\u00f6st\u0259rir ki, h\u0259r iki d\u00f6vl\u0259tin prezidentl\u0259ri s\u0259viyy\u0259sind\u0259 \u00e7ox s\u0131x m\u00fcnasib\u0259tl\u0259r var&#8221;.<\/p>\n<p>Deputat bu fikird\u0259dir ki, h\u0259m Az\u0259rbaycan, h\u0259m d\u0259 Rusiya bu m\u00fcnasib\u0259tl\u0259rin inki\u015faf<br \/>\netdirilm\u0259sind\u0259 olduqca maraql\u0131d\u0131rlar.<\/p>\n<p>Onun bildirdiyin\u0259 g\u00f6r\u0259, qeyri-neft sektoru, k\u0259nd t\u0259s\u0259rr\u00fcfat\u0131, ma\u015f\u0131nqay\u0131rma, turizm sah\u0259sind\u0259ki \u0259laq\u0259l\u0259rimiz \u00e7ox s\u00fcr\u0259tl\u0259 inki\u015faf edir v\u0259 olduqca geni\u015f imkan, perspektivi t\u0259min edir.<\/p>\n","protected":false},"excerpt":{"rendered":"<p>Son ill\u0259r Rusiya il\u0259 Az\u0259rbaycan aras\u0131nda m\u00fcnasib\u0259tl\u0259r getdikc\u0259 daha s\u0131x tell\u0259rl\u0259 ba\u011flan\u0131r. ARANTV.AZ\u00a0 x\u0259b\u0259r verir ki, bunu\u00a0Trend-\u0259 Milli M\u0259clisin deputat\u0131, Az\u0259rbaycan Respublikas\u0131n\u0131n Prezidenti yan\u0131nda D\u00f6vl\u0259t \u0130dar\u0259\u00e7ilik Akademiyas\u0131n\u0131n professoru, siyasi elml\u0259r doktoru Elman N\u0259sirov deyib. Onun s\u00f6zl\u0259rin\u0259 g\u00f6r\u0259, iki \u00f6lk\u0259nin prezidentl\u0259ri aras\u0131ndak\u0131 \u015f\u0259xsi m\u00fcnasib\u0259tl\u0259rin y\u00fcks\u0259k s\u0259viyy\u0259d\u0259 olmas\u0131 \u0259m\u0259kda\u015fl\u0131\u011f\u0131n daha da yax\u015f\u0131la\u015fd\u0131r\u0131lmas\u0131nda b\u00f6y\u00fck rol oynay\u0131r: &#8220;Birinci vitse-prezident Mehriban xan\u0131m \u018fliyevan\u0131n Rusiyaya ilk r\u0259smi s\u0259f\u0259rinin yekunlar\u0131 Rusiya il\u0259 Az\u0259rbaycan aras\u0131nda m\u00fcnasib\u0259tl\u0259rin daim y\u00fcks\u0259li\u015fd\u0259 oldu\u011funu bir daha t\u0259sdiql\u0259di. S\u0259f\u0259r \u00e7\u0259r\u00e7iv\u0259sind\u0259 ke\u00e7iril\u0259n g\u00f6r\u00fc\u015fl\u0259r, X Az\u0259rbaycan-Rusiya Regionlararas\u0131 Forumunda &#8220;Az\u0259rbaycan&#8221; pavilyonunun a\u00e7\u0131l\u0131\u015f\u0131 g\u00f6st\u0259rdi ki, h\u0259qiq\u0259t\u0259n d\u0259 iki&hellip;<\/p>\n","protected":false},"author":2,"featured_media":101791,"comment_status":"closed","ping_status":"closed","sticky":false,"template":"","format":"standard","meta":{"om_disable_all_campaigns":false,"_monsterinsights_skip_tracking":false,"_monsterinsights_sitenote_active":false,"_monsterinsights_sitenote_note":"","_monsterinsights_sitenote_category":0},"categories":[4],"tags":[],"aioseo_notices":[],"gutentor_comment":0,"rttpg_featured_image_url":{"full":["https:\/\/arantv.az\/wp-content\/uploads\/2019\/11\/806057.jpg",800,600,false],"landscape":["https:\/\/arantv.az\/wp-content\/uploads\/2019\/11\/806057.jpg",800,600,false],"portraits":["https:\/\/arantv.az\/wp-content\/uploads\/2019\/11\/806057.jpg",800,600,false],"thumbnail":["https:\/\/arantv.az\/wp-content\/uploads\/2019\/11\/806057-150x150.jpg",150,150,true],"medium":["https:\/\/arantv.az\/wp-content\/uploads\/2019\/11\/806057-300x225.jpg",300,225,true],"large":["https:\/\/arantv.az\/wp-content\/uploads\/2019\/11\/806057.jpg",640,480,false],"1536x1536":["https:\/\/arantv.az\/wp-content\/uploads\/2019\/11\/806057.jpg",800,600,false],"2048x2048":["https:\/\/arantv.az\/wp-content\/uploads\/2019\/11\/806057.jpg",800,600,false],"post-thumbnail":["https:\/\/arantv.az\/wp-content\/uploads\/2019\/11\/806057-240x172.jpg",240,172,true],"advps-thumb-one":["https:\/\/arantv.az\/wp-content\/uploads\/2019\/11\/806057.jpg",800,600,false]},"rttpg_author":{"display_name":"V\u00fcsal Rafiqo\u011flu","author_link":"https:\/\/arantv.az\/?author=2"},"rttpg_comment":0,"rttpg_category":"<a href=\"https:\/\/arantv.az\/?cat=4\" rel=\"category\">Siyas\u0259t<\/a>","rttpg_excerpt":"Son ill\u0259r Rusiya il\u0259 Az\u0259rbaycan aras\u0131nda m\u00fcnasib\u0259tl\u0259r getdikc\u0259 daha s\u0131x tell\u0259rl\u0259 ba\u011flan\u0131r. ARANTV.AZ\u00a0 x\u0259b\u0259r verir ki, bunu\u00a0Trend-\u0259 Milli M\u0259clisin deputat\u0131, Az\u0259rbaycan Respublikas\u0131n\u0131n Prezidenti yan\u0131nda D\u00f6vl\u0259t \u0130dar\u0259\u00e7ilik Akademiyas\u0131n\u0131n professoru, siyasi elml\u0259r doktoru Elman N\u0259sirov deyib. Onun s\u00f6zl\u0259rin\u0259 g\u00f6r\u0259, iki \u00f6lk\u0259nin prezidentl\u0259ri aras\u0131ndak\u0131 \u015f\u0259xsi m\u00fcnasib\u0259tl\u0259rin y\u00fcks\u0259k s\u0259viyy\u0259d\u0259 olmas\u0131 \u0259m\u0259kda\u015fl\u0131\u011f\u0131n daha da yax\u015f\u0131la\u015fd\u0131r\u0131lmas\u0131nda b\u00f6y\u00fck rol oynay\u0131r: &#8220;Birinci vitse-prezident&hellip;","_links":{"self":[{"href":"https:\/\/arantv.az\/index.php?rest_route=\/wp\/v2\/posts\/101790"}],"collection":[{"href":"https:\/\/arantv.az\/index.php?rest_route=\/wp\/v2\/posts"}],"about":[{"href":"https:\/\/arantv.az\/index.php?rest_route=\/wp\/v2\/types\/post"}],"author":[{"embeddable":true,"href":"https:\/\/arantv.az\/index.php?rest_route=\/wp\/v2\/users\/2"}],"replies":[{"embeddable":true,"href":"https:\/\/arantv.az\/index.php?rest_route=%2Fwp%2Fv2%2Fcomments&post=101790"}],"version-history":[{"count":0,"href":"https:\/\/arantv.az\/index.php?rest_route=\/wp\/v2\/posts\/101790\/revisions"}],"wp:featuredmedia":[{"embeddable":true,"href":"https:\/\/arantv.az\/index.php?rest_route=\/wp\/v2\/media\/101791"}],"wp:attachment":[{"href":"https:\/\/arantv.az\/index.php?rest_route=%2Fwp%2Fv2%2Fmedia&parent=101790"}],"wp:term":[{"taxonomy":"category","embeddable":true,"href":"https:\/\/arantv.az\/index.php?rest_route=%2Fwp%2Fv2%2Fcategories&post=101790"},{"taxonomy":"post_tag","embeddable":true,"href":"https:\/\/arantv.az\/index.php?rest_route=%2Fwp%2Fv2%2Ftags&post=101790"}],"curies":[{"name":"wp","href":"https:\/\/api.w.org\/{rel}","templated":true}]}}