{"id":101835,"date":"2019-11-28T14:29:10","date_gmt":"2019-11-28T11:29:10","guid":{"rendered":"http:\/\/arantv.az\/?p=101835"},"modified":"2019-11-28T14:29:10","modified_gmt":"2019-11-28T11:29:10","slug":"az%c9%99rbaycan-v%c9%99-turkm%c9%99nistan-x%c9%99z%c9%99r-d%c9%99nizinin-dibi-il%c9%99-magistral-fiber-optik-kabel-x%c9%99tti-c%c9%99k%c9%99c%c9%99k-foto","status":"publish","type":"post","link":"https:\/\/arantv.az\/?p=101835","title":{"rendered":"Az\u0259rbaycan v\u0259 T\u00fcrkm\u0259nistan X\u0259z\u0259r d\u0259nizinin dibi il\u0259 magistral fiber-optik kabel x\u0259tti \u00e7\u0259k\u0259c\u0259k &#8211; FOTO"},"content":{"rendered":"<p>28 noyabr tarixind\u0259 T\u00fcrkm\u0259nistan\u0131n paytaxt\u0131 A\u015fqabad \u015f\u0259h\u0259rind\u0259 ba\u015f tutan \u201cT\u00fcrkmentel 2019\u201d 12-ci Beyn\u0259lxalq Telekom v\u0259 \u0130T S\u0259nayesi s\u0259rgisi \u00e7\u0259r\u00e7iv\u0259sind\u0259 Az\u0259rbaycan v\u0259 T\u00fcrkm\u0259nistan aras\u0131nda X\u0259z\u0259r d\u0259nizinin dibi il\u0259 magistral kabel x\u0259ttinin \u00e7\u0259kilm\u0259si il\u0259 ba\u011fl\u0131 d\u00f6vl\u0259tl\u0259raras\u0131 sazi\u015f imzalan\u0131b.<\/p>\n<p>\u201cAz\u0259rbaycan Respublikas\u0131 H\u00f6kum\u0259ti il\u0259 T\u00fcrkm\u0259nistan H\u00f6kum\u0259ti aras\u0131nda Az\u0259rbaycan Respublikas\u0131n\u0131n v\u0259 T\u00fcrkm\u0259nistan\u0131n rabit\u0259 operatorlar\u0131 t\u0259r\u0259find\u0259n Az\u0259rbaycan-T\u00fcrkm\u0259nistan mar\u015frutu \u00fczr\u0259 X\u0259z\u0259r d\u0259nizinin dibi il\u0259 fiber-optik rabit\u0259 x\u0259tl\u0259rinin birg\u0259 tikintisi, sahibliyi v\u0259 istifad\u0259sind\u0259 m\u00fc\u015ft\u0259r\u0259k f\u0259aliyy\u0259tin t\u0259\u015fkili\u201d haqq\u0131nda d\u00f6vl\u0259tl\u0259raras\u0131 sazi\u015f Az\u0259rbaycan t\u0259r\u0259fd\u0259n Az\u0259rbaycan Respublikas\u0131n\u0131n T\u00fcrkm\u0259nistandak\u0131 f\u00f6vq\u0259lad\u0259 v\u0259 s\u0259lahiyy\u0259tli s\u0259firi H\u0259s\u0259n Zeynalov t\u0259r\u0259find\u0259n T\u00fcrkm\u0259nistan t\u0259r\u0259fd\u0259n is\u0259 bu \u00f6lk\u0259nin S\u0259naye v\u0259 Kommunikasiyalar Nazirliyinin \u201cT\u00fcrkmenaraqatna\u015f\u0131k\u201d (\u201cT\u00fcrkmenaragatna\u015fyk) Agentliyinin s\u0259dri Hac\u0131murad Xudayquliyev t\u0259r\u0259fd\u0259n imzalan\u0131b.<\/p>\n<p>Sazi\u015f\u0259 \u0259sas\u0259n, X\u0259z\u0259r d\u0259nizinin dibi il\u0259 \u00e7\u0259kil\u0259c\u0259k magistral fiber-optik kabel x\u0259tti Az\u0259rbaycan t\u0259r\u0259fd\u0259n magistral internet provayderi \u201cAzerTelecom\u201d \u015firk\u0259ti, T\u00fcrkm\u0259nistan t\u0259r\u0259fd\u0259n is\u0259 bu \u00f6lk\u0259nin telekommunikasiya operatoru \u201cT\u00fcrkmentelekom\u201d t\u0259r\u0259fd\u0259n realla\u015fd\u0131r\u0131lacaq. Kabel x\u0259tti Siy\u0259z\u0259n v\u0259 T\u00fcrkm\u0259nba\u015f\u0131 co\u011frafi m\u0259kanlar\u0131 aras\u0131nda \u00e7\u0259kil\u0259c\u0259k.<\/p>\n<p>\u201cAzerTelecom\u201d \u015firk\u0259ti t\u0259r\u0259find\u0259n bel\u0259 bir magistral kabel x\u0259ttinin \u00e7\u0259kilm\u0259si Az\u0259rbaycandan ke\u00e7\u0259c\u0259k v\u0259 Avropa il\u0259 Asiyan\u0131 birl\u0259\u015fdir\u0259c\u0259k R\u0259q\u0259msal \u0130p\u0259k Yolunu formala\u015fd\u0131racaq. Magistral x\u0259tt Avropa internet m\u0259rk\u0259zl\u0259rind\u0259n internet trafikinin m\u0259hz Az\u0259rbaycan vasit\u0259sil\u0259 T\u00fcrkm\u0259nistana, daha sonra is\u0259 \u00d6zb\u0259kistan, \u018ffqan\u0131stan, Pakistan v\u0259 Hindistana \u00f6t\u00fcr\u00fclm\u0259sin\u0259 imkan ver\u0259c\u0259k. Bel\u0259 bir magistral x\u0259tt Avropa il\u0259 C\u0259nubi Asiya aras\u0131nda internet trafikinin \u00f6t\u00fcr\u00fclm\u0259sind\u0259 Az\u0259rbaycan\u0131 m\u0259rk\u0259zi \u00f6lk\u0259y\u0259 \u00e7evir\u0259c\u0259k v\u0259 r\u0259q\u0259msal telekommunikasiya d\u0259hlizini formala\u015fd\u0131racaq. Kabel x\u0259tti h\u0259r iki \u00f6lk\u0259nin telekommunikasiya sektorunun inki\u015faf\u0131na, el\u0259c\u0259 d\u0259 regional inki\u015fafa t\u00f6hf\u0259 ver\u0259c\u0259k.<\/p>\n<p>Qeyd ed\u0259k ki, \u201cAzerTelecom\u201d Az\u0259rbaycan\u0131n regional r\u0259q\u0259msal m\u0259rk\u0259z\u0259 \u00e7evrilm\u0259si istiqam\u0259tind\u0259 icra etdiyi \u201cAzerbaijan Digital Hub\u201d proqram\u0131 \u00e7\u0259r\u00e7iv\u0259sind\u0259 \u00f6lk\u0259 daxilind\u0259 v\u0259 \u00f6lk\u0259 xaricind\u0259 iri infrastruktur quruculu\u011fu layih\u0259l\u0259ri icra edir. \u00d6lk\u0259 xaricind\u0259 infrastruktur quruculu\u011fu Az\u0259rbaycan v\u0259 Orta Asiya \u00f6lk\u0259l\u0259ri aras\u0131nda X\u0259z\u0259r d\u0259nizinin dibi il\u0259 y\u00fcks\u0259k m\u0259lumat \u00f6t\u00fcrm\u0259 imkanlar\u0131na malik magistral kabel x\u0259ttinin \u00e7\u0259kilm\u0259sini n\u0259z\u0259rd\u0259 tutur. Layih\u0259 iki istiqam\u0259td\u0259n \u2013 Az\u0259rbaycan-Qazax\u0131stan v\u0259 Az\u0259rbaycan-T\u00fcrkm\u0259nistan mar\u015frutlar\u0131ndan ibar\u0259tdir. Art\u0131q Az\u0259rbaycan v\u0259 Qazax\u0131stan aras\u0131nda uzunlu\u011fu 380-400 km olan Transx\u0259z\u0259r Fiber Optik kabel x\u0259ttinin (TransCaspian Fiber Optic &#8211; TCFO) \u00e7\u0259kilm\u0259si il\u0259 ba\u011fl\u0131 operatorlar aras\u0131nda m\u00fcqavil\u0259 v\u0259 iki \u00f6lk\u0259 aras\u0131nda d\u00f6vl\u0259tl\u0259raras\u0131 sazi\u015f m\u00f6vcuddur.<\/p>\n<p>\u201cAzerTelecom\u201d \u2013 Az\u0259rbaycan\u0131n telekommunikasiya operatorudur. \u015eirk\u0259t \u00f6lk\u0259nin ilk mobil operatoru v\u0259 \u0259n s\u00fcr\u0259tli mobil internet provayderi olan \u201cBakcell\u201d \u015firk\u0259tinin t\u00f6r\u0259m\u0259 m\u00fc\u0259ssis\u0259sidir.<\/p>\n<p>\u201cAzerTelecom\u201d \u015fax\u0259l\u0259nmi\u015f \u015f\u0259b\u0259k\u0259 vasit\u0259sil\u0259 Az\u0259rbaycan\u0131 beyn\u0259lxalq internet \u015f\u0259b\u0259k\u0259si il\u0259 birl\u0259\u015fdirir. \u015eirk\u0259t telekommunikasiya sektorunda yerli v\u0259 xarici \u015firk\u0259tl\u0259r\u0259 m\u00fcxt\u0259lif qabaqc\u0131l xidm\u0259tl\u0259r t\u0259qdim edir.<\/p>\n<div class=\"gallery\">\n<div class=\"gallery-i\"><img src=\"https:\/\/assets.oxu.az\/uploads\/W1siZiIsIjIwMTkvMTEvMjgvMTUvMTQvNTMvYjg3NDM5NDUtNzA1Mi00MjEzLWIxODgtNzc4ZTFkZGE1ZDVkL0QzU182NzE4LkpQRyJdLFsicCIsImVuY29kZSIsImpwZyIsIi1xdWFsaXR5IDgwIl0sWyJwIiwidGh1bWIiLCI1OTB4NTkwXHUwMDNlIl1d?sha=04b8228975b5eac8\" alt=\"\" \/><\/p>\n<div class=\"gallery-i-caption\"><\/div>\n<\/div>\n<div class=\"gallery-i\"><img src=\"https:\/\/assets.oxu.az\/uploads\/W1siZiIsIjIwMTkvMTEvMjgvMTUvMTQvNTMvYzk2NWJiMDMtMTcyZi00MTI1LWE5ZjAtZDU2MTkxOGVkNzlkL0QzU182NzMxLkpQRyJdLFsicCIsImVuY29kZSIsImpwZyIsIi1xdWFsaXR5IDgwIl0sWyJwIiwidGh1bWIiLCI1OTB4NTkwXHUwMDNlIl1d?sha=976b387969ba1e01\" alt=\"\" \/><\/p>\n<div class=\"gallery-i-caption\"><\/div>\n<\/div>\n<div class=\"gallery-i\"><img src=\"https:\/\/assets.oxu.az\/uploads\/W1siZiIsIjIwMTkvMTEvMjgvMTUvMTQvNTMvNTA0ODQ4YjctNTkwYS00MzY3LWIyNjYtYmFiYjFmMTRjMzVlL0QzU182NzM1LkpQRyJdLFsicCIsImVuY29kZSIsImpwZyIsIi1xdWFsaXR5IDgwIl0sWyJwIiwidGh1bWIiLCI1OTB4NTkwXHUwMDNlIl1d?sha=5bac23a835b69d1e\" alt=\"\" \/><\/p>\n<div class=\"gallery-i-caption\"><\/div>\n<\/div>\n<div class=\"gallery-i\"><img src=\"https:\/\/assets.oxu.az\/uploads\/W1siZiIsIjIwMTkvMTEvMjgvMTUvMTQvNTMvZTg3YzQwYTAtZDA4NS00ZjVkLThhZDUtOWQ2ZjI3MmVhNmIxL1Nla2lsIDMuSlBHIl0sWyJwIiwiZW5jb2RlIiwianBnIiwiLXF1YWxpdHkgODAiXSxbInAiLCJ0aHVtYiIsIjU5MHg1OTBcdTAwM2UiXV0?sha=a6eebbc6031433c5\" alt=\"\" \/><\/p>\n<div class=\"gallery-i-caption\"><\/div>\n<\/div>\n<div class=\"gallery-i\"><img src=\"https:\/\/assets.oxu.az\/uploads\/W1siZiIsIjIwMTkvMTEvMjgvMTUvMTQvNTQvYWY5MmU2NzctN2QyYi00MzU3LTg2MjItODU2YjA5MWU5MTM0L1Nla2lsIDQuSlBHIl0sWyJwIiwiZW5jb2RlIiwianBnIiwiLXF1YWxpdHkgODAiXSxbInAiLCJ0aHVtYiIsIjU5MHg1OTBcdTAwM2UiXV0?sha=1a91c164eb8093e7\" alt=\"\" \/><\/p>\n<div class=\"gallery-i-caption\"><\/div>\n<\/div>\n<div class=\"gallery-i\"><img src=\"https:\/\/assets.oxu.az\/uploads\/W1siZiIsIjIwMTkvMTEvMjgvMTUvMTQvNTQvZGE4ODcwYTMtOGQ0NC00NTBjLWFjYWEtNTcyMDAxNmE2ZTRmL1Nla2lsIDIuSlBHIl0sWyJwIiwiZW5jb2RlIiwianBnIiwiLXF1YWxpdHkgODAiXSxbInAiLCJ0aHVtYiIsIjU5MHg1OTBcdTAwM2UiXV0?sha=96ce4d5f64974973\" alt=\"\" \/><\/div>\n<\/div>\n","protected":false},"excerpt":{"rendered":"<p>28 noyabr tarixind\u0259 T\u00fcrkm\u0259nistan\u0131n paytaxt\u0131 A\u015fqabad \u015f\u0259h\u0259rind\u0259 ba\u015f tutan \u201cT\u00fcrkmentel 2019\u201d 12-ci Beyn\u0259lxalq Telekom v\u0259 \u0130T S\u0259nayesi s\u0259rgisi \u00e7\u0259r\u00e7iv\u0259sind\u0259 Az\u0259rbaycan v\u0259 T\u00fcrkm\u0259nistan aras\u0131nda X\u0259z\u0259r d\u0259nizinin dibi il\u0259 magistral kabel x\u0259ttinin \u00e7\u0259kilm\u0259si il\u0259 ba\u011fl\u0131 d\u00f6vl\u0259tl\u0259raras\u0131 sazi\u015f imzalan\u0131b. \u201cAz\u0259rbaycan Respublikas\u0131 H\u00f6kum\u0259ti il\u0259 T\u00fcrkm\u0259nistan H\u00f6kum\u0259ti aras\u0131nda Az\u0259rbaycan Respublikas\u0131n\u0131n v\u0259 T\u00fcrkm\u0259nistan\u0131n rabit\u0259 operatorlar\u0131 t\u0259r\u0259find\u0259n Az\u0259rbaycan-T\u00fcrkm\u0259nistan mar\u015frutu \u00fczr\u0259 X\u0259z\u0259r d\u0259nizinin dibi il\u0259 fiber-optik rabit\u0259 x\u0259tl\u0259rinin birg\u0259 tikintisi, sahibliyi v\u0259 istifad\u0259sind\u0259 m\u00fc\u015ft\u0259r\u0259k f\u0259aliyy\u0259tin t\u0259\u015fkili\u201d haqq\u0131nda d\u00f6vl\u0259tl\u0259raras\u0131 sazi\u015f Az\u0259rbaycan t\u0259r\u0259fd\u0259n Az\u0259rbaycan Respublikas\u0131n\u0131n T\u00fcrkm\u0259nistandak\u0131 f\u00f6vq\u0259lad\u0259 v\u0259 s\u0259lahiyy\u0259tli s\u0259firi H\u0259s\u0259n Zeynalov t\u0259r\u0259find\u0259n T\u00fcrkm\u0259nistan t\u0259r\u0259fd\u0259n is\u0259 bu \u00f6lk\u0259nin S\u0259naye v\u0259&hellip;<\/p>\n","protected":false},"author":2,"featured_media":101836,"comment_status":"closed","ping_status":"closed","sticky":false,"template":"","format":"standard","meta":{"om_disable_all_campaigns":false,"_monsterinsights_skip_tracking":false,"_monsterinsights_sitenote_active":false,"_monsterinsights_sitenote_note":"","_monsterinsights_sitenote_category":0},"categories":[1],"tags":[],"aioseo_notices":[],"gutentor_comment":0,"rttpg_featured_image_url":{"full":["https:\/\/arantv.az\/wp-content\/uploads\/2019\/11\/esas-1.jpg",620,455,false],"landscape":["https:\/\/arantv.az\/wp-content\/uploads\/2019\/11\/esas-1.jpg",620,455,false],"portraits":["https:\/\/arantv.az\/wp-content\/uploads\/2019\/11\/esas-1.jpg",620,455,false],"thumbnail":["https:\/\/arantv.az\/wp-content\/uploads\/2019\/11\/esas-1-150x150.jpg",150,150,true],"medium":["https:\/\/arantv.az\/wp-content\/uploads\/2019\/11\/esas-1-300x220.jpg",300,220,true],"large":["https:\/\/arantv.az\/wp-content\/uploads\/2019\/11\/esas-1.jpg",620,455,false],"1536x1536":["https:\/\/arantv.az\/wp-content\/uploads\/2019\/11\/esas-1.jpg",620,455,false],"2048x2048":["https:\/\/arantv.az\/wp-content\/uploads\/2019\/11\/esas-1.jpg",620,455,false],"post-thumbnail":["https:\/\/arantv.az\/wp-content\/uploads\/2019\/11\/esas-1-240x172.jpg",240,172,true],"advps-thumb-one":["https:\/\/arantv.az\/wp-content\/uploads\/2019\/11\/esas-1.jpg",620,455,false]},"rttpg_author":{"display_name":"V\u00fcsal Rafiqo\u011flu","author_link":"https:\/\/arantv.az\/?author=2"},"rttpg_comment":0,"rttpg_category":"<a href=\"https:\/\/arantv.az\/?cat=1\" rel=\"category\">C\u0259miyy\u0259t<\/a>","rttpg_excerpt":"28 noyabr tarixind\u0259 T\u00fcrkm\u0259nistan\u0131n paytaxt\u0131 A\u015fqabad \u015f\u0259h\u0259rind\u0259 ba\u015f tutan \u201cT\u00fcrkmentel 2019\u201d 12-ci Beyn\u0259lxalq Telekom v\u0259 \u0130T S\u0259nayesi s\u0259rgisi \u00e7\u0259r\u00e7iv\u0259sind\u0259 Az\u0259rbaycan v\u0259 T\u00fcrkm\u0259nistan aras\u0131nda X\u0259z\u0259r d\u0259nizinin dibi il\u0259 magistral kabel x\u0259ttinin \u00e7\u0259kilm\u0259si il\u0259 ba\u011fl\u0131 d\u00f6vl\u0259tl\u0259raras\u0131 sazi\u015f imzalan\u0131b. \u201cAz\u0259rbaycan Respublikas\u0131 H\u00f6kum\u0259ti il\u0259 T\u00fcrkm\u0259nistan H\u00f6kum\u0259ti aras\u0131nda Az\u0259rbaycan Respublikas\u0131n\u0131n v\u0259 T\u00fcrkm\u0259nistan\u0131n rabit\u0259 operatorlar\u0131 t\u0259r\u0259find\u0259n Az\u0259rbaycan-T\u00fcrkm\u0259nistan mar\u015frutu \u00fczr\u0259 X\u0259z\u0259r d\u0259nizinin&hellip;","_links":{"self":[{"href":"https:\/\/arantv.az\/index.php?rest_route=\/wp\/v2\/posts\/101835"}],"collection":[{"href":"https:\/\/arantv.az\/index.php?rest_route=\/wp\/v2\/posts"}],"about":[{"href":"https:\/\/arantv.az\/index.php?rest_route=\/wp\/v2\/types\/post"}],"author":[{"embeddable":true,"href":"https:\/\/arantv.az\/index.php?rest_route=\/wp\/v2\/users\/2"}],"replies":[{"embeddable":true,"href":"https:\/\/arantv.az\/index.php?rest_route=%2Fwp%2Fv2%2Fcomments&post=101835"}],"version-history":[{"count":0,"href":"https:\/\/arantv.az\/index.php?rest_route=\/wp\/v2\/posts\/101835\/revisions"}],"wp:featuredmedia":[{"embeddable":true,"href":"https:\/\/arantv.az\/index.php?rest_route=\/wp\/v2\/media\/101836"}],"wp:attachment":[{"href":"https:\/\/arantv.az\/index.php?rest_route=%2Fwp%2Fv2%2Fmedia&parent=101835"}],"wp:term":[{"taxonomy":"category","embeddable":true,"href":"https:\/\/arantv.az\/index.php?rest_route=%2Fwp%2Fv2%2Fcategories&post=101835"},{"taxonomy":"post_tag","embeddable":true,"href":"https:\/\/arantv.az\/index.php?rest_route=%2Fwp%2Fv2%2Ftags&post=101835"}],"curies":[{"name":"wp","href":"https:\/\/api.w.org\/{rel}","templated":true}]}}