{"id":101839,"date":"2019-11-28T14:34:36","date_gmt":"2019-11-28T11:34:36","guid":{"rendered":"http:\/\/arantv.az\/?p=101839"},"modified":"2019-11-28T14:34:36","modified_gmt":"2019-11-28T11:34:36","slug":"%c9%99li-%c9%99hm%c9%99dov-yap-in-deputat-siyahisinda-g%c9%99ncl%c9%99r%c9%99-on%c9%99m-veril%c9%99c%c9%99k","status":"publish","type":"post","link":"https:\/\/arantv.az\/?p=101839","title":{"rendered":"\u018fli \u018fhm\u0259dov: YAP-\u0131n deputat siyah\u0131s\u0131nda g\u0259ncl\u0259r\u0259 \u00f6n\u0259m veril\u0259c\u0259k"},"content":{"rendered":"<p>Az\u0259rbaycanda parlamentin burax\u0131lmas\u0131 ilk d\u0259f\u0259dir ki, ba\u015f ver\u0259c\u0259k. Lakin burada qeyri-adi n\u0259s\u0259 axtarma\u011fa ehtiyac yoxdur.<\/p>\n<p><b>ARANTV.AZ<\/b>-\u0131n m\u0259lumat\u0131na g\u00f6r\u0259, bunu YAP-\u0131n s\u0259dr m\u00fcavini &#8211; icra katibi \u018fli \u018fhm\u0259dov deyib.<\/p>\n<p>\u018f.\u018fhm\u0259dov YAP-\u0131n deputatl\u0131\u011fa namiz\u0259dl\u0259rinin daha \u00e7ox g\u0259ncl\u0259r olaca\u011f\u0131n\u0131 da anons edib.\u00a0O bildirib ki, Az\u0259rbaycanda v\u0259t\u0259np\u0259rv\u0259r, a\u011f\u0131ll\u0131 v\u0259 savadl\u0131 g\u0259ncl\u0259r yeti\u015fir.<\/p>\n<p>Onun s\u00f6zl\u0259rin\u0259 g\u00f6r\u0259, g\u0259l\u0259c\u0259kd\u0259 YAP-\u0131n deputat siyah\u0131s\u0131nda g\u0259ncl\u0259r\u0259 \u00f6n\u0259m veril\u0259c\u0259k.<\/p>\n<p>Xat\u0131rladaq ki, YAP Siyasi \u015euras\u0131 n\u00f6vb\u0259d\u0259nk\u0259nar parlament se\u00e7kil\u0259rinin ke\u00e7irilm\u0259si \u00fc\u00e7\u00fcn Prezident\u0259 m\u00fcraci\u0259t edib.\u00a0Oxu.Az<\/p>\n","protected":false},"excerpt":{"rendered":"<p>Az\u0259rbaycanda parlamentin burax\u0131lmas\u0131 ilk d\u0259f\u0259dir ki, ba\u015f ver\u0259c\u0259k. Lakin burada qeyri-adi n\u0259s\u0259 axtarma\u011fa ehtiyac yoxdur. ARANTV.AZ-\u0131n m\u0259lumat\u0131na g\u00f6r\u0259, bunu YAP-\u0131n s\u0259dr m\u00fcavini &#8211; icra katibi \u018fli \u018fhm\u0259dov deyib. \u018f.\u018fhm\u0259dov YAP-\u0131n deputatl\u0131\u011fa namiz\u0259dl\u0259rinin daha \u00e7ox g\u0259ncl\u0259r olaca\u011f\u0131n\u0131 da anons edib.\u00a0O bildirib ki, Az\u0259rbaycanda v\u0259t\u0259np\u0259rv\u0259r, a\u011f\u0131ll\u0131 v\u0259 savadl\u0131 g\u0259ncl\u0259r yeti\u015fir. Onun s\u00f6zl\u0259rin\u0259 g\u00f6r\u0259, g\u0259l\u0259c\u0259kd\u0259 YAP-\u0131n deputat siyah\u0131s\u0131nda g\u0259ncl\u0259r\u0259 \u00f6n\u0259m veril\u0259c\u0259k. Xat\u0131rladaq ki, YAP Siyasi \u015euras\u0131 n\u00f6vb\u0259d\u0259nk\u0259nar parlament se\u00e7kil\u0259rinin ke\u00e7irilm\u0259si \u00fc\u00e7\u00fcn Prezident\u0259 m\u00fcraci\u0259t edib.\u00a0Oxu.Az<\/p>\n","protected":false},"author":2,"featured_media":101840,"comment_status":"closed","ping_status":"closed","sticky":false,"template":"","format":"standard","meta":{"om_disable_all_campaigns":false,"_monsterinsights_skip_tracking":false,"_monsterinsights_sitenote_active":false,"_monsterinsights_sitenote_note":"","_monsterinsights_sitenote_category":0},"categories":[19],"tags":[],"aioseo_notices":[],"gutentor_comment":0,"rttpg_featured_image_url":{"full":["https:\/\/arantv.az\/wp-content\/uploads\/2019\/11\/milli-m\u00c9_clis-6399d871.jpg",620,413,false],"landscape":["https:\/\/arantv.az\/wp-content\/uploads\/2019\/11\/milli-m\u00c9_clis-6399d871.jpg",620,413,false],"portraits":["https:\/\/arantv.az\/wp-content\/uploads\/2019\/11\/milli-m\u00c9_clis-6399d871.jpg",620,413,false],"thumbnail":["https:\/\/arantv.az\/wp-content\/uploads\/2019\/11\/milli-m\u00c9_clis-6399d871-150x150.jpg",150,150,true],"medium":["https:\/\/arantv.az\/wp-content\/uploads\/2019\/11\/milli-m\u00c9_clis-6399d871-300x200.jpg",300,200,true],"large":["https:\/\/arantv.az\/wp-content\/uploads\/2019\/11\/milli-m\u00c9_clis-6399d871.jpg",620,413,false],"1536x1536":["https:\/\/arantv.az\/wp-content\/uploads\/2019\/11\/milli-m\u00c9_clis-6399d871.jpg",620,413,false],"2048x2048":["https:\/\/arantv.az\/wp-content\/uploads\/2019\/11\/milli-m\u00c9_clis-6399d871.jpg",620,413,false],"post-thumbnail":["https:\/\/arantv.az\/wp-content\/uploads\/2019\/11\/milli-m\u00c9_clis-6399d871-240x172.jpg",240,172,true],"advps-thumb-one":["https:\/\/arantv.az\/wp-content\/uploads\/2019\/11\/milli-m\u00c9_clis-6399d871.jpg",620,413,false]},"rttpg_author":{"display_name":"V\u00fcsal Rafiqo\u011flu","author_link":"https:\/\/arantv.az\/?author=2"},"rttpg_comment":0,"rttpg_category":"<a href=\"https:\/\/arantv.az\/?cat=19\" rel=\"category\">G\u00fcnd\u0259m<\/a>","rttpg_excerpt":"Az\u0259rbaycanda parlamentin burax\u0131lmas\u0131 ilk d\u0259f\u0259dir ki, ba\u015f ver\u0259c\u0259k. Lakin burada qeyri-adi n\u0259s\u0259 axtarma\u011fa ehtiyac yoxdur. ARANTV.AZ-\u0131n m\u0259lumat\u0131na g\u00f6r\u0259, bunu YAP-\u0131n s\u0259dr m\u00fcavini &#8211; icra katibi \u018fli \u018fhm\u0259dov deyib. \u018f.\u018fhm\u0259dov YAP-\u0131n deputatl\u0131\u011fa namiz\u0259dl\u0259rinin daha \u00e7ox g\u0259ncl\u0259r olaca\u011f\u0131n\u0131 da anons edib.\u00a0O bildirib ki, Az\u0259rbaycanda v\u0259t\u0259np\u0259rv\u0259r, a\u011f\u0131ll\u0131 v\u0259 savadl\u0131 g\u0259ncl\u0259r yeti\u015fir. Onun s\u00f6zl\u0259rin\u0259 g\u00f6r\u0259, g\u0259l\u0259c\u0259kd\u0259 YAP-\u0131n deputat siyah\u0131s\u0131nda&hellip;","_links":{"self":[{"href":"https:\/\/arantv.az\/index.php?rest_route=\/wp\/v2\/posts\/101839"}],"collection":[{"href":"https:\/\/arantv.az\/index.php?rest_route=\/wp\/v2\/posts"}],"about":[{"href":"https:\/\/arantv.az\/index.php?rest_route=\/wp\/v2\/types\/post"}],"author":[{"embeddable":true,"href":"https:\/\/arantv.az\/index.php?rest_route=\/wp\/v2\/users\/2"}],"replies":[{"embeddable":true,"href":"https:\/\/arantv.az\/index.php?rest_route=%2Fwp%2Fv2%2Fcomments&post=101839"}],"version-history":[{"count":0,"href":"https:\/\/arantv.az\/index.php?rest_route=\/wp\/v2\/posts\/101839\/revisions"}],"wp:featuredmedia":[{"embeddable":true,"href":"https:\/\/arantv.az\/index.php?rest_route=\/wp\/v2\/media\/101840"}],"wp:attachment":[{"href":"https:\/\/arantv.az\/index.php?rest_route=%2Fwp%2Fv2%2Fmedia&parent=101839"}],"wp:term":[{"taxonomy":"category","embeddable":true,"href":"https:\/\/arantv.az\/index.php?rest_route=%2Fwp%2Fv2%2Fcategories&post=101839"},{"taxonomy":"post_tag","embeddable":true,"href":"https:\/\/arantv.az\/index.php?rest_route=%2Fwp%2Fv2%2Ftags&post=101839"}],"curies":[{"name":"wp","href":"https:\/\/api.w.org\/{rel}","templated":true}]}}