{"id":101899,"date":"2019-11-28T15:49:21","date_gmt":"2019-11-28T12:49:21","guid":{"rendered":"http:\/\/arantv.az\/?p=101899"},"modified":"2019-11-28T15:49:21","modified_gmt":"2019-11-28T12:49:21","slug":"sabiq-nazir%c9%99-yeni-v%c9%99zif%c9%99-verildi","status":"publish","type":"post","link":"https:\/\/arantv.az\/?p=101899","title":{"rendered":"Sabiq nazir\u0259 YEN\u0130 V\u018fZ\u0130F\u018f VER\u0130LD\u0130"},"content":{"rendered":"<p><strong>&#8220;Bu g\u00fcnd\u0259n m\u0259n Ana V\u0259t\u0259n partiyas\u0131 s\u0259drinin sosial-iqtisadi m\u0259s\u0259l\u0259l\u0259r \u00fczr\u0259 m\u00fcavini keyfiyy\u0259tind\u0259 f\u0259aliyy\u0259t\u0259 ba\u015flay\u0131ram. Siyasi m\u00fcst\u0259vid\u0259 f\u0259aliyy\u0259t se\u00e7imi etm\u0259kd\u0259 m\u0259qs\u0259dim d\u00f6vl\u0259timiz\u0259 v\u0259 d\u00f6vl\u0259t\u00e7iliyimiz\u0259 daha yax\u0131ndan k\u00f6m\u0259k etm\u0259k isy\u0259yiml\u0259 ba\u011fl\u0131d\u0131r&#8221;.<\/strong><\/p>\n<p><b>ARANTV.AZ\u00a0<\/b>x\u0259b\u0259r verir ki, bunu sabiq Maliyy\u0259 naziri Fikr\u0259t Yusifov qeyd edib.<\/p>\n<p>Sabiq nazir bildirib ki, bu t\u0259klif Ana V\u0259t\u0259n Partiyas\u0131n\u0131n s\u0259dri F\u0259zail A\u011famal\u0131dan g\u0259lib: &#8220;M\u0259n F\u0259zail b\u0259yi 30 ild\u0259n art\u0131qd\u0131r ki, tan\u0131y\u0131ram v\u0259 onunla h\u0259mi\u015f\u0259 yax\u0131n m\u00fcnasib\u0259tl\u0259rimiz olub. F\u0259zail A\u011famal\u0131 d\u00f6vl\u0259tini, xalq\u0131n\u0131 \u00fcr\u0259kd\u0259n sev\u0259n, d\u00f6vl\u0259tin\u0259 v\u0259 xalq\u0131na layiqli xidm\u0259t g\u00f6st\u0259r\u0259n bir insand\u0131r. Onun \u0259qid\u0259 b\u00fct\u00f6vl\u00fcy\u00fc, m\u00f6vqeyinin sabitliyi d\u00f6vl\u0259t\u0259 v\u0259 d\u00f6vl\u0259t\u00e7iliy\u0259 tam s\u0259mimiyy\u0259tl\u0259 xidm\u0259t g\u00f6st\u0259rm\u0259sinin \u0259sas\u0131nda dayanan ba\u015fl\u0131ca \u015f\u0259rtl\u0259rdir. \u00d6lk\u0259mizd\u0259 ged\u0259n iqtisadi v\u0259 siyasi prosesl\u0259r\u0259 m\u00fcnasib\u0259td\u0259 bizim bax\u0131\u015flar\u0131m\u0131z \u00fcst-\u00fcst\u0259 d\u00fc\u015f\u00fcr. Art\u0131q bir xeyli vaxt idi ki, F\u0259zail b\u0259yl\u0259 m\u0259nim Ana V\u0259t\u0259n Partiyas\u0131nda iqtisadi bloka r\u0259hb\u0259rlik etm\u0259k v\u0259 s\u0259drin iqtisadi m\u0259s\u0259l\u0259l\u0259r \u00fczr\u0259 m\u00fcavini qismind\u0259 f\u0259aliyy\u0259t g\u00f6st\u0259rm\u0259k imkanlar\u0131m\u0131 m\u00fczakir\u0259 edirdik. N\u0259hay\u0259t, bu ilin noyabr ay\u0131n\u0131n 20-d\u0259 m\u0259n r\u0259smi olaraq partiyan\u0131n s\u0131ralar\u0131na q\u0259bul olunmaqla ba\u011fl\u0131 \u0259riz\u0259 il\u0259 m\u00fcraci\u0259t etdim&#8221;.<\/p>\n<p>F.Yusifov qeyd edib ki, \u00f6lk\u0259nin maliyy\u0259 nazirliyin\u0259 r\u0259hb\u0259rlik etdiyi d\u00f6vrd\u0259 d\u0259, ondan sonrak\u0131 ill\u0259r \u0259rzind\u0259 d\u0259 Heyd\u0259r \u018fliyev ideyalar\u0131na s\u0259daq\u0259tl\u0259 xidm\u0259t edib: &#8220;Son be\u015f ild\u0259 \u00f6lk\u0259 m\u0259tbuat\u0131nda Az\u0259rbaycanda apar\u0131lan iqtisadi islahatlarla ba\u011fl\u0131 m\u00fcxt\u0259lif s\u0259viyy\u0259d\u0259n olan t\u0259hlil, a\u00e7\u0131qlama, ara\u015fd\u0131rma xarakterli yaz\u0131larla \u00e7\u0131x\u0131\u015flar etmi\u015f\u0259m. Bu \u00e7\u0131x\u0131\u015flar\u0131mda s\u0259sl\u0259ndirdiyim onlarla t\u0259klifl\u0259r \u00f6z t\u0259tbiqini m\u00fcxt\u0259lif s\u0259viyy\u0259d\u0259n olan q\u0259rarlarda, qanunlarda v\u0259 dig\u0259r normativ h\u00fcquqi aktlarda tapa bilib. Ana V\u0259t\u0259n Partiyas\u0131na \u00fczv olub bu siyasi m\u00fcst\u0259vid\u0259 partiya s\u0259drinin iqtisadi m\u0259s\u0259l\u0259l\u0259r \u00fczr\u0259 m\u00fcavini kimi d\u00f6vl\u0259timiz\u0259 v\u0259 d\u00f6vl\u0259t\u00e7iliyimiz\u0259 daha \u00e7ox fayda ver\u0259 bil\u0259c\u0259yim\u0259 inan\u0131ram&#8221;.Publika.az<\/p>\n","protected":false},"excerpt":{"rendered":"<p>&#8220;Bu g\u00fcnd\u0259n m\u0259n Ana V\u0259t\u0259n partiyas\u0131 s\u0259drinin sosial-iqtisadi m\u0259s\u0259l\u0259l\u0259r \u00fczr\u0259 m\u00fcavini keyfiyy\u0259tind\u0259 f\u0259aliyy\u0259t\u0259 ba\u015flay\u0131ram. Siyasi m\u00fcst\u0259vid\u0259 f\u0259aliyy\u0259t se\u00e7imi etm\u0259kd\u0259 m\u0259qs\u0259dim d\u00f6vl\u0259timiz\u0259 v\u0259 d\u00f6vl\u0259t\u00e7iliyimiz\u0259 daha yax\u0131ndan k\u00f6m\u0259k etm\u0259k isy\u0259yiml\u0259 ba\u011fl\u0131d\u0131r&#8221;. ARANTV.AZ\u00a0x\u0259b\u0259r verir ki, bunu sabiq Maliyy\u0259 naziri Fikr\u0259t Yusifov qeyd edib. Sabiq nazir bildirib ki, bu t\u0259klif Ana V\u0259t\u0259n Partiyas\u0131n\u0131n s\u0259dri F\u0259zail A\u011famal\u0131dan g\u0259lib: &#8220;M\u0259n F\u0259zail b\u0259yi 30 ild\u0259n art\u0131qd\u0131r ki, tan\u0131y\u0131ram v\u0259 onunla h\u0259mi\u015f\u0259 yax\u0131n m\u00fcnasib\u0259tl\u0259rimiz olub. F\u0259zail A\u011famal\u0131 d\u00f6vl\u0259tini, xalq\u0131n\u0131 \u00fcr\u0259kd\u0259n sev\u0259n, d\u00f6vl\u0259tin\u0259 v\u0259 xalq\u0131na layiqli xidm\u0259t g\u00f6st\u0259r\u0259n bir insand\u0131r. Onun \u0259qid\u0259 b\u00fct\u00f6vl\u00fcy\u00fc, m\u00f6vqeyinin sabitliyi d\u00f6vl\u0259t\u0259 v\u0259 d\u00f6vl\u0259t\u00e7iliy\u0259 tam&hellip;<\/p>\n","protected":false},"author":2,"featured_media":101900,"comment_status":"closed","ping_status":"closed","sticky":false,"template":"","format":"standard","meta":{"om_disable_all_campaigns":false,"_monsterinsights_skip_tracking":false,"_monsterinsights_sitenote_active":false,"_monsterinsights_sitenote_note":"","_monsterinsights_sitenote_category":0},"categories":[19],"tags":[],"aioseo_notices":[],"gutentor_comment":0,"rttpg_featured_image_url":{"full":["https:\/\/arantv.az\/wp-content\/uploads\/2019\/11\/fikret_yusifov_080515.jpg",800,450,false],"landscape":["https:\/\/arantv.az\/wp-content\/uploads\/2019\/11\/fikret_yusifov_080515.jpg",800,450,false],"portraits":["https:\/\/arantv.az\/wp-content\/uploads\/2019\/11\/fikret_yusifov_080515.jpg",800,450,false],"thumbnail":["https:\/\/arantv.az\/wp-content\/uploads\/2019\/11\/fikret_yusifov_080515-150x150.jpg",150,150,true],"medium":["https:\/\/arantv.az\/wp-content\/uploads\/2019\/11\/fikret_yusifov_080515-300x169.jpg",300,169,true],"large":["https:\/\/arantv.az\/wp-content\/uploads\/2019\/11\/fikret_yusifov_080515.jpg",640,360,false],"1536x1536":["https:\/\/arantv.az\/wp-content\/uploads\/2019\/11\/fikret_yusifov_080515.jpg",800,450,false],"2048x2048":["https:\/\/arantv.az\/wp-content\/uploads\/2019\/11\/fikret_yusifov_080515.jpg",800,450,false],"post-thumbnail":["https:\/\/arantv.az\/wp-content\/uploads\/2019\/11\/fikret_yusifov_080515-240x172.jpg",240,172,true],"advps-thumb-one":["https:\/\/arantv.az\/wp-content\/uploads\/2019\/11\/fikret_yusifov_080515.jpg",800,450,false]},"rttpg_author":{"display_name":"V\u00fcsal Rafiqo\u011flu","author_link":"https:\/\/arantv.az\/?author=2"},"rttpg_comment":0,"rttpg_category":"<a href=\"https:\/\/arantv.az\/?cat=19\" rel=\"category\">G\u00fcnd\u0259m<\/a>","rttpg_excerpt":"&#8220;Bu g\u00fcnd\u0259n m\u0259n Ana V\u0259t\u0259n partiyas\u0131 s\u0259drinin sosial-iqtisadi m\u0259s\u0259l\u0259l\u0259r \u00fczr\u0259 m\u00fcavini keyfiyy\u0259tind\u0259 f\u0259aliyy\u0259t\u0259 ba\u015flay\u0131ram. Siyasi m\u00fcst\u0259vid\u0259 f\u0259aliyy\u0259t se\u00e7imi etm\u0259kd\u0259 m\u0259qs\u0259dim d\u00f6vl\u0259timiz\u0259 v\u0259 d\u00f6vl\u0259t\u00e7iliyimiz\u0259 daha yax\u0131ndan k\u00f6m\u0259k etm\u0259k isy\u0259yiml\u0259 ba\u011fl\u0131d\u0131r&#8221;. ARANTV.AZ\u00a0x\u0259b\u0259r verir ki, bunu sabiq Maliyy\u0259 naziri Fikr\u0259t Yusifov qeyd edib. Sabiq nazir bildirib ki, bu t\u0259klif Ana V\u0259t\u0259n Partiyas\u0131n\u0131n s\u0259dri F\u0259zail A\u011famal\u0131dan g\u0259lib: &#8220;M\u0259n F\u0259zail&hellip;","_links":{"self":[{"href":"https:\/\/arantv.az\/index.php?rest_route=\/wp\/v2\/posts\/101899"}],"collection":[{"href":"https:\/\/arantv.az\/index.php?rest_route=\/wp\/v2\/posts"}],"about":[{"href":"https:\/\/arantv.az\/index.php?rest_route=\/wp\/v2\/types\/post"}],"author":[{"embeddable":true,"href":"https:\/\/arantv.az\/index.php?rest_route=\/wp\/v2\/users\/2"}],"replies":[{"embeddable":true,"href":"https:\/\/arantv.az\/index.php?rest_route=%2Fwp%2Fv2%2Fcomments&post=101899"}],"version-history":[{"count":0,"href":"https:\/\/arantv.az\/index.php?rest_route=\/wp\/v2\/posts\/101899\/revisions"}],"wp:featuredmedia":[{"embeddable":true,"href":"https:\/\/arantv.az\/index.php?rest_route=\/wp\/v2\/media\/101900"}],"wp:attachment":[{"href":"https:\/\/arantv.az\/index.php?rest_route=%2Fwp%2Fv2%2Fmedia&parent=101899"}],"wp:term":[{"taxonomy":"category","embeddable":true,"href":"https:\/\/arantv.az\/index.php?rest_route=%2Fwp%2Fv2%2Fcategories&post=101899"},{"taxonomy":"post_tag","embeddable":true,"href":"https:\/\/arantv.az\/index.php?rest_route=%2Fwp%2Fv2%2Ftags&post=101899"}],"curies":[{"name":"wp","href":"https:\/\/api.w.org\/{rel}","templated":true}]}}