{"id":101911,"date":"2019-11-28T16:06:36","date_gmt":"2019-11-28T13:06:36","guid":{"rendered":"http:\/\/arantv.az\/?p=101911"},"modified":"2019-11-28T16:06:36","modified_gmt":"2019-11-28T13:06:36","slug":"qarabagin-ispaniyadaki-matci-gender-zorakiligi-il%c9%99-mubariz%c9%99y%c9%99-h%c9%99sr-olunacaq","status":"publish","type":"post","link":"https:\/\/arantv.az\/?p=101911","title":{"rendered":"\u201cQaraba\u011f\u201d\u0131n \u0130spaniyadak\u0131 mat\u00e7\u0131 gender zorak\u0131l\u0131\u011f\u0131 il\u0259 m\u00fcbariz\u0259y\u0259 h\u0259sr olunacaq"},"content":{"rendered":"<p>UEFA Avropa Liqas\u0131n\u0131n \u201cSevilya\u201d \u2013 \u201cQaraba\u011f\u201d mat\u00e7\u0131 gender zorak\u0131l\u0131\u011f\u0131 il\u0259 m\u00fcbariz\u0259y\u0259 h\u0259sr olunacaq.<\/p>\n<p><b>ARANTV.AZ<\/b> x\u0259b\u0259r verir ki, bu g\u00fcn Bak\u0131 vaxt\u0131 il\u0259 saat 00:00-da ba\u015flayacaq g\u00f6r\u00fc\u015fd\u0259n \u0259vv\u0259l gender zorak\u0131l\u0131\u011f\u0131 il\u0259 \u00fczl\u0259\u015f\u0259nl\u0259r\u0259 dair informativ xarakterli video\u00e7arx n\u00fcmayi\u015f etdiril\u0259c\u0259k.<\/p>\n<p>Bu bar\u0259d\u0259 Sevilya \u015f\u0259h\u0259rinin h\u00f6kum\u0259t n\u00fcmay\u0259nd\u0259si Karlos Toskano San\u00e7es bildirib. Onun s\u00f6zl\u0259rin\u0259 g\u00f6r\u0259, bu bar\u0259d\u0259 \u201cSevilya\u201d klubu il\u0259 raz\u0131l\u0131q \u0259ld\u0259 olunub. Eyni video\u00e7arx, h\u0259m\u00e7inin, bu bazar g\u00fcn\u00fc \u201cReal Betis\u201din basketbol mat\u00e7\u0131nda da t\u0259tbiq olunacaq.<\/p>\n<div id=\"AdviadNativeVideo0\" class=\"AdviadNativeVideo\"><\/div>\n<p>Bu ilin sentyabr\u0131na kimi Sevilya \u015f\u0259h\u0259rinin aid oldu\u011fu \u018fnd\u0259l\u00fcs vilay\u0259tind\u0259 3269 qad\u0131n polis\u0259 aktiv m\u00fcdafi\u0259 olunmaq \u00fc\u00e7\u00fcn m\u00fcraci\u0259t edib. 016 xidm\u0259tin\u0259 235 qad\u0131n t\u0259r\u0259find\u0259n z\u0259ng olunub.<\/p>\n<p>2019-cu ilin ilk alt\u0131 ay\u0131nda vilay\u0259td\u0259 gender zorak\u0131l\u0131\u011f\u0131na dair 3680 \u015fikay\u0259t \u00fcnvanlan\u0131b. 2006-c\u0131 ild\u0259n bu \u015fikay\u0259tl\u0259rin say\u0131 75150-y\u0259, m\u00fcdafi\u0259 \u00fc\u00e7\u00fcn sifari\u015fl\u0259rin say\u0131 is\u0259 19668-\u0259 \u00e7at\u0131b.<\/p>\n<p>Qeyd ed\u0259k ki, 1981-ci ild\u0259 \u00fc\u00e7 qad\u0131n\u0131n \u00f6l\u00fcm\u00fcnd\u0259n sonra aktivistl\u0259r 25 noyabr\u0131 zorak\u0131l\u0131q \u0259leyhin\u0259 g\u00fcn kimi qeyd edir. 1999-cu ilin dekabr\u0131n 17-d\u0259 is\u0259 25 noyabr tarixi BMT-nin Ba\u015f Assambleyas\u0131 t\u0259r\u0259find\u0259n Qad\u0131nlara qar\u015f\u0131 Zorak\u0131l\u0131\u011f\u0131n Aradan Qald\u0131r\u0131lmas\u0131 G\u00fcn\u00fc kimi tan\u0131nma\u011fa ba\u015flay\u0131b.Oxu.Az<\/p>\n","protected":false},"excerpt":{"rendered":"<p>UEFA Avropa Liqas\u0131n\u0131n \u201cSevilya\u201d \u2013 \u201cQaraba\u011f\u201d mat\u00e7\u0131 gender zorak\u0131l\u0131\u011f\u0131 il\u0259 m\u00fcbariz\u0259y\u0259 h\u0259sr olunacaq. ARANTV.AZ x\u0259b\u0259r verir ki, bu g\u00fcn Bak\u0131 vaxt\u0131 il\u0259 saat 00:00-da ba\u015flayacaq g\u00f6r\u00fc\u015fd\u0259n \u0259vv\u0259l gender zorak\u0131l\u0131\u011f\u0131 il\u0259 \u00fczl\u0259\u015f\u0259nl\u0259r\u0259 dair informativ xarakterli video\u00e7arx n\u00fcmayi\u015f etdiril\u0259c\u0259k. Bu bar\u0259d\u0259 Sevilya \u015f\u0259h\u0259rinin h\u00f6kum\u0259t n\u00fcmay\u0259nd\u0259si Karlos Toskano San\u00e7es bildirib. Onun s\u00f6zl\u0259rin\u0259 g\u00f6r\u0259, bu bar\u0259d\u0259 \u201cSevilya\u201d klubu il\u0259 raz\u0131l\u0131q \u0259ld\u0259 olunub. Eyni video\u00e7arx, h\u0259m\u00e7inin, bu bazar g\u00fcn\u00fc \u201cReal Betis\u201din basketbol mat\u00e7\u0131nda da t\u0259tbiq olunacaq. Bu ilin sentyabr\u0131na kimi Sevilya \u015f\u0259h\u0259rinin aid oldu\u011fu \u018fnd\u0259l\u00fcs vilay\u0259tind\u0259 3269 qad\u0131n polis\u0259 aktiv m\u00fcdafi\u0259 olunmaq \u00fc\u00e7\u00fcn m\u00fcraci\u0259t edib.&hellip;<\/p>\n","protected":false},"author":2,"featured_media":101912,"comment_status":"closed","ping_status":"closed","sticky":false,"template":"","format":"standard","meta":{"om_disable_all_campaigns":false,"_monsterinsights_skip_tracking":false,"_monsterinsights_sitenote_active":false,"_monsterinsights_sitenote_note":"","_monsterinsights_sitenote_category":0},"categories":[6],"tags":[],"aioseo_notices":[],"gutentor_comment":0,"rttpg_featured_image_url":{"full":["https:\/\/arantv.az\/wp-content\/uploads\/2019\/11\/15749359694793.jpg",620,349,false],"landscape":["https:\/\/arantv.az\/wp-content\/uploads\/2019\/11\/15749359694793.jpg",620,349,false],"portraits":["https:\/\/arantv.az\/wp-content\/uploads\/2019\/11\/15749359694793.jpg",620,349,false],"thumbnail":["https:\/\/arantv.az\/wp-content\/uploads\/2019\/11\/15749359694793-150x150.jpg",150,150,true],"medium":["https:\/\/arantv.az\/wp-content\/uploads\/2019\/11\/15749359694793-300x169.jpg",300,169,true],"large":["https:\/\/arantv.az\/wp-content\/uploads\/2019\/11\/15749359694793.jpg",620,349,false],"1536x1536":["https:\/\/arantv.az\/wp-content\/uploads\/2019\/11\/15749359694793.jpg",620,349,false],"2048x2048":["https:\/\/arantv.az\/wp-content\/uploads\/2019\/11\/15749359694793.jpg",620,349,false],"post-thumbnail":["https:\/\/arantv.az\/wp-content\/uploads\/2019\/11\/15749359694793-240x172.jpg",240,172,true],"advps-thumb-one":["https:\/\/arantv.az\/wp-content\/uploads\/2019\/11\/15749359694793.jpg",620,349,false]},"rttpg_author":{"display_name":"V\u00fcsal Rafiqo\u011flu","author_link":"https:\/\/arantv.az\/?author=2"},"rttpg_comment":0,"rttpg_category":"<a href=\"https:\/\/arantv.az\/?cat=6\" rel=\"category\">\u0130dman<\/a>","rttpg_excerpt":"UEFA Avropa Liqas\u0131n\u0131n \u201cSevilya\u201d \u2013 \u201cQaraba\u011f\u201d mat\u00e7\u0131 gender zorak\u0131l\u0131\u011f\u0131 il\u0259 m\u00fcbariz\u0259y\u0259 h\u0259sr olunacaq. ARANTV.AZ x\u0259b\u0259r verir ki, bu g\u00fcn Bak\u0131 vaxt\u0131 il\u0259 saat 00:00-da ba\u015flayacaq g\u00f6r\u00fc\u015fd\u0259n \u0259vv\u0259l gender zorak\u0131l\u0131\u011f\u0131 il\u0259 \u00fczl\u0259\u015f\u0259nl\u0259r\u0259 dair informativ xarakterli video\u00e7arx n\u00fcmayi\u015f etdiril\u0259c\u0259k. Bu bar\u0259d\u0259 Sevilya \u015f\u0259h\u0259rinin h\u00f6kum\u0259t n\u00fcmay\u0259nd\u0259si Karlos Toskano San\u00e7es bildirib. Onun s\u00f6zl\u0259rin\u0259 g\u00f6r\u0259, bu bar\u0259d\u0259 \u201cSevilya\u201d klubu il\u0259&hellip;","_links":{"self":[{"href":"https:\/\/arantv.az\/index.php?rest_route=\/wp\/v2\/posts\/101911"}],"collection":[{"href":"https:\/\/arantv.az\/index.php?rest_route=\/wp\/v2\/posts"}],"about":[{"href":"https:\/\/arantv.az\/index.php?rest_route=\/wp\/v2\/types\/post"}],"author":[{"embeddable":true,"href":"https:\/\/arantv.az\/index.php?rest_route=\/wp\/v2\/users\/2"}],"replies":[{"embeddable":true,"href":"https:\/\/arantv.az\/index.php?rest_route=%2Fwp%2Fv2%2Fcomments&post=101911"}],"version-history":[{"count":0,"href":"https:\/\/arantv.az\/index.php?rest_route=\/wp\/v2\/posts\/101911\/revisions"}],"wp:featuredmedia":[{"embeddable":true,"href":"https:\/\/arantv.az\/index.php?rest_route=\/wp\/v2\/media\/101912"}],"wp:attachment":[{"href":"https:\/\/arantv.az\/index.php?rest_route=%2Fwp%2Fv2%2Fmedia&parent=101911"}],"wp:term":[{"taxonomy":"category","embeddable":true,"href":"https:\/\/arantv.az\/index.php?rest_route=%2Fwp%2Fv2%2Fcategories&post=101911"},{"taxonomy":"post_tag","embeddable":true,"href":"https:\/\/arantv.az\/index.php?rest_route=%2Fwp%2Fv2%2Ftags&post=101911"}],"curies":[{"name":"wp","href":"https:\/\/api.w.org\/{rel}","templated":true}]}}