{"id":101919,"date":"2019-11-28T16:08:09","date_gmt":"2019-11-28T13:08:09","guid":{"rendered":"http:\/\/arantv.az\/?p=101919"},"modified":"2019-11-28T16:08:09","modified_gmt":"2019-11-28T13:08:09","slug":"mariya-zaxarova-h%c9%99ms%c9%99drl%c9%99r-bratislavada-xarici-isl%c9%99r-nazirl%c9%99ri-surasi-c%c9%99rciv%c9%99sind%c9%99-m%c9%99sl%c9%99h%c9%99tl%c9%99sm%c9%99l%c9%99r-kecir%c9%99c%c9%99k","status":"publish","type":"post","link":"https:\/\/arantv.az\/?p=101919","title":{"rendered":"Mariya Zaxarova: H\u0259ms\u0259drl\u0259r Bratislavada Xarici \u0130\u015fl\u0259r Nazirl\u0259ri \u015euras\u0131 \u00e7\u0259r\u00e7iv\u0259sind\u0259 m\u0259sl\u0259h\u0259tl\u0259\u015fm\u0259l\u0259r ke\u00e7ir\u0259c\u0259k"},"content":{"rendered":"<p>Rusiya Xarici \u0130\u015fl\u0259r Nazirliyinin r\u0259smi n\u00fcmay\u0259nd\u0259si Mariya Zaxarova c\u00fcm\u0259 ax\u015fam\u0131 ke\u00e7irdiyi brifinqd\u0259\u00a0\u201cMoskva-Bak\u0131\u201dn\u0131n\u00a0\u201cDa\u011fl\u0131q Qaraba\u011f t\u0259nziml\u0259m\u0259l\u0259rind\u0259 AT\u018fT-in Minsk Qrupunun h\u0259ms\u0259dr \u00f6lk\u0259l\u0259ri nazirl\u0259rinin ayr\u0131ca g\u00f6r\u00fc\u015f\u00fc olacaqm\u0131 v\u0259 Bratislavada g\u00f6zl\u0259nil\u0259n Xarici \u0130\u015fl\u0259r Nazirl\u0259ri \u015euras\u0131 \u00e7\u0259r\u00e7iv\u0259sind\u0259 bu m\u00f6vzuda hans\u0131 g\u00f6r\u00fc\u015fl\u0259rin olaca\u011f\u0131 ehtimal edilir?\u201d sual\u0131n\u0131 cavabland\u0131rark\u0259n bildirib ki, sammit \u00e7\u0259r\u00e7iv\u0259sind\u0259 AT\u018fT-in Minsk Qrupunun \u00fc\u00e7 h\u0259ms\u0259dri \u00fc\u00e7\u00fcn m\u0259sl\u0259h\u0259tl\u0259\u015fm\u0259l\u0259r planla\u015fd\u0131r\u0131l\u0131r.<\/p>\n<p>\u201cSon ill\u0259rd\u0259 Da\u011fl\u0131q Qaraba\u011f m\u00fcnaqi\u015f\u0259si m\u00f6vzusunda m\u00fct\u0259madi m\u00fczakir\u0259l\u0259r m\u0259hz AT\u018fT m\u0259kan\u0131nda ba\u015f tutur.\u00a0Bratislavada yax\u0131nla\u015fan Xarici \u0130\u015fl\u0259r Nazirl\u0259ri \u015euras\u0131 \u00e7\u0259r\u00e7iv\u0259sind\u0259 \u00fc\u00e7 h\u0259ms\u0259dr \u00fc\u00e7\u00fcn m\u0259sl\u0259h\u0259tl\u0259\u015fm\u0259l\u0259r planla\u015fd\u0131r\u0131l\u0131r \u2013 s\u00f6hb\u0259t x\u00fcsusi tap\u015f\u0131r\u0131qlar \u00fczr\u0259 s\u0259fir s\u0259viyy\u0259l\u0259rind\u0259n gedir.<\/p>\n<p>Ba\u015fqa formatlarda, f\u0259rqli bir s\u0259viyy\u0259d\u0259 m\u0259sl\u0259h\u0259tl\u0259\u015fm\u0259l\u0259r aparmaq \u00fc\u00e7\u00fcn h\u0259r hans\u0131 bir \u0259lav\u0259 q\u0259rarlar q\u0259bul edil\u0259rs\u0259, uy\u011fun olaraq, biz bu bar\u0259d\u0259 d\u0259 \u015f\u0259rh ver\u0259c\u0259yik. Bizim t\u0259r\u0259fimizd\u0259n\u00a0bu m\u00f6vzuda dialoq \u00fc\u00e7\u00fcn eyni \u0259n\u0259n\u0259vi d\u0259st\u0259yin oldu\u011funun f\u0259rqind\u0259siniz.<\/p>\n<p>Nazirl\u0259rin g\u00f6r\u00fc\u015fl\u0259rin\u0259 g\u0259linc\u0259, haz\u0131rda bu bar\u0259d\u0259 m\u0259lumat\u0131m yoxdur, amma dediyim kimi, Bratislavada AT\u018fT Nazirl\u0259r \u015euras\u0131 \u00e7\u0259r\u00e7iv\u0259sind\u0259 ke\u00e7iril\u0259c\u0259k ikit\u0259r\u0259fli v\u0259 \u00e7oxt\u0259r\u0259fli g\u00f6r\u00fc\u015fl\u0259ri bir m\u00fcdd\u0259t sonra &#8211; c\u0259dv\u0259l haz\u0131rlanaca\u011f\u0131 zaman \u015f\u0259rh ed\u0259c\u0259yik\u201d, &#8211; dey\u0259 Rusiya Xarici \u0130\u015fl\u0259r Nazirliyinin s\u00f6z\u00e7\u00fcs\u00fc b\u0259yan edib.<\/p>\n","protected":false},"excerpt":{"rendered":"<p>Rusiya Xarici \u0130\u015fl\u0259r Nazirliyinin r\u0259smi n\u00fcmay\u0259nd\u0259si Mariya Zaxarova c\u00fcm\u0259 ax\u015fam\u0131 ke\u00e7irdiyi brifinqd\u0259\u00a0\u201cMoskva-Bak\u0131\u201dn\u0131n\u00a0\u201cDa\u011fl\u0131q Qaraba\u011f t\u0259nziml\u0259m\u0259l\u0259rind\u0259 AT\u018fT-in Minsk Qrupunun h\u0259ms\u0259dr \u00f6lk\u0259l\u0259ri nazirl\u0259rinin ayr\u0131ca g\u00f6r\u00fc\u015f\u00fc olacaqm\u0131 v\u0259 Bratislavada g\u00f6zl\u0259nil\u0259n Xarici \u0130\u015fl\u0259r Nazirl\u0259ri \u015euras\u0131 \u00e7\u0259r\u00e7iv\u0259sind\u0259 bu m\u00f6vzuda hans\u0131 g\u00f6r\u00fc\u015fl\u0259rin olaca\u011f\u0131 ehtimal edilir?\u201d sual\u0131n\u0131 cavabland\u0131rark\u0259n bildirib ki, sammit \u00e7\u0259r\u00e7iv\u0259sind\u0259 AT\u018fT-in Minsk Qrupunun \u00fc\u00e7 h\u0259ms\u0259dri \u00fc\u00e7\u00fcn m\u0259sl\u0259h\u0259tl\u0259\u015fm\u0259l\u0259r planla\u015fd\u0131r\u0131l\u0131r. \u201cSon ill\u0259rd\u0259 Da\u011fl\u0131q Qaraba\u011f m\u00fcnaqi\u015f\u0259si m\u00f6vzusunda m\u00fct\u0259madi m\u00fczakir\u0259l\u0259r m\u0259hz AT\u018fT m\u0259kan\u0131nda ba\u015f tutur.\u00a0Bratislavada yax\u0131nla\u015fan Xarici \u0130\u015fl\u0259r Nazirl\u0259ri \u015euras\u0131 \u00e7\u0259r\u00e7iv\u0259sind\u0259 \u00fc\u00e7 h\u0259ms\u0259dr \u00fc\u00e7\u00fcn m\u0259sl\u0259h\u0259tl\u0259\u015fm\u0259l\u0259r planla\u015fd\u0131r\u0131l\u0131r \u2013 s\u00f6hb\u0259t x\u00fcsusi tap\u015f\u0131r\u0131qlar \u00fczr\u0259 s\u0259fir s\u0259viyy\u0259l\u0259rind\u0259n gedir. Ba\u015fqa formatlarda, f\u0259rqli bir s\u0259viyy\u0259d\u0259 m\u0259sl\u0259h\u0259tl\u0259\u015fm\u0259l\u0259r&hellip;<\/p>\n","protected":false},"author":2,"featured_media":101920,"comment_status":"closed","ping_status":"closed","sticky":false,"template":"","format":"standard","meta":{"om_disable_all_campaigns":false,"_monsterinsights_skip_tracking":false,"_monsterinsights_sitenote_active":false,"_monsterinsights_sitenote_note":"","_monsterinsights_sitenote_category":0},"categories":[4],"tags":[],"aioseo_notices":[],"gutentor_comment":0,"rttpg_featured_image_url":{"full":["https:\/\/arantv.az\/wp-content\/uploads\/2019\/11\/f096085ed3fee1970ac2cc7ec946f193__1440x.jpg",620,428,false],"landscape":["https:\/\/arantv.az\/wp-content\/uploads\/2019\/11\/f096085ed3fee1970ac2cc7ec946f193__1440x.jpg",620,428,false],"portraits":["https:\/\/arantv.az\/wp-content\/uploads\/2019\/11\/f096085ed3fee1970ac2cc7ec946f193__1440x.jpg",620,428,false],"thumbnail":["https:\/\/arantv.az\/wp-content\/uploads\/2019\/11\/f096085ed3fee1970ac2cc7ec946f193__1440x-150x150.jpg",150,150,true],"medium":["https:\/\/arantv.az\/wp-content\/uploads\/2019\/11\/f096085ed3fee1970ac2cc7ec946f193__1440x-300x207.jpg",300,207,true],"large":["https:\/\/arantv.az\/wp-content\/uploads\/2019\/11\/f096085ed3fee1970ac2cc7ec946f193__1440x.jpg",620,428,false],"1536x1536":["https:\/\/arantv.az\/wp-content\/uploads\/2019\/11\/f096085ed3fee1970ac2cc7ec946f193__1440x.jpg",620,428,false],"2048x2048":["https:\/\/arantv.az\/wp-content\/uploads\/2019\/11\/f096085ed3fee1970ac2cc7ec946f193__1440x.jpg",620,428,false],"post-thumbnail":["https:\/\/arantv.az\/wp-content\/uploads\/2019\/11\/f096085ed3fee1970ac2cc7ec946f193__1440x-240x172.jpg",240,172,true],"advps-thumb-one":["https:\/\/arantv.az\/wp-content\/uploads\/2019\/11\/f096085ed3fee1970ac2cc7ec946f193__1440x.jpg",620,428,false]},"rttpg_author":{"display_name":"V\u00fcsal Rafiqo\u011flu","author_link":"https:\/\/arantv.az\/?author=2"},"rttpg_comment":0,"rttpg_category":"<a href=\"https:\/\/arantv.az\/?cat=4\" rel=\"category\">Siyas\u0259t<\/a>","rttpg_excerpt":"Rusiya Xarici \u0130\u015fl\u0259r Nazirliyinin r\u0259smi n\u00fcmay\u0259nd\u0259si Mariya Zaxarova c\u00fcm\u0259 ax\u015fam\u0131 ke\u00e7irdiyi brifinqd\u0259\u00a0\u201cMoskva-Bak\u0131\u201dn\u0131n\u00a0\u201cDa\u011fl\u0131q Qaraba\u011f t\u0259nziml\u0259m\u0259l\u0259rind\u0259 AT\u018fT-in Minsk Qrupunun h\u0259ms\u0259dr \u00f6lk\u0259l\u0259ri nazirl\u0259rinin ayr\u0131ca g\u00f6r\u00fc\u015f\u00fc olacaqm\u0131 v\u0259 Bratislavada g\u00f6zl\u0259nil\u0259n Xarici \u0130\u015fl\u0259r Nazirl\u0259ri \u015euras\u0131 \u00e7\u0259r\u00e7iv\u0259sind\u0259 bu m\u00f6vzuda hans\u0131 g\u00f6r\u00fc\u015fl\u0259rin olaca\u011f\u0131 ehtimal edilir?\u201d sual\u0131n\u0131 cavabland\u0131rark\u0259n bildirib ki, sammit \u00e7\u0259r\u00e7iv\u0259sind\u0259 AT\u018fT-in Minsk Qrupunun \u00fc\u00e7 h\u0259ms\u0259dri \u00fc\u00e7\u00fcn m\u0259sl\u0259h\u0259tl\u0259\u015fm\u0259l\u0259r planla\u015fd\u0131r\u0131l\u0131r. \u201cSon ill\u0259rd\u0259 Da\u011fl\u0131q&hellip;","_links":{"self":[{"href":"https:\/\/arantv.az\/index.php?rest_route=\/wp\/v2\/posts\/101919"}],"collection":[{"href":"https:\/\/arantv.az\/index.php?rest_route=\/wp\/v2\/posts"}],"about":[{"href":"https:\/\/arantv.az\/index.php?rest_route=\/wp\/v2\/types\/post"}],"author":[{"embeddable":true,"href":"https:\/\/arantv.az\/index.php?rest_route=\/wp\/v2\/users\/2"}],"replies":[{"embeddable":true,"href":"https:\/\/arantv.az\/index.php?rest_route=%2Fwp%2Fv2%2Fcomments&post=101919"}],"version-history":[{"count":0,"href":"https:\/\/arantv.az\/index.php?rest_route=\/wp\/v2\/posts\/101919\/revisions"}],"wp:featuredmedia":[{"embeddable":true,"href":"https:\/\/arantv.az\/index.php?rest_route=\/wp\/v2\/media\/101920"}],"wp:attachment":[{"href":"https:\/\/arantv.az\/index.php?rest_route=%2Fwp%2Fv2%2Fmedia&parent=101919"}],"wp:term":[{"taxonomy":"category","embeddable":true,"href":"https:\/\/arantv.az\/index.php?rest_route=%2Fwp%2Fv2%2Fcategories&post=101919"},{"taxonomy":"post_tag","embeddable":true,"href":"https:\/\/arantv.az\/index.php?rest_route=%2Fwp%2Fv2%2Ftags&post=101919"}],"curies":[{"name":"wp","href":"https:\/\/api.w.org\/{rel}","templated":true}]}}