{"id":101923,"date":"2019-11-28T16:15:49","date_gmt":"2019-11-28T13:15:49","guid":{"rendered":"http:\/\/arantv.az\/?p=101923"},"modified":"2019-11-28T16:15:49","modified_gmt":"2019-11-28T13:15:49","slug":"zelenski-bakiya-g%c9%99l%c9%99c%c9%99k","status":"publish","type":"post","link":"https:\/\/arantv.az\/?p=101923","title":{"rendered":"Zelenski Bak\u0131ya g\u0259l\u0259c\u0259k"},"content":{"rendered":"<p>Ukrayna Prezidenti Vladimir Zelenski dekabr\u0131n 16-17-d\u0259 Bak\u0131ya r\u0259smi s\u0259f\u0259r ed\u0259c\u0259k.<\/p>\n<p>Bu bar\u0259d\u0259 m\u0259nb\u0259l\u0259r m\u0259lumat verib.<\/p>\n<div><\/div>\n<p>Qeyd olunur ki, h\u0259l\u0259lik s\u0259f\u0259rin proqram\u0131 t\u0259sdiql\u0259nm\u0259yib. M\u0259nb\u0259l\u0259rd\u0259n biri \u0259vv\u0259lc\u0259d\u0259n V.Zelenskinin Erm\u0259nistan v\u0259 G\u00fcrc\u00fcstana da s\u0259f\u0259rinin planla\u015fd\u0131r\u0131ld\u0131\u011f\u0131n\u0131, lakin Tbilisid\u0259ki etirazlar s\u0259b\u0259bind\u0259n s\u0259f\u0259rin yaln\u0131z Az\u0259rbaycanla m\u0259hdudla\u015fd\u0131r\u0131lmas\u0131 bar\u0259d\u0259 q\u0259rara g\u0259lindiyini bildirib.\/report\/<\/p>\n","protected":false},"excerpt":{"rendered":"<p>Ukrayna Prezidenti Vladimir Zelenski dekabr\u0131n 16-17-d\u0259 Bak\u0131ya r\u0259smi s\u0259f\u0259r ed\u0259c\u0259k. Bu bar\u0259d\u0259 m\u0259nb\u0259l\u0259r m\u0259lumat verib. Qeyd olunur ki, h\u0259l\u0259lik s\u0259f\u0259rin proqram\u0131 t\u0259sdiql\u0259nm\u0259yib. M\u0259nb\u0259l\u0259rd\u0259n biri \u0259vv\u0259lc\u0259d\u0259n V.Zelenskinin Erm\u0259nistan v\u0259 G\u00fcrc\u00fcstana da s\u0259f\u0259rinin planla\u015fd\u0131r\u0131ld\u0131\u011f\u0131n\u0131, lakin Tbilisid\u0259ki etirazlar s\u0259b\u0259bind\u0259n s\u0259f\u0259rin yaln\u0131z Az\u0259rbaycanla m\u0259hdudla\u015fd\u0131r\u0131lmas\u0131 bar\u0259d\u0259 q\u0259rara g\u0259lindiyini bildirib.\/report\/<\/p>\n","protected":false},"author":2,"featured_media":101924,"comment_status":"closed","ping_status":"closed","sticky":false,"template":"","format":"standard","meta":{"om_disable_all_campaigns":false,"_monsterinsights_skip_tracking":false,"_monsterinsights_sitenote_active":false,"_monsterinsights_sitenote_note":"","_monsterinsights_sitenote_category":0},"categories":[19],"tags":[],"aioseo_notices":[],"gutentor_comment":0,"rttpg_featured_image_url":{"full":["https:\/\/arantv.az\/wp-content\/uploads\/2019\/11\/1574946081zelenski.jpg",549,366,false],"landscape":["https:\/\/arantv.az\/wp-content\/uploads\/2019\/11\/1574946081zelenski.jpg",549,366,false],"portraits":["https:\/\/arantv.az\/wp-content\/uploads\/2019\/11\/1574946081zelenski.jpg",549,366,false],"thumbnail":["https:\/\/arantv.az\/wp-content\/uploads\/2019\/11\/1574946081zelenski-150x150.jpg",150,150,true],"medium":["https:\/\/arantv.az\/wp-content\/uploads\/2019\/11\/1574946081zelenski-300x200.jpg",300,200,true],"large":["https:\/\/arantv.az\/wp-content\/uploads\/2019\/11\/1574946081zelenski.jpg",549,366,false],"1536x1536":["https:\/\/arantv.az\/wp-content\/uploads\/2019\/11\/1574946081zelenski.jpg",549,366,false],"2048x2048":["https:\/\/arantv.az\/wp-content\/uploads\/2019\/11\/1574946081zelenski.jpg",549,366,false],"post-thumbnail":["https:\/\/arantv.az\/wp-content\/uploads\/2019\/11\/1574946081zelenski-240x172.jpg",240,172,true],"advps-thumb-one":["https:\/\/arantv.az\/wp-content\/uploads\/2019\/11\/1574946081zelenski.jpg",549,366,false]},"rttpg_author":{"display_name":"V\u00fcsal Rafiqo\u011flu","author_link":"https:\/\/arantv.az\/?author=2"},"rttpg_comment":0,"rttpg_category":"<a href=\"https:\/\/arantv.az\/?cat=19\" rel=\"category\">G\u00fcnd\u0259m<\/a>","rttpg_excerpt":"Ukrayna Prezidenti Vladimir Zelenski dekabr\u0131n 16-17-d\u0259 Bak\u0131ya r\u0259smi s\u0259f\u0259r ed\u0259c\u0259k. Bu bar\u0259d\u0259 m\u0259nb\u0259l\u0259r m\u0259lumat verib. Qeyd olunur ki, h\u0259l\u0259lik s\u0259f\u0259rin proqram\u0131 t\u0259sdiql\u0259nm\u0259yib. M\u0259nb\u0259l\u0259rd\u0259n biri \u0259vv\u0259lc\u0259d\u0259n V.Zelenskinin Erm\u0259nistan v\u0259 G\u00fcrc\u00fcstana da s\u0259f\u0259rinin planla\u015fd\u0131r\u0131ld\u0131\u011f\u0131n\u0131, lakin Tbilisid\u0259ki etirazlar s\u0259b\u0259bind\u0259n s\u0259f\u0259rin yaln\u0131z Az\u0259rbaycanla m\u0259hdudla\u015fd\u0131r\u0131lmas\u0131 bar\u0259d\u0259 q\u0259rara g\u0259lindiyini bildirib.\/report\/","_links":{"self":[{"href":"https:\/\/arantv.az\/index.php?rest_route=\/wp\/v2\/posts\/101923"}],"collection":[{"href":"https:\/\/arantv.az\/index.php?rest_route=\/wp\/v2\/posts"}],"about":[{"href":"https:\/\/arantv.az\/index.php?rest_route=\/wp\/v2\/types\/post"}],"author":[{"embeddable":true,"href":"https:\/\/arantv.az\/index.php?rest_route=\/wp\/v2\/users\/2"}],"replies":[{"embeddable":true,"href":"https:\/\/arantv.az\/index.php?rest_route=%2Fwp%2Fv2%2Fcomments&post=101923"}],"version-history":[{"count":0,"href":"https:\/\/arantv.az\/index.php?rest_route=\/wp\/v2\/posts\/101923\/revisions"}],"wp:featuredmedia":[{"embeddable":true,"href":"https:\/\/arantv.az\/index.php?rest_route=\/wp\/v2\/media\/101924"}],"wp:attachment":[{"href":"https:\/\/arantv.az\/index.php?rest_route=%2Fwp%2Fv2%2Fmedia&parent=101923"}],"wp:term":[{"taxonomy":"category","embeddable":true,"href":"https:\/\/arantv.az\/index.php?rest_route=%2Fwp%2Fv2%2Fcategories&post=101923"},{"taxonomy":"post_tag","embeddable":true,"href":"https:\/\/arantv.az\/index.php?rest_route=%2Fwp%2Fv2%2Ftags&post=101923"}],"curies":[{"name":"wp","href":"https:\/\/api.w.org\/{rel}","templated":true}]}}