{"id":102001,"date":"2019-11-29T08:16:23","date_gmt":"2019-11-29T05:16:23","guid":{"rendered":"http:\/\/arantv.az\/?p=102001"},"modified":"2019-11-29T08:16:23","modified_gmt":"2019-11-29T05:16:23","slug":"milli-m%c9%99clis-bu-gun-yeni-ombudsman-sec%c9%99c%c9%99k","status":"publish","type":"post","link":"https:\/\/arantv.az\/?p=102001","title":{"rendered":"Milli M\u0259clis bu g\u00fcn yeni Ombudsman se\u00e7\u0259c\u0259k"},"content":{"rendered":"<p>Bu g\u00fcn Milli M\u0259clisin n\u00f6vb\u0259ti plenar iclas\u0131 ke\u00e7iril\u0259c\u0259k.<\/p>\n<p><b>ARANTV.AZ<\/b>-\u0131n x\u0259b\u0259rin\u0259 g\u00f6r\u0259, iclas\u0131n g\u00fcnd\u0259liyin\u0259 22 m\u0259s\u0259l\u0259 daxildir.<\/p>\n<p>Parlament \u0130nsan h\u00fcquqlar\u0131 \u00fczr\u0259 m\u00fcv\u0259kkilinin (Ombudsman\u0131n) se\u00e7ilm\u0259si haqq\u0131nda m\u0259s\u0259l\u0259y\u0259 d\u0259 baxacaq.<\/p>\n<p>Qeyd ed\u0259k ki, ombudsmanl\u0131\u011fa namiz\u0259dl\u0259rd\u0259n biri Bak\u0131 Apellyasiya M\u0259hk\u0259m\u0259sinin s\u0259drinin m\u00fcavini\u00a0K\u0259mal\u0259 Ab\u0131yevad\u0131r.<\/p>\n<p>Ombudsmanl\u0131\u011fa dig\u0259r namiz\u0259d Ali M\u0259hk\u0259m\u0259nin \u0130nsan H\u00fcquqlar\u0131 v\u0259 \u0130ctimaiyy\u0259tl\u0259 \u018flaq\u0259l\u0259r \u015e\u00f6b\u0259sinin m\u00fcdiri K\u0259mal\u0259 \u018fliyevad\u0131r.<\/p>\n<p>Konstitusiya M\u0259hk\u0259m\u0259si Aparat r\u0259hb\u0259rinin m\u00fcavini S\u0259bin\u0259 \u018fliyeva da ombudsmanl\u0131\u011fa namiz\u0259ddir.Oxu.Az<\/p>\n","protected":false},"excerpt":{"rendered":"<p>Bu g\u00fcn Milli M\u0259clisin n\u00f6vb\u0259ti plenar iclas\u0131 ke\u00e7iril\u0259c\u0259k. ARANTV.AZ-\u0131n x\u0259b\u0259rin\u0259 g\u00f6r\u0259, iclas\u0131n g\u00fcnd\u0259liyin\u0259 22 m\u0259s\u0259l\u0259 daxildir. Parlament \u0130nsan h\u00fcquqlar\u0131 \u00fczr\u0259 m\u00fcv\u0259kkilinin (Ombudsman\u0131n) se\u00e7ilm\u0259si haqq\u0131nda m\u0259s\u0259l\u0259y\u0259 d\u0259 baxacaq. Qeyd ed\u0259k ki, ombudsmanl\u0131\u011fa namiz\u0259dl\u0259rd\u0259n biri Bak\u0131 Apellyasiya M\u0259hk\u0259m\u0259sinin s\u0259drinin m\u00fcavini\u00a0K\u0259mal\u0259 Ab\u0131yevad\u0131r. Ombudsmanl\u0131\u011fa dig\u0259r namiz\u0259d Ali M\u0259hk\u0259m\u0259nin \u0130nsan H\u00fcquqlar\u0131 v\u0259 \u0130ctimaiyy\u0259tl\u0259 \u018flaq\u0259l\u0259r \u015e\u00f6b\u0259sinin m\u00fcdiri K\u0259mal\u0259 \u018fliyevad\u0131r. Konstitusiya M\u0259hk\u0259m\u0259si Aparat r\u0259hb\u0259rinin m\u00fcavini S\u0259bin\u0259 \u018fliyeva da ombudsmanl\u0131\u011fa namiz\u0259ddir.Oxu.Az<\/p>\n","protected":false},"author":2,"featured_media":102002,"comment_status":"closed","ping_status":"closed","sticky":false,"template":"","format":"standard","meta":{"om_disable_all_campaigns":false,"_monsterinsights_skip_tracking":false,"_monsterinsights_sitenote_active":false,"_monsterinsights_sitenote_note":"","_monsterinsights_sitenote_category":0},"categories":[4],"tags":[],"aioseo_notices":[],"gutentor_comment":0,"rttpg_featured_image_url":{"full":["https:\/\/arantv.az\/wp-content\/uploads\/2019\/11\/152430199357253938_1000x669-1.jpg",620,401,false],"landscape":["https:\/\/arantv.az\/wp-content\/uploads\/2019\/11\/152430199357253938_1000x669-1.jpg",620,401,false],"portraits":["https:\/\/arantv.az\/wp-content\/uploads\/2019\/11\/152430199357253938_1000x669-1.jpg",620,401,false],"thumbnail":["https:\/\/arantv.az\/wp-content\/uploads\/2019\/11\/152430199357253938_1000x669-1-150x150.jpg",150,150,true],"medium":["https:\/\/arantv.az\/wp-content\/uploads\/2019\/11\/152430199357253938_1000x669-1-300x194.jpg",300,194,true],"large":["https:\/\/arantv.az\/wp-content\/uploads\/2019\/11\/152430199357253938_1000x669-1.jpg",620,401,false],"1536x1536":["https:\/\/arantv.az\/wp-content\/uploads\/2019\/11\/152430199357253938_1000x669-1.jpg",620,401,false],"2048x2048":["https:\/\/arantv.az\/wp-content\/uploads\/2019\/11\/152430199357253938_1000x669-1.jpg",620,401,false],"post-thumbnail":["https:\/\/arantv.az\/wp-content\/uploads\/2019\/11\/152430199357253938_1000x669-1-240x172.jpg",240,172,true],"advps-thumb-one":["https:\/\/arantv.az\/wp-content\/uploads\/2019\/11\/152430199357253938_1000x669-1.jpg",620,401,false]},"rttpg_author":{"display_name":"V\u00fcsal Rafiqo\u011flu","author_link":"https:\/\/arantv.az\/?author=2"},"rttpg_comment":0,"rttpg_category":"<a href=\"https:\/\/arantv.az\/?cat=4\" rel=\"category\">Siyas\u0259t<\/a>","rttpg_excerpt":"Bu g\u00fcn Milli M\u0259clisin n\u00f6vb\u0259ti plenar iclas\u0131 ke\u00e7iril\u0259c\u0259k. ARANTV.AZ-\u0131n x\u0259b\u0259rin\u0259 g\u00f6r\u0259, iclas\u0131n g\u00fcnd\u0259liyin\u0259 22 m\u0259s\u0259l\u0259 daxildir. Parlament \u0130nsan h\u00fcquqlar\u0131 \u00fczr\u0259 m\u00fcv\u0259kkilinin (Ombudsman\u0131n) se\u00e7ilm\u0259si haqq\u0131nda m\u0259s\u0259l\u0259y\u0259 d\u0259 baxacaq. Qeyd ed\u0259k ki, ombudsmanl\u0131\u011fa namiz\u0259dl\u0259rd\u0259n biri Bak\u0131 Apellyasiya M\u0259hk\u0259m\u0259sinin s\u0259drinin m\u00fcavini\u00a0K\u0259mal\u0259 Ab\u0131yevad\u0131r. Ombudsmanl\u0131\u011fa dig\u0259r namiz\u0259d Ali M\u0259hk\u0259m\u0259nin \u0130nsan H\u00fcquqlar\u0131 v\u0259 \u0130ctimaiyy\u0259tl\u0259 \u018flaq\u0259l\u0259r \u015e\u00f6b\u0259sinin m\u00fcdiri K\u0259mal\u0259 \u018fliyevad\u0131r. Konstitusiya M\u0259hk\u0259m\u0259si&hellip;","_links":{"self":[{"href":"https:\/\/arantv.az\/index.php?rest_route=\/wp\/v2\/posts\/102001"}],"collection":[{"href":"https:\/\/arantv.az\/index.php?rest_route=\/wp\/v2\/posts"}],"about":[{"href":"https:\/\/arantv.az\/index.php?rest_route=\/wp\/v2\/types\/post"}],"author":[{"embeddable":true,"href":"https:\/\/arantv.az\/index.php?rest_route=\/wp\/v2\/users\/2"}],"replies":[{"embeddable":true,"href":"https:\/\/arantv.az\/index.php?rest_route=%2Fwp%2Fv2%2Fcomments&post=102001"}],"version-history":[{"count":0,"href":"https:\/\/arantv.az\/index.php?rest_route=\/wp\/v2\/posts\/102001\/revisions"}],"wp:featuredmedia":[{"embeddable":true,"href":"https:\/\/arantv.az\/index.php?rest_route=\/wp\/v2\/media\/102002"}],"wp:attachment":[{"href":"https:\/\/arantv.az\/index.php?rest_route=%2Fwp%2Fv2%2Fmedia&parent=102001"}],"wp:term":[{"taxonomy":"category","embeddable":true,"href":"https:\/\/arantv.az\/index.php?rest_route=%2Fwp%2Fv2%2Fcategories&post=102001"},{"taxonomy":"post_tag","embeddable":true,"href":"https:\/\/arantv.az\/index.php?rest_route=%2Fwp%2Fv2%2Ftags&post=102001"}],"curies":[{"name":"wp","href":"https:\/\/api.w.org\/{rel}","templated":true}]}}