{"id":102104,"date":"2019-11-29T10:23:09","date_gmt":"2019-11-29T07:23:09","guid":{"rendered":"http:\/\/arantv.az\/?p=102104"},"modified":"2019-11-29T10:23:09","modified_gmt":"2019-11-29T07:23:09","slug":"qoyun-oldu-quzu-ana-dey%c9%99-m%c9%99l%c9%99m%c9%99y%c9%99-basladi","status":"publish","type":"post","link":"https:\/\/arantv.az\/?p=102104","title":{"rendered":"Qoyun \u00f6ld\u00fc, quzu \u201cana\u201d dey\u0259 m\u0259l\u0259m\u0259y\u0259 ba\u015flad\u0131"},"content":{"rendered":"<div>Qoyun \u00f6ld\u00fc, quzu &#8220;ana\u201d dey\u0259 m\u0259l\u0259m\u0259y\u0259 ba\u015flad\u0131 &#8211; Video<\/div>\n<div><\/div>\n<div>T\u00fcrkiy\u0259nin Bal\u0131kesir \u015f\u0259h\u0259rind\u0259 ham\u0131n\u0131 t\u0259\u0259cc\u00fcbl\u0259ndir\u0259c\u0259k olay ya\u015fan\u0131r. \u0130ki \u0259kiz quzu do\u011fan qoyun t\u0259l\u0259f olub. Heyvan\u0131n \u00f6l\u00fcm\u00fcnd\u0259n sonra quzulardan biri &#8220;anne\u201d (ana) dey\u0259 m\u0259l\u0259m\u0259y\u0259 ba\u015flay\u0131b.<\/div>\n<div>Bizimyol.info x\u0259b\u0259r verir ki, t\u0259s\u0259rr\u00fcfat\u0131n sahibi \u0130smail Can \u00f6z\u00fcn\u00fcn d\u0259 \u015fokda oldu\u011funu bildirib. Quzular\u0131 videoya \u00e7\u0259k\u0259n \u0130\u015f\u0131qlar k\u0259nd sakini ilk d\u0259f\u0259 bel\u0259 halla qar\u015f\u0131la\u015fd\u0131\u011f\u0131n\u0131 s\u00f6yl\u0259yib.<\/div>\n<div><\/div>\n<div>Qoyun quzular\u0131 do\u011fandan bir h\u0259ft\u0259 sonra h\u0259yat\u0131n\u0131 itirib. Bu m\u00fcdd\u0259td\u0259 s\u00fcr\u00fcy\u0259 qo\u015fulmur, t\u00f6vl\u0259d\u0259n \u00e7\u0131xm\u0131rm\u0131\u015f. G\u00fcnl\u0259rin birind\u0259 \u0130smail qoyunun \u00f6ld\u00fcy\u00fcn\u00fc g\u00f6r\u00fcb. H\u0259min g\u00fcnd\u0259n quzulardan biri &#8220;anne\u201d dey\u0259 m\u0259l\u0259m\u0259y\u0259 ba\u015flay\u0131b.<\/div>\n","protected":false},"excerpt":{"rendered":"<p>Qoyun \u00f6ld\u00fc, quzu &#8220;ana\u201d dey\u0259 m\u0259l\u0259m\u0259y\u0259 ba\u015flad\u0131 &#8211; Video T\u00fcrkiy\u0259nin Bal\u0131kesir \u015f\u0259h\u0259rind\u0259 ham\u0131n\u0131 t\u0259\u0259cc\u00fcbl\u0259ndir\u0259c\u0259k olay ya\u015fan\u0131r. \u0130ki \u0259kiz quzu do\u011fan qoyun t\u0259l\u0259f olub. Heyvan\u0131n \u00f6l\u00fcm\u00fcnd\u0259n sonra quzulardan biri &#8220;anne\u201d (ana) dey\u0259 m\u0259l\u0259m\u0259y\u0259 ba\u015flay\u0131b. Bizimyol.info x\u0259b\u0259r verir ki, t\u0259s\u0259rr\u00fcfat\u0131n sahibi \u0130smail Can \u00f6z\u00fcn\u00fcn d\u0259 \u015fokda oldu\u011funu bildirib. Quzular\u0131 videoya \u00e7\u0259k\u0259n \u0130\u015f\u0131qlar k\u0259nd sakini ilk d\u0259f\u0259 bel\u0259 halla qar\u015f\u0131la\u015fd\u0131\u011f\u0131n\u0131 s\u00f6yl\u0259yib. Qoyun quzular\u0131 do\u011fandan bir h\u0259ft\u0259 sonra h\u0259yat\u0131n\u0131 itirib. Bu m\u00fcdd\u0259td\u0259 s\u00fcr\u00fcy\u0259 qo\u015fulmur, t\u00f6vl\u0259d\u0259n \u00e7\u0131xm\u0131rm\u0131\u015f. G\u00fcnl\u0259rin birind\u0259 \u0130smail qoyunun \u00f6ld\u00fcy\u00fcn\u00fc g\u00f6r\u00fcb. H\u0259min g\u00fcnd\u0259n quzulardan biri &#8220;anne\u201d dey\u0259 m\u0259l\u0259m\u0259y\u0259 ba\u015flay\u0131b.<\/p>\n","protected":false},"author":2,"featured_media":102105,"comment_status":"closed","ping_status":"closed","sticky":false,"template":"","format":"standard","meta":{"om_disable_all_campaigns":false,"_monsterinsights_skip_tracking":false,"_monsterinsights_sitenote_active":false,"_monsterinsights_sitenote_note":"","_monsterinsights_sitenote_category":0},"categories":[7],"tags":[],"aioseo_notices":[],"gutentor_comment":0,"rttpg_featured_image_url":{"full":["https:\/\/arantv.az\/wp-content\/uploads\/2019\/11\/1575009385_screenshot_1.jpg",604,362,false],"landscape":["https:\/\/arantv.az\/wp-content\/uploads\/2019\/11\/1575009385_screenshot_1.jpg",604,362,false],"portraits":["https:\/\/arantv.az\/wp-content\/uploads\/2019\/11\/1575009385_screenshot_1.jpg",604,362,false],"thumbnail":["https:\/\/arantv.az\/wp-content\/uploads\/2019\/11\/1575009385_screenshot_1-150x150.jpg",150,150,true],"medium":["https:\/\/arantv.az\/wp-content\/uploads\/2019\/11\/1575009385_screenshot_1-300x180.jpg",300,180,true],"large":["https:\/\/arantv.az\/wp-content\/uploads\/2019\/11\/1575009385_screenshot_1.jpg",604,362,false],"1536x1536":["https:\/\/arantv.az\/wp-content\/uploads\/2019\/11\/1575009385_screenshot_1.jpg",604,362,false],"2048x2048":["https:\/\/arantv.az\/wp-content\/uploads\/2019\/11\/1575009385_screenshot_1.jpg",604,362,false],"post-thumbnail":["https:\/\/arantv.az\/wp-content\/uploads\/2019\/11\/1575009385_screenshot_1-240x172.jpg",240,172,true],"advps-thumb-one":["https:\/\/arantv.az\/wp-content\/uploads\/2019\/11\/1575009385_screenshot_1.jpg",604,362,false]},"rttpg_author":{"display_name":"V\u00fcsal Rafiqo\u011flu","author_link":"https:\/\/arantv.az\/?author=2"},"rttpg_comment":0,"rttpg_category":"<a href=\"https:\/\/arantv.az\/?cat=7\" rel=\"category\">D\u00fcnya<\/a>","rttpg_excerpt":"Qoyun \u00f6ld\u00fc, quzu &#8220;ana\u201d dey\u0259 m\u0259l\u0259m\u0259y\u0259 ba\u015flad\u0131 &#8211; Video T\u00fcrkiy\u0259nin Bal\u0131kesir \u015f\u0259h\u0259rind\u0259 ham\u0131n\u0131 t\u0259\u0259cc\u00fcbl\u0259ndir\u0259c\u0259k olay ya\u015fan\u0131r. \u0130ki \u0259kiz quzu do\u011fan qoyun t\u0259l\u0259f olub. Heyvan\u0131n \u00f6l\u00fcm\u00fcnd\u0259n sonra quzulardan biri &#8220;anne\u201d (ana) dey\u0259 m\u0259l\u0259m\u0259y\u0259 ba\u015flay\u0131b. Bizimyol.info x\u0259b\u0259r verir ki, t\u0259s\u0259rr\u00fcfat\u0131n sahibi \u0130smail Can \u00f6z\u00fcn\u00fcn d\u0259 \u015fokda oldu\u011funu bildirib. Quzular\u0131 videoya \u00e7\u0259k\u0259n \u0130\u015f\u0131qlar k\u0259nd sakini ilk d\u0259f\u0259 bel\u0259&hellip;","_links":{"self":[{"href":"https:\/\/arantv.az\/index.php?rest_route=\/wp\/v2\/posts\/102104"}],"collection":[{"href":"https:\/\/arantv.az\/index.php?rest_route=\/wp\/v2\/posts"}],"about":[{"href":"https:\/\/arantv.az\/index.php?rest_route=\/wp\/v2\/types\/post"}],"author":[{"embeddable":true,"href":"https:\/\/arantv.az\/index.php?rest_route=\/wp\/v2\/users\/2"}],"replies":[{"embeddable":true,"href":"https:\/\/arantv.az\/index.php?rest_route=%2Fwp%2Fv2%2Fcomments&post=102104"}],"version-history":[{"count":0,"href":"https:\/\/arantv.az\/index.php?rest_route=\/wp\/v2\/posts\/102104\/revisions"}],"wp:featuredmedia":[{"embeddable":true,"href":"https:\/\/arantv.az\/index.php?rest_route=\/wp\/v2\/media\/102105"}],"wp:attachment":[{"href":"https:\/\/arantv.az\/index.php?rest_route=%2Fwp%2Fv2%2Fmedia&parent=102104"}],"wp:term":[{"taxonomy":"category","embeddable":true,"href":"https:\/\/arantv.az\/index.php?rest_route=%2Fwp%2Fv2%2Fcategories&post=102104"},{"taxonomy":"post_tag","embeddable":true,"href":"https:\/\/arantv.az\/index.php?rest_route=%2Fwp%2Fv2%2Ftags&post=102104"}],"curies":[{"name":"wp","href":"https:\/\/api.w.org\/{rel}","templated":true}]}}