{"id":102135,"date":"2019-11-29T10:55:07","date_gmt":"2019-11-29T07:55:07","guid":{"rendered":"http:\/\/arantv.az\/?p=102135"},"modified":"2019-11-29T10:55:07","modified_gmt":"2019-11-29T07:55:07","slug":"paytaxtdaki-ali-m%c9%99kt%c9%99bl%c9%99r-bu-%c9%99raziy%c9%99-kocurul%c9%99-bil%c9%99r","status":"publish","type":"post","link":"https:\/\/arantv.az\/?p=102135","title":{"rendered":"Paytaxtdak\u0131 ali m\u0259kt\u0259bl\u0259r bu \u0259raziy\u0259 k\u00f6\u00e7\u00fcr\u00fcl\u0259 bil\u0259r"},"content":{"rendered":"<p>Bak\u0131n\u0131n Ba\u015f Plan\u0131n\u0131n haz\u0131rlanmas\u0131 prosesi 2020-ci ilin sonuna q\u0259d\u0259r davam ed\u0259c\u0259k. Raz\u0131la\u015fd\u0131r\u0131lm\u0131\u015f layih\u0259 g\u0259l\u0259n ilin sonunda t\u0259sdiq edilm\u0259k \u00fc\u00e7\u00fcn h\u00f6kum\u0259t\u0259 t\u0259qdim olunacaq.<\/p>\n<p>Bak\u0131 \u015f\u0259h\u0259rinin Ba\u015f Plan\u0131 \u00fczr\u0259 yana\u015fmalar zaman\u0131 bir s\u0131ra m\u00fczakir\u0259l\u0259r gedib. M\u00fczakir\u0259l\u0259r zaman\u0131 D\u00f6vl\u0259t \u015e\u0259h\u0259rsalma v\u0259 Arxitektura Komit\u0259sinin s\u0259drinin birinci m\u00fcavini Anar Quliyev universitetl\u0259rin Xoc\u0259s\u0259n v\u0259 M\u0259rd\u0259kana k\u00f6\u00e7\u00fcr\u00fclm\u0259si m\u0259s\u0259l\u0259sin\u0259n d\u0259 b\u0259hs edib.<\/p>\n<p>Memarl\u0131q v\u0259 \u0130n\u015faat Universitetinin rektoru G\u00fcl\u00e7\u00f6hr\u0259 M\u0259mm\u0259dova is\u0259 M\u0259rd\u0259kan\u0131n altm\u0259rk\u0259z kimi n\u0259z\u0259rd\u0259 tutulmas\u0131n\u0131n z\u0259ruriliyini vur\u011fulayaraq bir n\u00f6v universitetl\u0259rin da\u015f\u0131nmas\u0131 fikrin\u0259 etiraz\u0131n\u0131 bildirib.<\/p>\n<p>O, qeyd edib ki, sad\u0259c\u0259, oran\u0131n g\u0259l\u0259c\u0259kd\u0259 ya\u015fay\u0131\u015f tikintisi \u00fc\u00e7\u00fcn zona kimi m\u00fc\u0259yy\u0259n edilm\u0259si bir q\u0259d\u0259r t\u0259hl\u00fck\u0259 yarad\u0131r, ham\u0131 bilir ki, M\u0259rd\u0259kan istirah\u0259t zonas\u0131d\u0131r.<\/p>\n<p>\u015e\u0259h\u0259rsalma v\u0259 Arxitektura \u00fczr\u0259 D\u00f6vl\u0259t Komit\u0259sinin m\u0259tbuat katibi Ramiz \u0130driso\u011flu Modern.az-a bildirib ki, Strateji layih\u0259l\u0259r Ba\u015f plan\u0131n realla\u015fd\u0131r\u0131lmas\u0131nda t\u0259kan verici rol oynayacaq.<\/p>\n<p>&#8220;M\u00fcxt\u0259lif m\u0259nb\u0259l\u0259rd\u0259n, o c\u00fcml\u0259d\u0259n: d\u00f6vl\u0259t qurumlar\u0131, \u00f6z\u0259l v\u0259 i\u00e7timai t\u0259\u015fkilatlardan v\u0259 \u015f\u0259h\u0259r sakinl\u0259rind\u0259n t\u0259qdim olunmu\u015f layih\u0259 t\u0259klifl\u0259ri aras\u0131nda se\u00e7ilmi\u015f 11 layih\u0259 Strateji Sessiyada elan olunub.<\/p>\n<p>S\u00f6z\u00fcged\u0259n layih\u0259l\u0259r Ba\u015f Plan paketind\u0259 h\u00f6kum\u0259t\u0259 t\u0259qdim olunacaq v\u0259 bu layih\u0259l\u0259r t\u0259sdiql\u0259n\u0259rs\u0259, onlar\u0131n detall\u0131 texniki-iqtisadi \u0259sasland\u0131r\u0131lmalar\u0131 haz\u0131rlanacaqd\u0131r\u201d.<\/p>\n<p>Ramiz \u0130driso\u011flu qeyd edib ki, m\u00fcasir kampusun yarad\u0131lmas\u0131 m\u0259s\u0259l\u0259si d\u0259 t\u0259klif olunmu\u015f layih\u0259l\u0259rd\u0259n biridir:<\/p>\n<p>&#8220;Burada d\u00fcnyada apar\u0131c\u0131 universitetl\u0259rin t\u0259crub\u0259sin\u0259 \u0259saslanaraq t\u0259hsil, elm v\u0259 biznesin ba\u011flanma n\u00f6qt\u0259sinin yarad\u0131lmas\u0131 n\u0259z\u0259rd\u0259 tutulur. S\u00f6hb\u0259t yaln\u0131z universitetl\u0259rin fiziki k\u00f6\u00e7\u00fcr\u00fclm\u0259sind\u0259n getmir. Layih\u0259 h\u00f6k\u00fcm\u0259t t\u0259r\u0259fd\u0259n m\u00fcsb\u0259t qiym\u0259tl\u0259ndirils\u0259, kampusun yerl\u0259\u015fdirilm\u0259sinin infrastruktur bax\u0131m\u0131ndan m\u00fcnasib olaca\u011f\u0131, t\u0259rkibin\u0259 hans\u0131 t\u0259hsil ocaqlar\u0131n\u0131n daxil olaca\u011f\u0131 kimi m\u0259s\u0259l\u0259l\u0259r\u0259 bax\u0131lacaq.<\/p>\n<p>Ekspert Cahangir Qocayev bildirib ki, Bak\u0131n\u0131n Regional \u0130nki\u015faf Plan\u0131nda universitetl\u0259rin \u015f\u0259h\u0259rd\u0259n \u00e7\u0131xar\u0131lmas\u0131 \u00fc\u00e7\u00fcn \u0259razi n\u0259z\u0259rd\u0259 tutulub, amma Xoc\u0259s\u0259n plana daxil deyil.<\/p>\n<p>&#8220;Universitetl\u0259rd\u0259n birinin \u0259razisi B\u00f6y\u00fck \u015eor g\u00f6l\u00fcn\u00fcn \u0259traf\u0131nda olacaq. M\u0259n \u00fcmumiyy\u0259tl\u0259 n\u0259z\u0259rd\u0259 tuturdum ki, universitetl\u0259rin k\u00f6\u00e7\u00fcr\u00fcl\u0259c\u0259yi yerl\u0259r\u0259 elektrik qatarlar\u0131 qura\u015fd\u0131r\u0131ls\u0131n. \u018fl\u0259t\u0259 ged\u0259n yolda bo\u015f yerl\u0259r \u00e7oxdur, universitetl\u0259ri ora da k\u00f6\u00e7\u00fcrm\u0259k m\u00fcmk\u00fcn olar. Universitetl\u0259rin ba\u015fqa \u0259raziy\u0259 da\u015f\u0131nmas\u0131 olduqca uzun i\u015fdir. Bunun \u00fc\u00e7\u00fcn \u0259vv\u0259l universitet \u015f\u0259h\u0259rcikl\u0259ri yarad\u0131lmal\u0131d\u0131r\u201d.<\/p>\n<p>Cahangir Qocayev qeyd edib ki, konkret olaraq orada yataqxana, kitabxana yarad\u0131lsa t\u0259l\u0259b\u0259l\u0259rin k\u0259nar \u0259razil\u0259r\u0259 k\u00f6\u00e7\u00fcr\u00fclm\u0259si \u0259lveri\u015fli olar:<\/p>\n<p>&#8220;B\u0259zi universitetl\u0259r do\u011furdan da k\u0259nara k\u00f6\u00e7\u00fcr\u00fcls\u0259 yax\u015f\u0131 olar. M\u0259s\u0259l\u0259n, biri UNEC. UNEC-in Bak\u0131n\u0131n m\u0259rk\u0259zind\u0259 n\u0259 i\u015fi var ax\u0131?! Bundan \u0259lav\u0259 Pedaqoji Universitetin d\u0259 \u015f\u0259h\u0259rd\u0259n k\u0259nara k\u00f6\u00e7\u00fcr\u00fclm\u0259si daha m\u0259qs\u0259d\u0259uy\u011fundur. Bunu T\u0259hsil Nazirliyi il\u0259 raz\u0131la\u015fd\u0131rmaq laz\u0131md\u0131r\u201d.<\/p>\n","protected":false},"excerpt":{"rendered":"<p>Bak\u0131n\u0131n Ba\u015f Plan\u0131n\u0131n haz\u0131rlanmas\u0131 prosesi 2020-ci ilin sonuna q\u0259d\u0259r davam ed\u0259c\u0259k. Raz\u0131la\u015fd\u0131r\u0131lm\u0131\u015f layih\u0259 g\u0259l\u0259n ilin sonunda t\u0259sdiq edilm\u0259k \u00fc\u00e7\u00fcn h\u00f6kum\u0259t\u0259 t\u0259qdim olunacaq. Bak\u0131 \u015f\u0259h\u0259rinin Ba\u015f Plan\u0131 \u00fczr\u0259 yana\u015fmalar zaman\u0131 bir s\u0131ra m\u00fczakir\u0259l\u0259r gedib. M\u00fczakir\u0259l\u0259r zaman\u0131 D\u00f6vl\u0259t \u015e\u0259h\u0259rsalma v\u0259 Arxitektura Komit\u0259sinin s\u0259drinin birinci m\u00fcavini Anar Quliyev universitetl\u0259rin Xoc\u0259s\u0259n v\u0259 M\u0259rd\u0259kana k\u00f6\u00e7\u00fcr\u00fclm\u0259si m\u0259s\u0259l\u0259sin\u0259n d\u0259 b\u0259hs edib. Memarl\u0131q v\u0259 \u0130n\u015faat Universitetinin rektoru G\u00fcl\u00e7\u00f6hr\u0259 M\u0259mm\u0259dova is\u0259 M\u0259rd\u0259kan\u0131n altm\u0259rk\u0259z kimi n\u0259z\u0259rd\u0259 tutulmas\u0131n\u0131n z\u0259ruriliyini vur\u011fulayaraq bir n\u00f6v universitetl\u0259rin da\u015f\u0131nmas\u0131 fikrin\u0259 etiraz\u0131n\u0131 bildirib. O, qeyd edib ki, sad\u0259c\u0259, oran\u0131n g\u0259l\u0259c\u0259kd\u0259 ya\u015fay\u0131\u015f tikintisi \u00fc\u00e7\u00fcn zona kimi m\u00fc\u0259yy\u0259n edilm\u0259si&hellip;<\/p>\n","protected":false},"author":2,"featured_media":102136,"comment_status":"closed","ping_status":"closed","sticky":false,"template":"","format":"standard","meta":{"om_disable_all_campaigns":false,"_monsterinsights_skip_tracking":false,"_monsterinsights_sitenote_active":false,"_monsterinsights_sitenote_note":"","_monsterinsights_sitenote_category":0},"categories":[1],"tags":[],"aioseo_notices":[],"gutentor_comment":0,"rttpg_featured_image_url":{"full":["https:\/\/arantv.az\/wp-content\/uploads\/2019\/11\/1575009875_untitled-1.jpg",649,365,false],"landscape":["https:\/\/arantv.az\/wp-content\/uploads\/2019\/11\/1575009875_untitled-1.jpg",649,365,false],"portraits":["https:\/\/arantv.az\/wp-content\/uploads\/2019\/11\/1575009875_untitled-1.jpg",649,365,false],"thumbnail":["https:\/\/arantv.az\/wp-content\/uploads\/2019\/11\/1575009875_untitled-1-150x150.jpg",150,150,true],"medium":["https:\/\/arantv.az\/wp-content\/uploads\/2019\/11\/1575009875_untitled-1-300x169.jpg",300,169,true],"large":["https:\/\/arantv.az\/wp-content\/uploads\/2019\/11\/1575009875_untitled-1.jpg",640,360,false],"1536x1536":["https:\/\/arantv.az\/wp-content\/uploads\/2019\/11\/1575009875_untitled-1.jpg",649,365,false],"2048x2048":["https:\/\/arantv.az\/wp-content\/uploads\/2019\/11\/1575009875_untitled-1.jpg",649,365,false],"post-thumbnail":["https:\/\/arantv.az\/wp-content\/uploads\/2019\/11\/1575009875_untitled-1-240x172.jpg",240,172,true],"advps-thumb-one":["https:\/\/arantv.az\/wp-content\/uploads\/2019\/11\/1575009875_untitled-1.jpg",649,365,false]},"rttpg_author":{"display_name":"V\u00fcsal Rafiqo\u011flu","author_link":"https:\/\/arantv.az\/?author=2"},"rttpg_comment":0,"rttpg_category":"<a href=\"https:\/\/arantv.az\/?cat=1\" rel=\"category\">C\u0259miyy\u0259t<\/a>","rttpg_excerpt":"Bak\u0131n\u0131n Ba\u015f Plan\u0131n\u0131n haz\u0131rlanmas\u0131 prosesi 2020-ci ilin sonuna q\u0259d\u0259r davam ed\u0259c\u0259k. Raz\u0131la\u015fd\u0131r\u0131lm\u0131\u015f layih\u0259 g\u0259l\u0259n ilin sonunda t\u0259sdiq edilm\u0259k \u00fc\u00e7\u00fcn h\u00f6kum\u0259t\u0259 t\u0259qdim olunacaq. Bak\u0131 \u015f\u0259h\u0259rinin Ba\u015f Plan\u0131 \u00fczr\u0259 yana\u015fmalar zaman\u0131 bir s\u0131ra m\u00fczakir\u0259l\u0259r gedib. M\u00fczakir\u0259l\u0259r zaman\u0131 D\u00f6vl\u0259t \u015e\u0259h\u0259rsalma v\u0259 Arxitektura Komit\u0259sinin s\u0259drinin birinci m\u00fcavini Anar Quliyev universitetl\u0259rin Xoc\u0259s\u0259n v\u0259 M\u0259rd\u0259kana k\u00f6\u00e7\u00fcr\u00fclm\u0259si m\u0259s\u0259l\u0259sin\u0259n d\u0259 b\u0259hs edib. Memarl\u0131q&hellip;","_links":{"self":[{"href":"https:\/\/arantv.az\/index.php?rest_route=\/wp\/v2\/posts\/102135"}],"collection":[{"href":"https:\/\/arantv.az\/index.php?rest_route=\/wp\/v2\/posts"}],"about":[{"href":"https:\/\/arantv.az\/index.php?rest_route=\/wp\/v2\/types\/post"}],"author":[{"embeddable":true,"href":"https:\/\/arantv.az\/index.php?rest_route=\/wp\/v2\/users\/2"}],"replies":[{"embeddable":true,"href":"https:\/\/arantv.az\/index.php?rest_route=%2Fwp%2Fv2%2Fcomments&post=102135"}],"version-history":[{"count":0,"href":"https:\/\/arantv.az\/index.php?rest_route=\/wp\/v2\/posts\/102135\/revisions"}],"wp:featuredmedia":[{"embeddable":true,"href":"https:\/\/arantv.az\/index.php?rest_route=\/wp\/v2\/media\/102136"}],"wp:attachment":[{"href":"https:\/\/arantv.az\/index.php?rest_route=%2Fwp%2Fv2%2Fmedia&parent=102135"}],"wp:term":[{"taxonomy":"category","embeddable":true,"href":"https:\/\/arantv.az\/index.php?rest_route=%2Fwp%2Fv2%2Fcategories&post=102135"},{"taxonomy":"post_tag","embeddable":true,"href":"https:\/\/arantv.az\/index.php?rest_route=%2Fwp%2Fv2%2Ftags&post=102135"}],"curies":[{"name":"wp","href":"https:\/\/api.w.org\/{rel}","templated":true}]}}