{"id":102151,"date":"2019-11-29T11:02:48","date_gmt":"2019-11-29T08:02:48","guid":{"rendered":"http:\/\/arantv.az\/?p=102151"},"modified":"2019-11-29T11:02:48","modified_gmt":"2019-11-29T08:02:48","slug":"az%c9%99rbaycanlilarin-648-faizi-ail%c9%99-uzvl%c9%99ri-il%c9%99-birlikd%c9%99-s%c9%99yah%c9%99t-edirl%c9%99r-sorgu","status":"publish","type":"post","link":"https:\/\/arantv.az\/?p=102151","title":{"rendered":"Az\u0259rbaycanl\u0131lar\u0131n 64,8 faizi ail\u0259 \u00fczvl\u0259ri il\u0259 birlikd\u0259 s\u0259yah\u0259t edirl\u0259r &#8211; SOR\u011eU"},"content":{"rendered":"<p>2019-cu ilin avqust-sentyabr aylar\u0131nda 13 \u00f6lk\u0259d\u0259n 2000 turist aras\u0131nda sor\u011fu ke\u00e7irilib. Sor\u011fuda i\u015ftirak ed\u0259nl\u0259rin t\u0259xmin\u0259n 20 faizi Az\u0259rbaycana s\u0259f\u0259rl\u0259rini turpaketl\u0259 edib, 63 faizi f\u0259rdi qaydada g\u0259lib.<\/p>\n<p><strong>ARANTV.AZ<\/strong>\u00a0\u00a0<a href=\"https:\/\/az.trend.az\/\" target=\"_blank\" rel=\"noopener\">Trend<\/a>-\u0259 istinad\u0259n x\u0259b\u0259r verir ki, bu bar\u0259d\u0259 Az\u0259rbaycan Turizm Sammitind\u0259 hesabat\u0131n t\u0259qdimat\u0131 zaman\u0131 bildirilib.<\/p>\n<p>Qeyd edilib ki, &#8220;h\u0259r \u015fey daxil&#8221; paketini daha \u00e7ox Ukrayna, \u0130ran v\u0259 Birl\u0259\u015fmi\u015f \u018fr\u0259b \u018fmirlikl\u0259rind\u0259n olan turistl\u0259r al\u0131b.<\/p>\n<p>Turistl\u0259r\u0131n yar\u0131dan \u00e7oxu Bak\u0131da qalma\u011fa \u00fcst\u00fcnl\u00fck verib. Sor\u011fuya \u0259sas\u0259n turistl\u0259rin \u0259n \u00e7ox getdiyi 4 rayon &#8211; Q\u0259b\u0259l\u0259, Quba, \u015e\u0259ki v\u0259 Qusard\u0131r:<\/p>\n<p>&#8220;Az\u0259rbaycana ilk d\u0259f\u0259 g\u0259l\u0259nl\u0259r 75 faiz, ikinci d\u0259f\u0259 g\u0259l\u0259nl\u0259r 10 faiz, 3 d\u0259f\u0259d\u0259n \u00e7ox g\u0259l\u0259nl\u0259r is\u0259 15 faiz olub. Turistl\u0259r bura g\u0259lm\u0259kd\u0259 m\u0259qs\u0259dl\u0259rini bel\u0259 qeyd edibl\u0259r: \u0259yl\u0259nc\u0259 v\u0259 istirah\u0259t \u00fc\u00e7\u00fcn g\u0259l\u0259nl\u0259r 60 faiz, dostlar v\u0259 ail\u0259y\u0259 ba\u015f \u00e7\u0259km\u0259k \u00fc\u00e7\u00fcn g\u0259l\u0259nl\u0259r 11 faiz, i\u015f s\u0259f\u0259ri \u00fc\u00e7\u00fcn g\u0259l\u0259nl\u0259r is\u0259 16 faiz, sa\u011flaml\u0131q v\u0259 m\u00fcalic\u0131 \u00fc\u00e7\u00fcn g\u0131l\u0131nl\u0259r is\u0259 11 faiz t\u0259\u015fkil edib&#8221;.<\/p>\n<div>\n<div id=\"AdviadNativeVideo0\" class=\"AdviadNativeVideo\"><\/div>\n<\/div>\n<p>Ara\u015fd\u0131rma g\u00f6st\u0259rir ki, \u0259ks\u0259r turistl\u0259r turizm m\u0259kanlar\u0131na ail\u0259 \u00fczvl\u0259ri v\u0259 dostlar\u0131 il\u0259 s\u0259yah\u0259t etm\u0259y\u0259 \u00e7al\u0131\u015f\u0131rlar. Sor\u011fuya g\u00f6r\u0259, ail\u0259 il\u0259 s\u0259yah\u0259t ed\u0259nl\u0259r \u0259sas\u0259n yerli turistl\u0259rdir:<\/p>\n<p>&#8220;Az\u0259rbaycanl\u0131lar\u0131n 64,8 faizi ail\u0259 \u00fczvl\u0259ri il\u0259 birlikd\u0259 s\u0259yah\u0259t edirl\u0259r. Qonaqlar\u0131n \u0259ks\u0259riyy\u0259ti 5 v\u0259 4 ulduzlu otell\u0259rd\u0259 v\u0259 ya qohumlar\u0131n evl\u0259rind\u0259 qalma\u011fa \u00fcst\u00fcnl\u00fck verirl\u0259r. \u018fcn\u0259bil\u0259rin 35 faizi, yerli turistl\u0259rin is\u0259 yaln\u0131z 16 faizi 5 ulduzlu otell\u0259rd\u0259 qal\u0131r. Az\u0259rbaycanl\u0131lar\u0131n is\u0259 h\u0259r 3-d\u0259n biri b\u00f6lg\u0259l\u0259r\u0259 ged\u0259rk\u0259n qohumlar v\u0259 ya dostlar\u0131n evind\u0259 qal\u0131r. Yerli turistl\u0259r g\u00fcnd\u0259lik 207,2 manat, \u0259cn\u0259bi turistl\u0259r is\u0259 422,5 manat x\u0259rcl\u0259yirl\u0259r. X\u0259rcl\u0259rin \u00e7oxu yerl\u0259\u015fm\u0259, qidalanma v\u0259 al\u0131\u015f-veri\u015fi \u0259hat\u0259 edir&#8221;.<\/p>\n","protected":false},"excerpt":{"rendered":"<p>2019-cu ilin avqust-sentyabr aylar\u0131nda 13 \u00f6lk\u0259d\u0259n 2000 turist aras\u0131nda sor\u011fu ke\u00e7irilib. Sor\u011fuda i\u015ftirak ed\u0259nl\u0259rin t\u0259xmin\u0259n 20 faizi Az\u0259rbaycana s\u0259f\u0259rl\u0259rini turpaketl\u0259 edib, 63 faizi f\u0259rdi qaydada g\u0259lib. ARANTV.AZ\u00a0\u00a0Trend-\u0259 istinad\u0259n x\u0259b\u0259r verir ki, bu bar\u0259d\u0259 Az\u0259rbaycan Turizm Sammitind\u0259 hesabat\u0131n t\u0259qdimat\u0131 zaman\u0131 bildirilib. Qeyd edilib ki, &#8220;h\u0259r \u015fey daxil&#8221; paketini daha \u00e7ox Ukrayna, \u0130ran v\u0259 Birl\u0259\u015fmi\u015f \u018fr\u0259b \u018fmirlikl\u0259rind\u0259n olan turistl\u0259r al\u0131b. Turistl\u0259r\u0131n yar\u0131dan \u00e7oxu Bak\u0131da qalma\u011fa \u00fcst\u00fcnl\u00fck verib. Sor\u011fuya \u0259sas\u0259n turistl\u0259rin \u0259n \u00e7ox getdiyi 4 rayon &#8211; Q\u0259b\u0259l\u0259, Quba, \u015e\u0259ki v\u0259 Qusard\u0131r: &#8220;Az\u0259rbaycana ilk d\u0259f\u0259 g\u0259l\u0259nl\u0259r 75 faiz, ikinci d\u0259f\u0259 g\u0259l\u0259nl\u0259r 10 faiz,&hellip;<\/p>\n","protected":false},"author":2,"featured_media":102152,"comment_status":"closed","ping_status":"closed","sticky":false,"template":"","format":"standard","meta":{"om_disable_all_campaigns":false,"_monsterinsights_skip_tracking":false,"_monsterinsights_sitenote_active":false,"_monsterinsights_sitenote_note":"","_monsterinsights_sitenote_category":0},"categories":[1],"tags":[],"aioseo_notices":[],"gutentor_comment":0,"rttpg_featured_image_url":{"full":["https:\/\/arantv.az\/wp-content\/uploads\/2019\/11\/aeroport_gozleme_yeri_00.jpg",482,361,false],"landscape":["https:\/\/arantv.az\/wp-content\/uploads\/2019\/11\/aeroport_gozleme_yeri_00.jpg",482,361,false],"portraits":["https:\/\/arantv.az\/wp-content\/uploads\/2019\/11\/aeroport_gozleme_yeri_00.jpg",482,361,false],"thumbnail":["https:\/\/arantv.az\/wp-content\/uploads\/2019\/11\/aeroport_gozleme_yeri_00-150x150.jpg",150,150,true],"medium":["https:\/\/arantv.az\/wp-content\/uploads\/2019\/11\/aeroport_gozleme_yeri_00-300x225.jpg",300,225,true],"large":["https:\/\/arantv.az\/wp-content\/uploads\/2019\/11\/aeroport_gozleme_yeri_00.jpg",482,361,false],"1536x1536":["https:\/\/arantv.az\/wp-content\/uploads\/2019\/11\/aeroport_gozleme_yeri_00.jpg",482,361,false],"2048x2048":["https:\/\/arantv.az\/wp-content\/uploads\/2019\/11\/aeroport_gozleme_yeri_00.jpg",482,361,false],"post-thumbnail":["https:\/\/arantv.az\/wp-content\/uploads\/2019\/11\/aeroport_gozleme_yeri_00-240x172.jpg",240,172,true],"advps-thumb-one":["https:\/\/arantv.az\/wp-content\/uploads\/2019\/11\/aeroport_gozleme_yeri_00.jpg",482,361,false]},"rttpg_author":{"display_name":"V\u00fcsal Rafiqo\u011flu","author_link":"https:\/\/arantv.az\/?author=2"},"rttpg_comment":0,"rttpg_category":"<a href=\"https:\/\/arantv.az\/?cat=1\" rel=\"category\">C\u0259miyy\u0259t<\/a>","rttpg_excerpt":"2019-cu ilin avqust-sentyabr aylar\u0131nda 13 \u00f6lk\u0259d\u0259n 2000 turist aras\u0131nda sor\u011fu ke\u00e7irilib. Sor\u011fuda i\u015ftirak ed\u0259nl\u0259rin t\u0259xmin\u0259n 20 faizi Az\u0259rbaycana s\u0259f\u0259rl\u0259rini turpaketl\u0259 edib, 63 faizi f\u0259rdi qaydada g\u0259lib. ARANTV.AZ\u00a0\u00a0Trend-\u0259 istinad\u0259n x\u0259b\u0259r verir ki, bu bar\u0259d\u0259 Az\u0259rbaycan Turizm Sammitind\u0259 hesabat\u0131n t\u0259qdimat\u0131 zaman\u0131 bildirilib. Qeyd edilib ki, &#8220;h\u0259r \u015fey daxil&#8221; paketini daha \u00e7ox Ukrayna, \u0130ran v\u0259 Birl\u0259\u015fmi\u015f \u018fr\u0259b \u018fmirlikl\u0259rind\u0259n&hellip;","_links":{"self":[{"href":"https:\/\/arantv.az\/index.php?rest_route=\/wp\/v2\/posts\/102151"}],"collection":[{"href":"https:\/\/arantv.az\/index.php?rest_route=\/wp\/v2\/posts"}],"about":[{"href":"https:\/\/arantv.az\/index.php?rest_route=\/wp\/v2\/types\/post"}],"author":[{"embeddable":true,"href":"https:\/\/arantv.az\/index.php?rest_route=\/wp\/v2\/users\/2"}],"replies":[{"embeddable":true,"href":"https:\/\/arantv.az\/index.php?rest_route=%2Fwp%2Fv2%2Fcomments&post=102151"}],"version-history":[{"count":0,"href":"https:\/\/arantv.az\/index.php?rest_route=\/wp\/v2\/posts\/102151\/revisions"}],"wp:featuredmedia":[{"embeddable":true,"href":"https:\/\/arantv.az\/index.php?rest_route=\/wp\/v2\/media\/102152"}],"wp:attachment":[{"href":"https:\/\/arantv.az\/index.php?rest_route=%2Fwp%2Fv2%2Fmedia&parent=102151"}],"wp:term":[{"taxonomy":"category","embeddable":true,"href":"https:\/\/arantv.az\/index.php?rest_route=%2Fwp%2Fv2%2Fcategories&post=102151"},{"taxonomy":"post_tag","embeddable":true,"href":"https:\/\/arantv.az\/index.php?rest_route=%2Fwp%2Fv2%2Ftags&post=102151"}],"curies":[{"name":"wp","href":"https:\/\/api.w.org\/{rel}","templated":true}]}}