{"id":102183,"date":"2019-11-29T11:32:29","date_gmt":"2019-11-29T08:32:29","guid":{"rendered":"http:\/\/arantv.az\/?p=102183"},"modified":"2019-11-29T11:32:29","modified_gmt":"2019-11-29T08:32:29","slug":"turizm-d%c9%99hlizl%c9%99ri-boyu-sanitar-qovsaqlari-tikil%c9%99c%c9%99k","status":"publish","type":"post","link":"https:\/\/arantv.az\/?p=102183","title":{"rendered":"Turizm d\u0259hlizl\u0259ri boyu sanitar qov\u015faqlar\u0131 tikil\u0259c\u0259k"},"content":{"rendered":"<p><strong>&#8220;Turizm d\u0259hlizl\u0259ri boyu m\u00fc\u0259yy\u0259n olunmu\u015f sah\u0259l\u0259rd\u0259 sanitar qov\u015faqlar\u0131n tikintisi n\u0259z\u0259rd\u0259 tutulub&#8221;.<\/strong><\/p>\n<p><strong>ARANTV.AZ<\/strong>\u00a0<a href=\"https:\/\/az.trend.az\/\" target=\"_blank\" rel=\"noopener\">Trend<\/a>-\u0259 istinad\u0259n x\u0259b\u0259r verir ki, bunu Az\u0259rbaycan Turizm Sammitind\u0259 D\u00f6vl\u0259t Turizm Agentliyinin Aparat r\u0259hb\u0259ri K\u0259nan Qas\u0131mov bildirib.<\/p>\n<p>Onun s\u00f6zl\u0259rin\u0259 g\u00f6r\u0259, \u00f6lk\u0259nin \u0259n vacib m\u0259s\u0259l\u0259l\u0259rind\u0259n biri turizm d\u0259hlizl\u0259ri boyunca sanitar qov\u015faqlar\u0131n olmamas\u0131d\u0131r: &#8220;Bu, regionlara ged\u0259n turistl\u0259ri \u00e7ox narahat edir. Sevindirici hald\u0131r ki, art\u0131q bununla ba\u011fl\u0131 i\u015fl\u0259r g\u00f6r\u00fcl\u00fcr v\u0259 yekunla\u015fmaq \u00fczr\u0259dir&#8221;.<\/p>\n","protected":false},"excerpt":{"rendered":"<p>&#8220;Turizm d\u0259hlizl\u0259ri boyu m\u00fc\u0259yy\u0259n olunmu\u015f sah\u0259l\u0259rd\u0259 sanitar qov\u015faqlar\u0131n tikintisi n\u0259z\u0259rd\u0259 tutulub&#8221;. ARANTV.AZ\u00a0Trend-\u0259 istinad\u0259n x\u0259b\u0259r verir ki, bunu Az\u0259rbaycan Turizm Sammitind\u0259 D\u00f6vl\u0259t Turizm Agentliyinin Aparat r\u0259hb\u0259ri K\u0259nan Qas\u0131mov bildirib. Onun s\u00f6zl\u0259rin\u0259 g\u00f6r\u0259, \u00f6lk\u0259nin \u0259n vacib m\u0259s\u0259l\u0259l\u0259rind\u0259n biri turizm d\u0259hlizl\u0259ri boyunca sanitar qov\u015faqlar\u0131n olmamas\u0131d\u0131r: &#8220;Bu, regionlara ged\u0259n turistl\u0259ri \u00e7ox narahat edir. Sevindirici hald\u0131r ki, art\u0131q bununla ba\u011fl\u0131 i\u015fl\u0259r g\u00f6r\u00fcl\u00fcr v\u0259 yekunla\u015fmaq \u00fczr\u0259dir&#8221;.<\/p>\n","protected":false},"author":2,"featured_media":102184,"comment_status":"closed","ping_status":"closed","sticky":false,"template":"","format":"standard","meta":{"om_disable_all_campaigns":false,"_monsterinsights_skip_tracking":false,"_monsterinsights_sitenote_active":false,"_monsterinsights_sitenote_note":"","_monsterinsights_sitenote_category":0},"categories":[1],"tags":[],"aioseo_notices":[],"gutentor_comment":0,"rttpg_featured_image_url":{"full":["https:\/\/arantv.az\/wp-content\/uploads\/2019\/11\/806301.jpg",800,600,false],"landscape":["https:\/\/arantv.az\/wp-content\/uploads\/2019\/11\/806301.jpg",800,600,false],"portraits":["https:\/\/arantv.az\/wp-content\/uploads\/2019\/11\/806301.jpg",800,600,false],"thumbnail":["https:\/\/arantv.az\/wp-content\/uploads\/2019\/11\/806301-150x150.jpg",150,150,true],"medium":["https:\/\/arantv.az\/wp-content\/uploads\/2019\/11\/806301-300x225.jpg",300,225,true],"large":["https:\/\/arantv.az\/wp-content\/uploads\/2019\/11\/806301.jpg",640,480,false],"1536x1536":["https:\/\/arantv.az\/wp-content\/uploads\/2019\/11\/806301.jpg",800,600,false],"2048x2048":["https:\/\/arantv.az\/wp-content\/uploads\/2019\/11\/806301.jpg",800,600,false],"post-thumbnail":["https:\/\/arantv.az\/wp-content\/uploads\/2019\/11\/806301-240x172.jpg",240,172,true],"advps-thumb-one":["https:\/\/arantv.az\/wp-content\/uploads\/2019\/11\/806301.jpg",800,600,false]},"rttpg_author":{"display_name":"V\u00fcsal Rafiqo\u011flu","author_link":"https:\/\/arantv.az\/?author=2"},"rttpg_comment":0,"rttpg_category":"<a href=\"https:\/\/arantv.az\/?cat=1\" rel=\"category\">C\u0259miyy\u0259t<\/a>","rttpg_excerpt":"&#8220;Turizm d\u0259hlizl\u0259ri boyu m\u00fc\u0259yy\u0259n olunmu\u015f sah\u0259l\u0259rd\u0259 sanitar qov\u015faqlar\u0131n tikintisi n\u0259z\u0259rd\u0259 tutulub&#8221;. ARANTV.AZ\u00a0Trend-\u0259 istinad\u0259n x\u0259b\u0259r verir ki, bunu Az\u0259rbaycan Turizm Sammitind\u0259 D\u00f6vl\u0259t Turizm Agentliyinin Aparat r\u0259hb\u0259ri K\u0259nan Qas\u0131mov bildirib. Onun s\u00f6zl\u0259rin\u0259 g\u00f6r\u0259, \u00f6lk\u0259nin \u0259n vacib m\u0259s\u0259l\u0259l\u0259rind\u0259n biri turizm d\u0259hlizl\u0259ri boyunca sanitar qov\u015faqlar\u0131n olmamas\u0131d\u0131r: &#8220;Bu, regionlara ged\u0259n turistl\u0259ri \u00e7ox narahat edir. Sevindirici hald\u0131r ki, art\u0131q bununla ba\u011fl\u0131&hellip;","_links":{"self":[{"href":"https:\/\/arantv.az\/index.php?rest_route=\/wp\/v2\/posts\/102183"}],"collection":[{"href":"https:\/\/arantv.az\/index.php?rest_route=\/wp\/v2\/posts"}],"about":[{"href":"https:\/\/arantv.az\/index.php?rest_route=\/wp\/v2\/types\/post"}],"author":[{"embeddable":true,"href":"https:\/\/arantv.az\/index.php?rest_route=\/wp\/v2\/users\/2"}],"replies":[{"embeddable":true,"href":"https:\/\/arantv.az\/index.php?rest_route=%2Fwp%2Fv2%2Fcomments&post=102183"}],"version-history":[{"count":0,"href":"https:\/\/arantv.az\/index.php?rest_route=\/wp\/v2\/posts\/102183\/revisions"}],"wp:featuredmedia":[{"embeddable":true,"href":"https:\/\/arantv.az\/index.php?rest_route=\/wp\/v2\/media\/102184"}],"wp:attachment":[{"href":"https:\/\/arantv.az\/index.php?rest_route=%2Fwp%2Fv2%2Fmedia&parent=102183"}],"wp:term":[{"taxonomy":"category","embeddable":true,"href":"https:\/\/arantv.az\/index.php?rest_route=%2Fwp%2Fv2%2Fcategories&post=102183"},{"taxonomy":"post_tag","embeddable":true,"href":"https:\/\/arantv.az\/index.php?rest_route=%2Fwp%2Fv2%2Ftags&post=102183"}],"curies":[{"name":"wp","href":"https:\/\/api.w.org\/{rel}","templated":true}]}}