{"id":102191,"date":"2019-11-29T11:34:39","date_gmt":"2019-11-29T08:34:39","guid":{"rendered":"http:\/\/arantv.az\/?p=102191"},"modified":"2019-11-29T11:34:39","modified_gmt":"2019-11-29T08:34:39","slug":"issizlikd%c9%99n-sigorta-fondunun-2020-ci-il-budc%c9%99sinin-g%c9%99lirl%c9%99ri-v%c9%99-x%c9%99rcl%c9%99ri-t%c9%99sdiql%c9%99nib","status":"publish","type":"post","link":"https:\/\/arantv.az\/?p=102191","title":{"rendered":"\u0130\u015fsizlikd\u0259n S\u0131\u011forta Fondunun 2020-ci il b\u00fcdc\u0259sinin g\u0259lirl\u0259ri v\u0259 x\u0259rcl\u0259ri t\u0259sdiql\u0259nib"},"content":{"rendered":"<p>\u018fm\u0259k v\u0259 \u018fhalinin Sosial M\u00fcdafi\u0259si Nazirliyi yan\u0131nda \u0130\u015fsizlikd\u0259n S\u0131\u011forta Fondunun 2020-ci il b\u00fcdc\u0259sinin g\u0259lirl\u0259ri v\u0259 x\u0259rcl\u0259ri t\u0259sdiql\u0259nib.<\/p>\n<p><strong>ARANTV.AZ\u00a0<\/strong>\u00a0<a href=\"https:\/\/az.trend.az\/\" target=\"_blank\" rel=\"noopener\">Trend<\/a>-\u0259 istinad\u0259n x\u0259b\u0259r verir ki, s\u0259n\u0259d Milli M\u0259clisin bu g\u00fcn ke\u00e7iril\u0259n plenar iclas\u0131nda \u00fc\u00e7\u00fcnc\u00fc oxunu\u015fda m\u00fczakir\u0259l\u0259rd\u0259n sonra s\u0259sverm\u0259y\u0259 \u00e7\u0131xar\u0131laraq q\u0259bul olunub.<\/p>\n<p>Qeyd ed\u0259k ki, \u018fm\u0259k v\u0259 \u018fhalinin Sosial M\u00fcdafi\u0259si Nazirliyi yan\u0131nda \u0130\u015fsizlikd\u0259n S\u0131\u011forta Fondunun 2020-ci il b\u00fcdc\u0259sinin g\u0259lirl\u0259ri v\u0259 x\u0259rcl\u0259ri 128 235 400 manat m\u0259bl\u0259\u011find\u0259 proqnozla\u015fd\u0131r\u0131l\u0131b. G\u0259l\u0259n il fondun g\u0259lirl\u0259ri i\u015fsizlikd\u0259n s\u0131\u011forta \u00fczr\u0259 s\u0131\u011forta haqlar\u0131 111 869 600 manat, b\u00fcdc\u0259d\u0259n maliyy\u0259l\u0259\u015f\u0259n t\u0259\u015fkilatlar \u00fczr\u0259 17 834 800 manat, b\u00fcdc\u0259d\u0259n maliyy\u0259l\u0259\u015f\u0259n t\u0259\u015fkilatlarda i\u015fl\u0259y\u0259nl\u0259r \u00fczr\u0259 17 834 800 manat, qeyri-b\u00fcdc\u0259 sektoru \u00fczr\u0259 76 200 000 min manat v\u0259 sair g\u0259lirl\u0259rd\u0259n 30 000 manatl\u0131q daxilolmalar hesab\u0131na t\u0259min edil\u0259c\u0259k. Qanun layih\u0259sind\u0259 fondun x\u0259rcl\u0259rinin istiqam\u0259tl\u0259ri d\u0259 a\u00e7\u0131qlan\u0131b. Bel\u0259 ki, 2020-ci ild\u0259 fond t\u0259r\u0259find\u0259n i\u015fsizliy\u0259 g\u00f6r\u0259 s\u0131\u011forta \u00f6d\u0259ni\u015fl\u0259ri 5 000 000 manat, pe\u015f\u0259 haz\u0131rl\u0131\u011f\u0131 v\u0259 \u0259lav\u0259 t\u0259hsilin t\u0259\u015fkilin\u0259 5 000 000 min manat, pe\u015f\u0259 y\u00f6n\u00fcm\u00fcn\u0259 dair m\u0259sl\u0259h\u0259t xidm\u0259tl\u0259rinin g\u00f6st\u0259rilm\u0259sin\u0259 2 000 000 min manat, \u0259m\u0259k yarmarkalar\u0131 v\u0259 \u0259m\u0259k birjalar\u0131n\u0131n t\u0259\u015fkilin\u0259 500 000 manat, haqq\u0131 \u00f6d\u0259nil\u0259n ictimai i\u015fl\u0259rin t\u0259\u015fkilin\u0259 2 000 000 manat, \u00f6z\u00fcn\u00fcm\u0259\u015f\u011fulluq t\u0259dbirl\u0259rinin t\u0259\u015fkilin\u0259 63 735 400 manat, s\u0131\u011fortaolunanlar\u0131n \u0259m\u0259k haqq\u0131n\u0131n m\u00fc\u0259yy\u0259n hiss\u0259sinin m\u00fc\u0259yy\u0259n m\u00fcdd\u0259t\u0259 (3 ay, 6 ay, 9 ay, 1 il) s\u0131\u011fortaed\u0259nl\u0259rl\u0259 birlikd\u0259 maliyy\u0259l\u0259\u015fdirilm\u0259sin\u0259 3 000 000 manat, pe\u015f\u0259 standartlar\u0131n\u0131n haz\u0131rlanmas\u0131 2 000 000 manat, m\u00fcvafiq icra hakimiyy\u0259ti orqan\u0131n\u0131n m\u00fc\u0259yy\u0259n etdiyi orqan\u0131n ( qurumun) aparat\u0131n\u0131n v\u0259 onun yerli orqanlar\u0131n\u0131n saxlan\u0131lmas\u0131 x\u0259rcl\u0259rin\u0259 43 000 000 min manat\u0131n y\u00f6n\u0259ldilm\u0259si n\u0259z\u0259rd\u0259 tutulur.<\/p>\n<p>Qanun 2020-ci ilin yanvar\u0131n 1-d\u0259n q\u00fcvv\u0259y\u0259 min\u0259c\u0259k.<\/p>\n","protected":false},"excerpt":{"rendered":"<p>\u018fm\u0259k v\u0259 \u018fhalinin Sosial M\u00fcdafi\u0259si Nazirliyi yan\u0131nda \u0130\u015fsizlikd\u0259n S\u0131\u011forta Fondunun 2020-ci il b\u00fcdc\u0259sinin g\u0259lirl\u0259ri v\u0259 x\u0259rcl\u0259ri t\u0259sdiql\u0259nib. ARANTV.AZ\u00a0\u00a0Trend-\u0259 istinad\u0259n x\u0259b\u0259r verir ki, s\u0259n\u0259d Milli M\u0259clisin bu g\u00fcn ke\u00e7iril\u0259n plenar iclas\u0131nda \u00fc\u00e7\u00fcnc\u00fc oxunu\u015fda m\u00fczakir\u0259l\u0259rd\u0259n sonra s\u0259sverm\u0259y\u0259 \u00e7\u0131xar\u0131laraq q\u0259bul olunub. Qeyd ed\u0259k ki, \u018fm\u0259k v\u0259 \u018fhalinin Sosial M\u00fcdafi\u0259si Nazirliyi yan\u0131nda \u0130\u015fsizlikd\u0259n S\u0131\u011forta Fondunun 2020-ci il b\u00fcdc\u0259sinin g\u0259lirl\u0259ri v\u0259 x\u0259rcl\u0259ri 128 235 400 manat m\u0259bl\u0259\u011find\u0259 proqnozla\u015fd\u0131r\u0131l\u0131b. G\u0259l\u0259n il fondun g\u0259lirl\u0259ri i\u015fsizlikd\u0259n s\u0131\u011forta \u00fczr\u0259 s\u0131\u011forta haqlar\u0131 111 869 600 manat, b\u00fcdc\u0259d\u0259n maliyy\u0259l\u0259\u015f\u0259n t\u0259\u015fkilatlar \u00fczr\u0259 17 834 800 manat, b\u00fcdc\u0259d\u0259n maliyy\u0259l\u0259\u015f\u0259n t\u0259\u015fkilatlarda i\u015fl\u0259y\u0259nl\u0259r \u00fczr\u0259 17&hellip;<\/p>\n","protected":false},"author":2,"featured_media":102192,"comment_status":"closed","ping_status":"closed","sticky":false,"template":"","format":"standard","meta":{"om_disable_all_campaigns":false,"_monsterinsights_skip_tracking":false,"_monsterinsights_sitenote_active":false,"_monsterinsights_sitenote_note":"","_monsterinsights_sitenote_category":0},"categories":[4],"tags":[],"aioseo_notices":[],"gutentor_comment":0,"rttpg_featured_image_url":{"full":["https:\/\/arantv.az\/wp-content\/uploads\/2019\/11\/milli_meclis_00-2.jpg",482,361,false],"landscape":["https:\/\/arantv.az\/wp-content\/uploads\/2019\/11\/milli_meclis_00-2.jpg",482,361,false],"portraits":["https:\/\/arantv.az\/wp-content\/uploads\/2019\/11\/milli_meclis_00-2.jpg",482,361,false],"thumbnail":["https:\/\/arantv.az\/wp-content\/uploads\/2019\/11\/milli_meclis_00-2-150x150.jpg",150,150,true],"medium":["https:\/\/arantv.az\/wp-content\/uploads\/2019\/11\/milli_meclis_00-2-300x225.jpg",300,225,true],"large":["https:\/\/arantv.az\/wp-content\/uploads\/2019\/11\/milli_meclis_00-2.jpg",482,361,false],"1536x1536":["https:\/\/arantv.az\/wp-content\/uploads\/2019\/11\/milli_meclis_00-2.jpg",482,361,false],"2048x2048":["https:\/\/arantv.az\/wp-content\/uploads\/2019\/11\/milli_meclis_00-2.jpg",482,361,false],"post-thumbnail":["https:\/\/arantv.az\/wp-content\/uploads\/2019\/11\/milli_meclis_00-2-240x172.jpg",240,172,true],"advps-thumb-one":["https:\/\/arantv.az\/wp-content\/uploads\/2019\/11\/milli_meclis_00-2.jpg",482,361,false]},"rttpg_author":{"display_name":"V\u00fcsal Rafiqo\u011flu","author_link":"https:\/\/arantv.az\/?author=2"},"rttpg_comment":0,"rttpg_category":"<a href=\"https:\/\/arantv.az\/?cat=4\" rel=\"category\">Siyas\u0259t<\/a>","rttpg_excerpt":"\u018fm\u0259k v\u0259 \u018fhalinin Sosial M\u00fcdafi\u0259si Nazirliyi yan\u0131nda \u0130\u015fsizlikd\u0259n S\u0131\u011forta Fondunun 2020-ci il b\u00fcdc\u0259sinin g\u0259lirl\u0259ri v\u0259 x\u0259rcl\u0259ri t\u0259sdiql\u0259nib. ARANTV.AZ\u00a0\u00a0Trend-\u0259 istinad\u0259n x\u0259b\u0259r verir ki, s\u0259n\u0259d Milli M\u0259clisin bu g\u00fcn ke\u00e7iril\u0259n plenar iclas\u0131nda \u00fc\u00e7\u00fcnc\u00fc oxunu\u015fda m\u00fczakir\u0259l\u0259rd\u0259n sonra s\u0259sverm\u0259y\u0259 \u00e7\u0131xar\u0131laraq q\u0259bul olunub. Qeyd ed\u0259k ki, \u018fm\u0259k v\u0259 \u018fhalinin Sosial M\u00fcdafi\u0259si Nazirliyi yan\u0131nda \u0130\u015fsizlikd\u0259n S\u0131\u011forta Fondunun 2020-ci il b\u00fcdc\u0259sinin g\u0259lirl\u0259ri&hellip;","_links":{"self":[{"href":"https:\/\/arantv.az\/index.php?rest_route=\/wp\/v2\/posts\/102191"}],"collection":[{"href":"https:\/\/arantv.az\/index.php?rest_route=\/wp\/v2\/posts"}],"about":[{"href":"https:\/\/arantv.az\/index.php?rest_route=\/wp\/v2\/types\/post"}],"author":[{"embeddable":true,"href":"https:\/\/arantv.az\/index.php?rest_route=\/wp\/v2\/users\/2"}],"replies":[{"embeddable":true,"href":"https:\/\/arantv.az\/index.php?rest_route=%2Fwp%2Fv2%2Fcomments&post=102191"}],"version-history":[{"count":0,"href":"https:\/\/arantv.az\/index.php?rest_route=\/wp\/v2\/posts\/102191\/revisions"}],"wp:featuredmedia":[{"embeddable":true,"href":"https:\/\/arantv.az\/index.php?rest_route=\/wp\/v2\/media\/102192"}],"wp:attachment":[{"href":"https:\/\/arantv.az\/index.php?rest_route=%2Fwp%2Fv2%2Fmedia&parent=102191"}],"wp:term":[{"taxonomy":"category","embeddable":true,"href":"https:\/\/arantv.az\/index.php?rest_route=%2Fwp%2Fv2%2Fcategories&post=102191"},{"taxonomy":"post_tag","embeddable":true,"href":"https:\/\/arantv.az\/index.php?rest_route=%2Fwp%2Fv2%2Ftags&post=102191"}],"curies":[{"name":"wp","href":"https:\/\/api.w.org\/{rel}","templated":true}]}}