{"id":102199,"date":"2019-11-29T12:36:41","date_gmt":"2019-11-29T09:36:41","guid":{"rendered":"http:\/\/arantv.az\/?p=102199"},"modified":"2019-11-29T12:36:41","modified_gmt":"2019-11-29T09:36:41","slug":"milli-m%c9%99clis-parlamentin-buraxilmasi-m%c9%99s%c9%99l%c9%99sin%c9%99-bu-tarixd%c9%99-baxacaq","status":"publish","type":"post","link":"https:\/\/arantv.az\/?p=102199","title":{"rendered":"Milli M\u0259clis parlamentin burax\u0131lmas\u0131 m\u0259s\u0259l\u0259sin\u0259 bu tarixd\u0259 baxacaq"},"content":{"rendered":"<p>Milli M\u0259clisin n\u00f6vb\u0259ti iclas\u0131 dekabr\u0131n 2-d\u0259 ke\u00e7iril\u0259c\u0259k.<\/p>\n<p><b>ARANTV.AZ<\/b>-\u0131n m\u0259lumat\u0131na g\u00f6r\u0259, bu bar\u0259d\u0259 Milli M\u0259clis s\u0259dri Oqtay \u018fs\u0259dov parlamentin iclas\u0131nda bildirib.<\/p>\n<p>\u0130clas\u0131n g\u00fcnd\u0259liyin\u0259 bir m\u0259s\u0259l\u0259 daxildir.<\/p>\n<div id=\"AdviadNativeVideo0\" class=\"AdviadNativeVideo\"><\/div>\n<p>O qeyd edib ki, iclas n\u00f6vb\u0259d\u0259nk\u0259nar parlament se\u00e7kil\u0259rinin ke\u00e7irilm\u0259si il\u0259 ba\u011fl\u0131d\u0131r.<\/p>\n<p>Spiker deyib ki, Yeni Az\u0259rbaycan Partiyas\u0131n\u0131n deputatlar\u0131n\u0131n parlamentin burax\u0131lmas\u0131 il\u0259 \u0259laq\u0259dar m\u00fcraci\u0259tin\u0259 bax\u0131lacaq.\u00a0Oxu.Az<\/p>\n","protected":false},"excerpt":{"rendered":"<p>Milli M\u0259clisin n\u00f6vb\u0259ti iclas\u0131 dekabr\u0131n 2-d\u0259 ke\u00e7iril\u0259c\u0259k. ARANTV.AZ-\u0131n m\u0259lumat\u0131na g\u00f6r\u0259, bu bar\u0259d\u0259 Milli M\u0259clis s\u0259dri Oqtay \u018fs\u0259dov parlamentin iclas\u0131nda bildirib. \u0130clas\u0131n g\u00fcnd\u0259liyin\u0259 bir m\u0259s\u0259l\u0259 daxildir. O qeyd edib ki, iclas n\u00f6vb\u0259d\u0259nk\u0259nar parlament se\u00e7kil\u0259rinin ke\u00e7irilm\u0259si il\u0259 ba\u011fl\u0131d\u0131r. Spiker deyib ki, Yeni Az\u0259rbaycan Partiyas\u0131n\u0131n deputatlar\u0131n\u0131n parlamentin burax\u0131lmas\u0131 il\u0259 \u0259laq\u0259dar m\u00fcraci\u0259tin\u0259 bax\u0131lacaq.\u00a0Oxu.Az<\/p>\n","protected":false},"author":2,"featured_media":102200,"comment_status":"closed","ping_status":"closed","sticky":false,"template":"","format":"standard","meta":{"om_disable_all_campaigns":false,"_monsterinsights_skip_tracking":false,"_monsterinsights_sitenote_active":false,"_monsterinsights_sitenote_note":"","_monsterinsights_sitenote_category":0},"categories":[4],"tags":[],"aioseo_notices":[],"gutentor_comment":0,"rttpg_featured_image_url":{"full":["https:\/\/arantv.az\/wp-content\/uploads\/2019\/11\/parlament.jpg",620,388,false],"landscape":["https:\/\/arantv.az\/wp-content\/uploads\/2019\/11\/parlament.jpg",620,388,false],"portraits":["https:\/\/arantv.az\/wp-content\/uploads\/2019\/11\/parlament.jpg",620,388,false],"thumbnail":["https:\/\/arantv.az\/wp-content\/uploads\/2019\/11\/parlament-150x150.jpg",150,150,true],"medium":["https:\/\/arantv.az\/wp-content\/uploads\/2019\/11\/parlament-300x188.jpg",300,188,true],"large":["https:\/\/arantv.az\/wp-content\/uploads\/2019\/11\/parlament.jpg",620,388,false],"1536x1536":["https:\/\/arantv.az\/wp-content\/uploads\/2019\/11\/parlament.jpg",620,388,false],"2048x2048":["https:\/\/arantv.az\/wp-content\/uploads\/2019\/11\/parlament.jpg",620,388,false],"post-thumbnail":["https:\/\/arantv.az\/wp-content\/uploads\/2019\/11\/parlament-240x172.jpg",240,172,true],"advps-thumb-one":["https:\/\/arantv.az\/wp-content\/uploads\/2019\/11\/parlament.jpg",620,388,false]},"rttpg_author":{"display_name":"V\u00fcsal Rafiqo\u011flu","author_link":"https:\/\/arantv.az\/?author=2"},"rttpg_comment":0,"rttpg_category":"<a href=\"https:\/\/arantv.az\/?cat=4\" rel=\"category\">Siyas\u0259t<\/a>","rttpg_excerpt":"Milli M\u0259clisin n\u00f6vb\u0259ti iclas\u0131 dekabr\u0131n 2-d\u0259 ke\u00e7iril\u0259c\u0259k. ARANTV.AZ-\u0131n m\u0259lumat\u0131na g\u00f6r\u0259, bu bar\u0259d\u0259 Milli M\u0259clis s\u0259dri Oqtay \u018fs\u0259dov parlamentin iclas\u0131nda bildirib. \u0130clas\u0131n g\u00fcnd\u0259liyin\u0259 bir m\u0259s\u0259l\u0259 daxildir. O qeyd edib ki, iclas n\u00f6vb\u0259d\u0259nk\u0259nar parlament se\u00e7kil\u0259rinin ke\u00e7irilm\u0259si il\u0259 ba\u011fl\u0131d\u0131r. Spiker deyib ki, Yeni Az\u0259rbaycan Partiyas\u0131n\u0131n deputatlar\u0131n\u0131n parlamentin burax\u0131lmas\u0131 il\u0259 \u0259laq\u0259dar m\u00fcraci\u0259tin\u0259 bax\u0131lacaq.\u00a0Oxu.Az","_links":{"self":[{"href":"https:\/\/arantv.az\/index.php?rest_route=\/wp\/v2\/posts\/102199"}],"collection":[{"href":"https:\/\/arantv.az\/index.php?rest_route=\/wp\/v2\/posts"}],"about":[{"href":"https:\/\/arantv.az\/index.php?rest_route=\/wp\/v2\/types\/post"}],"author":[{"embeddable":true,"href":"https:\/\/arantv.az\/index.php?rest_route=\/wp\/v2\/users\/2"}],"replies":[{"embeddable":true,"href":"https:\/\/arantv.az\/index.php?rest_route=%2Fwp%2Fv2%2Fcomments&post=102199"}],"version-history":[{"count":0,"href":"https:\/\/arantv.az\/index.php?rest_route=\/wp\/v2\/posts\/102199\/revisions"}],"wp:featuredmedia":[{"embeddable":true,"href":"https:\/\/arantv.az\/index.php?rest_route=\/wp\/v2\/media\/102200"}],"wp:attachment":[{"href":"https:\/\/arantv.az\/index.php?rest_route=%2Fwp%2Fv2%2Fmedia&parent=102199"}],"wp:term":[{"taxonomy":"category","embeddable":true,"href":"https:\/\/arantv.az\/index.php?rest_route=%2Fwp%2Fv2%2Fcategories&post=102199"},{"taxonomy":"post_tag","embeddable":true,"href":"https:\/\/arantv.az\/index.php?rest_route=%2Fwp%2Fv2%2Ftags&post=102199"}],"curies":[{"name":"wp","href":"https:\/\/api.w.org\/{rel}","templated":true}]}}