{"id":102203,"date":"2019-11-29T12:38:05","date_gmt":"2019-11-29T09:38:05","guid":{"rendered":"http:\/\/arantv.az\/?p=102203"},"modified":"2019-11-29T12:38:05","modified_gmt":"2019-11-29T09:38:05","slug":"yeni-ombudsman-and-icdi","status":"publish","type":"post","link":"https:\/\/arantv.az\/?p=102203","title":{"rendered":"Yeni Ombudsman and i\u00e7di"},"content":{"rendered":"<p>Az\u0259rbaycanda yeni se\u00e7il\u0259n Ombudsman S\u0259bin\u0259 \u018fliyeva bu g\u00fcn Milli M\u0259clisd\u0259 and i\u00e7ib.<\/p>\n<p><b>ARANTV.AZ<\/b>-\u0131n m\u0259lumat\u0131na g\u00f6r\u0259, S.\u018fliyeva bildirib ki, \u00f6z v\u0259zif\u0259sini \u015f\u0259r\u0259f v\u0259 l\u0259yqa\u0259tl\u0259 yerin\u0259 yetir\u0259c\u0259k:<\/p>\n<p>\u201c\u018fsas\u0131 ulu \u00d6nd\u0259r Heyd\u0259r \u018fliyev t\u0259r\u0259find\u0259n qoyulan v\u0259 Prezident \u0130lham \u018fliyevin daha da t\u0259kmill\u0259\u015fdirdiyi insan h\u00fcquqlar\u0131n\u0131n t\u0259min edilm\u0259si sisteminin f\u0259aliyy\u0259tin\u0259 t\u00f6hf\u0259 verilm\u0259si, bununla da c\u0259miyy\u0259timizd\u0259 ged\u0259n h\u0259rt\u0259r\u0259fli inki\u015faf prosesinin d\u0259st\u0259kl\u0259nm\u0259si \u00fc\u00e7\u00fcn s\u0259yl\u0259rimi \u0259sirg\u0259m\u0259y\u0259c\u0259m\u201d, &#8211; dey\u0259 o \u0259lav\u0259 edib.<\/p>\n<div id=\"AdviadNativeVideo0\" class=\"AdviadNativeVideo\"><\/div>\n<p>Yeni Ombudsman bildirib ki, v\u0259t\u0259nda\u015flar\u0131n, \u0259halinin m\u00fcxt\u0259lif qruplar\u0131n\u0131n, o c\u00fcml\u0259d\u0259n, yetkinlik ya\u015f\u0131na \u00e7atmayan, \u0259lill\u0259rin v\u0259 dig\u0259r z\u0259if qruplar\u0131n h\u00fcquq v\u0259 azadl\u0131qlar\u0131n\u0131n s\u0259m\u0259r\u0259li qaydada t\u0259min edilm\u0259si Ombudsman i\u015finin prioritet istiqam\u0259ti olaraq qalmaqdad\u0131r:<\/p>\n<p>\u201cErm\u0259nistan\u0131n Az\u0259rbaycana qar\u015f\u0131 t\u0259cav\u00fcz\u00fc n\u0259tic\u0259sind\u0259 soyda\u015flar\u0131m\u0131z\u0131n k\u00fctl\u0259vi \u015f\u0259kild\u0259 pozulmu\u015f h\u00fcquqlar\u0131n\u0131n m\u00fcdafi\u0259si, i\u015f\u011fal n\u0259tic\u0259sind\u0259 \u00f6lk\u0259mizin tarixi v\u0259 m\u0259d\u0259ni s\u0259rv\u0259tl\u0259rinin da\u011f\u0131d\u0131lmas\u0131 faktlar\u0131n\u0131n d\u00fcnya ictimaiyy\u0259tin\u0259 \u00e7atd\u0131r\u0131lmas\u0131, pozulmu\u015f insan h\u00fcququ v\u0259 azadl\u0131lar\u0131n\u0131n b\u0259rpas\u0131 bu i\u015fin m\u00fch\u00fcm t\u0259rkib hiss\u0259l\u0259rind\u0259ndir\u201d.Oxu.Az<\/p>\n","protected":false},"excerpt":{"rendered":"<p>Az\u0259rbaycanda yeni se\u00e7il\u0259n Ombudsman S\u0259bin\u0259 \u018fliyeva bu g\u00fcn Milli M\u0259clisd\u0259 and i\u00e7ib. ARANTV.AZ-\u0131n m\u0259lumat\u0131na g\u00f6r\u0259, S.\u018fliyeva bildirib ki, \u00f6z v\u0259zif\u0259sini \u015f\u0259r\u0259f v\u0259 l\u0259yqa\u0259tl\u0259 yerin\u0259 yetir\u0259c\u0259k: \u201c\u018fsas\u0131 ulu \u00d6nd\u0259r Heyd\u0259r \u018fliyev t\u0259r\u0259find\u0259n qoyulan v\u0259 Prezident \u0130lham \u018fliyevin daha da t\u0259kmill\u0259\u015fdirdiyi insan h\u00fcquqlar\u0131n\u0131n t\u0259min edilm\u0259si sisteminin f\u0259aliyy\u0259tin\u0259 t\u00f6hf\u0259 verilm\u0259si, bununla da c\u0259miyy\u0259timizd\u0259 ged\u0259n h\u0259rt\u0259r\u0259fli inki\u015faf prosesinin d\u0259st\u0259kl\u0259nm\u0259si \u00fc\u00e7\u00fcn s\u0259yl\u0259rimi \u0259sirg\u0259m\u0259y\u0259c\u0259m\u201d, &#8211; dey\u0259 o \u0259lav\u0259 edib. Yeni Ombudsman bildirib ki, v\u0259t\u0259nda\u015flar\u0131n, \u0259halinin m\u00fcxt\u0259lif qruplar\u0131n\u0131n, o c\u00fcml\u0259d\u0259n, yetkinlik ya\u015f\u0131na \u00e7atmayan, \u0259lill\u0259rin v\u0259 dig\u0259r z\u0259if qruplar\u0131n h\u00fcquq v\u0259 azadl\u0131qlar\u0131n\u0131n s\u0259m\u0259r\u0259li qaydada t\u0259min edilm\u0259si Ombudsman i\u015finin&hellip;<\/p>\n","protected":false},"author":2,"featured_media":102204,"comment_status":"closed","ping_status":"closed","sticky":false,"template":"","format":"standard","meta":{"om_disable_all_campaigns":false,"_monsterinsights_skip_tracking":false,"_monsterinsights_sitenote_active":false,"_monsterinsights_sitenote_note":"","_monsterinsights_sitenote_category":0},"categories":[1],"tags":[],"aioseo_notices":[],"gutentor_comment":0,"rttpg_featured_image_url":{"full":["https:\/\/arantv.az\/wp-content\/uploads\/2019\/11\/FotoJet-1-6.jpg",620,405,false],"landscape":["https:\/\/arantv.az\/wp-content\/uploads\/2019\/11\/FotoJet-1-6.jpg",620,405,false],"portraits":["https:\/\/arantv.az\/wp-content\/uploads\/2019\/11\/FotoJet-1-6.jpg",620,405,false],"thumbnail":["https:\/\/arantv.az\/wp-content\/uploads\/2019\/11\/FotoJet-1-6-150x150.jpg",150,150,true],"medium":["https:\/\/arantv.az\/wp-content\/uploads\/2019\/11\/FotoJet-1-6-300x196.jpg",300,196,true],"large":["https:\/\/arantv.az\/wp-content\/uploads\/2019\/11\/FotoJet-1-6.jpg",620,405,false],"1536x1536":["https:\/\/arantv.az\/wp-content\/uploads\/2019\/11\/FotoJet-1-6.jpg",620,405,false],"2048x2048":["https:\/\/arantv.az\/wp-content\/uploads\/2019\/11\/FotoJet-1-6.jpg",620,405,false],"post-thumbnail":["https:\/\/arantv.az\/wp-content\/uploads\/2019\/11\/FotoJet-1-6-240x172.jpg",240,172,true],"advps-thumb-one":["https:\/\/arantv.az\/wp-content\/uploads\/2019\/11\/FotoJet-1-6.jpg",620,405,false]},"rttpg_author":{"display_name":"V\u00fcsal Rafiqo\u011flu","author_link":"https:\/\/arantv.az\/?author=2"},"rttpg_comment":0,"rttpg_category":"<a href=\"https:\/\/arantv.az\/?cat=1\" rel=\"category\">C\u0259miyy\u0259t<\/a>","rttpg_excerpt":"Az\u0259rbaycanda yeni se\u00e7il\u0259n Ombudsman S\u0259bin\u0259 \u018fliyeva bu g\u00fcn Milli M\u0259clisd\u0259 and i\u00e7ib. ARANTV.AZ-\u0131n m\u0259lumat\u0131na g\u00f6r\u0259, S.\u018fliyeva bildirib ki, \u00f6z v\u0259zif\u0259sini \u015f\u0259r\u0259f v\u0259 l\u0259yqa\u0259tl\u0259 yerin\u0259 yetir\u0259c\u0259k: \u201c\u018fsas\u0131 ulu \u00d6nd\u0259r Heyd\u0259r \u018fliyev t\u0259r\u0259find\u0259n qoyulan v\u0259 Prezident \u0130lham \u018fliyevin daha da t\u0259kmill\u0259\u015fdirdiyi insan h\u00fcquqlar\u0131n\u0131n t\u0259min edilm\u0259si sisteminin f\u0259aliyy\u0259tin\u0259 t\u00f6hf\u0259 verilm\u0259si, bununla da c\u0259miyy\u0259timizd\u0259 ged\u0259n h\u0259rt\u0259r\u0259fli inki\u015faf prosesinin d\u0259st\u0259kl\u0259nm\u0259si&hellip;","_links":{"self":[{"href":"https:\/\/arantv.az\/index.php?rest_route=\/wp\/v2\/posts\/102203"}],"collection":[{"href":"https:\/\/arantv.az\/index.php?rest_route=\/wp\/v2\/posts"}],"about":[{"href":"https:\/\/arantv.az\/index.php?rest_route=\/wp\/v2\/types\/post"}],"author":[{"embeddable":true,"href":"https:\/\/arantv.az\/index.php?rest_route=\/wp\/v2\/users\/2"}],"replies":[{"embeddable":true,"href":"https:\/\/arantv.az\/index.php?rest_route=%2Fwp%2Fv2%2Fcomments&post=102203"}],"version-history":[{"count":0,"href":"https:\/\/arantv.az\/index.php?rest_route=\/wp\/v2\/posts\/102203\/revisions"}],"wp:featuredmedia":[{"embeddable":true,"href":"https:\/\/arantv.az\/index.php?rest_route=\/wp\/v2\/media\/102204"}],"wp:attachment":[{"href":"https:\/\/arantv.az\/index.php?rest_route=%2Fwp%2Fv2%2Fmedia&parent=102203"}],"wp:term":[{"taxonomy":"category","embeddable":true,"href":"https:\/\/arantv.az\/index.php?rest_route=%2Fwp%2Fv2%2Fcategories&post=102203"},{"taxonomy":"post_tag","embeddable":true,"href":"https:\/\/arantv.az\/index.php?rest_route=%2Fwp%2Fv2%2Ftags&post=102203"}],"curies":[{"name":"wp","href":"https:\/\/api.w.org\/{rel}","templated":true}]}}