{"id":102215,"date":"2019-11-29T12:43:40","date_gmt":"2019-11-29T09:43:40","guid":{"rendered":"http:\/\/arantv.az\/?p=102215"},"modified":"2019-11-29T12:43:40","modified_gmt":"2019-11-29T09:43:40","slug":"aparat-r%c9%99hb%c9%99ri-sanitar-qovsaqlarin-olmamasi-regionlara-ged%c9%99n-turistl%c9%99ri-narahat-edir","status":"publish","type":"post","link":"https:\/\/arantv.az\/?p=102215","title":{"rendered":"Aparat r\u0259hb\u0259ri: Sanitar qov\u015faqlar\u0131n olmamas\u0131 regionlara ged\u0259n turistl\u0259ri narahat edir"},"content":{"rendered":"<p>Turizm d\u0259hlizl\u0259ri boyunca sanitar qov\u015faqlar\u0131n olmamas\u0131 regionlara ged\u0259n turistl\u0259ri narahat edir.<\/p>\n<p><b>ARANTV.AZ<\/b>-\u0131n m\u0259lumat\u0131na g\u00f6r\u0259, bunu Az\u0259rbaycan Turizm Sammitind\u0259 D\u00f6vl\u0259t Turizm Agentliyinin Aparat r\u0259hb\u0259ri K\u0259nan Qas\u0131mov bildirib.<\/p>\n<div id=\"AdviadNativeVideo0\" class=\"AdviadNativeVideo\"><\/div>\n<p>Onun s\u00f6zl\u0259rin\u0259 g\u00f6r\u0259, art\u0131q bununla ba\u011fl\u0131 i\u015fl\u0259r g\u00f6r\u00fcl\u00fcr v\u0259 yekunla\u015fmaq \u00fczr\u0259dir:<\/p>\n<p>\u201cTurizm d\u0259hlizl\u0259ri boyu m\u00fc\u0259yy\u0259n olunmu\u015f sah\u0259l\u0259rd\u0259 sanitar qov\u015faqlar\u0131n tikintisi n\u0259z\u0259rd\u0259 tutulub\u201d.Oxu.Az<\/p>\n","protected":false},"excerpt":{"rendered":"<p>Turizm d\u0259hlizl\u0259ri boyunca sanitar qov\u015faqlar\u0131n olmamas\u0131 regionlara ged\u0259n turistl\u0259ri narahat edir. ARANTV.AZ-\u0131n m\u0259lumat\u0131na g\u00f6r\u0259, bunu Az\u0259rbaycan Turizm Sammitind\u0259 D\u00f6vl\u0259t Turizm Agentliyinin Aparat r\u0259hb\u0259ri K\u0259nan Qas\u0131mov bildirib. Onun s\u00f6zl\u0259rin\u0259 g\u00f6r\u0259, art\u0131q bununla ba\u011fl\u0131 i\u015fl\u0259r g\u00f6r\u00fcl\u00fcr v\u0259 yekunla\u015fmaq \u00fczr\u0259dir: \u201cTurizm d\u0259hlizl\u0259ri boyu m\u00fc\u0259yy\u0259n olunmu\u015f sah\u0259l\u0259rd\u0259 sanitar qov\u015faqlar\u0131n tikintisi n\u0259z\u0259rd\u0259 tutulub\u201d.Oxu.Az<\/p>\n","protected":false},"author":2,"featured_media":102216,"comment_status":"closed","ping_status":"closed","sticky":false,"template":"","format":"standard","meta":{"om_disable_all_campaigns":false,"_monsterinsights_skip_tracking":false,"_monsterinsights_sitenote_active":false,"_monsterinsights_sitenote_note":"","_monsterinsights_sitenote_category":0},"categories":[1],"tags":[],"aioseo_notices":[],"gutentor_comment":0,"rttpg_featured_image_url":{"full":["https:\/\/arantv.az\/wp-content\/uploads\/2019\/11\/78660014_485607608726278_7383954882484502528_n.jpg",617,465,false],"landscape":["https:\/\/arantv.az\/wp-content\/uploads\/2019\/11\/78660014_485607608726278_7383954882484502528_n.jpg",617,465,false],"portraits":["https:\/\/arantv.az\/wp-content\/uploads\/2019\/11\/78660014_485607608726278_7383954882484502528_n.jpg",617,465,false],"thumbnail":["https:\/\/arantv.az\/wp-content\/uploads\/2019\/11\/78660014_485607608726278_7383954882484502528_n-150x150.jpg",150,150,true],"medium":["https:\/\/arantv.az\/wp-content\/uploads\/2019\/11\/78660014_485607608726278_7383954882484502528_n-300x226.jpg",300,226,true],"large":["https:\/\/arantv.az\/wp-content\/uploads\/2019\/11\/78660014_485607608726278_7383954882484502528_n.jpg",617,465,false],"1536x1536":["https:\/\/arantv.az\/wp-content\/uploads\/2019\/11\/78660014_485607608726278_7383954882484502528_n.jpg",617,465,false],"2048x2048":["https:\/\/arantv.az\/wp-content\/uploads\/2019\/11\/78660014_485607608726278_7383954882484502528_n.jpg",617,465,false],"post-thumbnail":["https:\/\/arantv.az\/wp-content\/uploads\/2019\/11\/78660014_485607608726278_7383954882484502528_n-240x172.jpg",240,172,true],"advps-thumb-one":["https:\/\/arantv.az\/wp-content\/uploads\/2019\/11\/78660014_485607608726278_7383954882484502528_n.jpg",617,465,false]},"rttpg_author":{"display_name":"V\u00fcsal Rafiqo\u011flu","author_link":"https:\/\/arantv.az\/?author=2"},"rttpg_comment":0,"rttpg_category":"<a href=\"https:\/\/arantv.az\/?cat=1\" rel=\"category\">C\u0259miyy\u0259t<\/a>","rttpg_excerpt":"Turizm d\u0259hlizl\u0259ri boyunca sanitar qov\u015faqlar\u0131n olmamas\u0131 regionlara ged\u0259n turistl\u0259ri narahat edir. ARANTV.AZ-\u0131n m\u0259lumat\u0131na g\u00f6r\u0259, bunu Az\u0259rbaycan Turizm Sammitind\u0259 D\u00f6vl\u0259t Turizm Agentliyinin Aparat r\u0259hb\u0259ri K\u0259nan Qas\u0131mov bildirib. Onun s\u00f6zl\u0259rin\u0259 g\u00f6r\u0259, art\u0131q bununla ba\u011fl\u0131 i\u015fl\u0259r g\u00f6r\u00fcl\u00fcr v\u0259 yekunla\u015fmaq \u00fczr\u0259dir: \u201cTurizm d\u0259hlizl\u0259ri boyu m\u00fc\u0259yy\u0259n olunmu\u015f sah\u0259l\u0259rd\u0259 sanitar qov\u015faqlar\u0131n tikintisi n\u0259z\u0259rd\u0259 tutulub\u201d.Oxu.Az","_links":{"self":[{"href":"https:\/\/arantv.az\/index.php?rest_route=\/wp\/v2\/posts\/102215"}],"collection":[{"href":"https:\/\/arantv.az\/index.php?rest_route=\/wp\/v2\/posts"}],"about":[{"href":"https:\/\/arantv.az\/index.php?rest_route=\/wp\/v2\/types\/post"}],"author":[{"embeddable":true,"href":"https:\/\/arantv.az\/index.php?rest_route=\/wp\/v2\/users\/2"}],"replies":[{"embeddable":true,"href":"https:\/\/arantv.az\/index.php?rest_route=%2Fwp%2Fv2%2Fcomments&post=102215"}],"version-history":[{"count":0,"href":"https:\/\/arantv.az\/index.php?rest_route=\/wp\/v2\/posts\/102215\/revisions"}],"wp:featuredmedia":[{"embeddable":true,"href":"https:\/\/arantv.az\/index.php?rest_route=\/wp\/v2\/media\/102216"}],"wp:attachment":[{"href":"https:\/\/arantv.az\/index.php?rest_route=%2Fwp%2Fv2%2Fmedia&parent=102215"}],"wp:term":[{"taxonomy":"category","embeddable":true,"href":"https:\/\/arantv.az\/index.php?rest_route=%2Fwp%2Fv2%2Fcategories&post=102215"},{"taxonomy":"post_tag","embeddable":true,"href":"https:\/\/arantv.az\/index.php?rest_route=%2Fwp%2Fv2%2Ftags&post=102215"}],"curies":[{"name":"wp","href":"https:\/\/api.w.org\/{rel}","templated":true}]}}