{"id":102219,"date":"2019-11-29T12:44:25","date_gmt":"2019-11-29T09:44:25","guid":{"rendered":"http:\/\/arantv.az\/?p=102219"},"modified":"2019-11-29T12:44:25","modified_gmt":"2019-11-29T09:44:25","slug":"spikerl%c9%99-deputat-arasinda-mubahis%c9%99-iclasi-siz-idar%c9%99-etmirsiniz","status":"publish","type":"post","link":"https:\/\/arantv.az\/?p=102219","title":{"rendered":"Spikerl\u0259 deputat aras\u0131nda m\u00fcbahis\u0259: \u0130clas\u0131 siz idar\u0259 etmirsiniz"},"content":{"rendered":"<p>Bu g\u00fcn Milli M\u0259clisin iclas\u0131nda\u00a0\u0130nsan h\u00fcquqlar\u0131 \u00fczr\u0259 m\u00fcv\u0259kkilin\u00a0(Ombudsman\u0131n) se\u00e7ilm\u0259si haqq\u0131nda m\u0259s\u0259l\u0259 m\u00fczakir\u0259y\u0259 \u00e7\u0131xar\u0131l\u0131b.<\/p>\n<p><b>ARANTV.AZ<\/b>-\u0131n m\u0259lumat\u0131na g\u00f6r\u0259, m\u00fczakir\u0259 zaman\u0131 deputat Elmira Axundova \u00e7\u0131x\u0131\u015f edib.<\/p>\n<div id=\"AdviadNativeVideo0\" class=\"AdviadNativeVideo\"><\/div>\n<p>O, Ombudsman Elmira S\u00fcleymanovan\u0131n f\u0259aliyy\u0259tini t\u0259qdir edib, onu t\u0259rifl\u0259yib. E.Axundova \u00e7\u0131x\u0131\u015f\u0131n\u0131 bitirdikd\u0259n sonra\u00a0Milli M\u0259clisin s\u0259dri Oqtay \u018fs\u0259dova \u201cqoy deputatlar \u00e7\u0131x\u0131\u015f etsin\u201d deyib.<br \/>\nBu zaman spiker Oqtay \u018fs\u0259dov ona cavab verib.<\/p>\n<p>\u201cElmira xan\u0131m, burada iclas\u0131 siz idar\u0259 etmirsiniz. \u00d6z\u00fcn dan\u0131\u015f\u0131rsan, \u00f6z\u00fcn d\u0259 idar\u0259 edirs\u0259n\u201d.\u00a0Oxu.Az<\/p>\n","protected":false},"excerpt":{"rendered":"<p>Bu g\u00fcn Milli M\u0259clisin iclas\u0131nda\u00a0\u0130nsan h\u00fcquqlar\u0131 \u00fczr\u0259 m\u00fcv\u0259kkilin\u00a0(Ombudsman\u0131n) se\u00e7ilm\u0259si haqq\u0131nda m\u0259s\u0259l\u0259 m\u00fczakir\u0259y\u0259 \u00e7\u0131xar\u0131l\u0131b. ARANTV.AZ-\u0131n m\u0259lumat\u0131na g\u00f6r\u0259, m\u00fczakir\u0259 zaman\u0131 deputat Elmira Axundova \u00e7\u0131x\u0131\u015f edib. O, Ombudsman Elmira S\u00fcleymanovan\u0131n f\u0259aliyy\u0259tini t\u0259qdir edib, onu t\u0259rifl\u0259yib. E.Axundova \u00e7\u0131x\u0131\u015f\u0131n\u0131 bitirdikd\u0259n sonra\u00a0Milli M\u0259clisin s\u0259dri Oqtay \u018fs\u0259dova \u201cqoy deputatlar \u00e7\u0131x\u0131\u015f etsin\u201d deyib. Bu zaman spiker Oqtay \u018fs\u0259dov ona cavab verib. \u201cElmira xan\u0131m, burada iclas\u0131 siz idar\u0259 etmirsiniz. \u00d6z\u00fcn dan\u0131\u015f\u0131rsan, \u00f6z\u00fcn d\u0259 idar\u0259 edirs\u0259n\u201d.\u00a0Oxu.Az<\/p>\n","protected":false},"author":2,"featured_media":102220,"comment_status":"closed","ping_status":"closed","sticky":false,"template":"","format":"standard","meta":{"om_disable_all_campaigns":false,"_monsterinsights_skip_tracking":false,"_monsterinsights_sitenote_active":false,"_monsterinsights_sitenote_note":"","_monsterinsights_sitenote_category":0},"categories":[1],"tags":[],"aioseo_notices":[],"gutentor_comment":0,"rttpg_featured_image_url":{"full":["https:\/\/arantv.az\/wp-content\/uploads\/2019\/11\/oqtay-1.jpg",620,335,false],"landscape":["https:\/\/arantv.az\/wp-content\/uploads\/2019\/11\/oqtay-1.jpg",620,335,false],"portraits":["https:\/\/arantv.az\/wp-content\/uploads\/2019\/11\/oqtay-1.jpg",620,335,false],"thumbnail":["https:\/\/arantv.az\/wp-content\/uploads\/2019\/11\/oqtay-1-150x150.jpg",150,150,true],"medium":["https:\/\/arantv.az\/wp-content\/uploads\/2019\/11\/oqtay-1-300x162.jpg",300,162,true],"large":["https:\/\/arantv.az\/wp-content\/uploads\/2019\/11\/oqtay-1.jpg",620,335,false],"1536x1536":["https:\/\/arantv.az\/wp-content\/uploads\/2019\/11\/oqtay-1.jpg",620,335,false],"2048x2048":["https:\/\/arantv.az\/wp-content\/uploads\/2019\/11\/oqtay-1.jpg",620,335,false],"post-thumbnail":["https:\/\/arantv.az\/wp-content\/uploads\/2019\/11\/oqtay-1-240x172.jpg",240,172,true],"advps-thumb-one":["https:\/\/arantv.az\/wp-content\/uploads\/2019\/11\/oqtay-1.jpg",620,335,false]},"rttpg_author":{"display_name":"V\u00fcsal Rafiqo\u011flu","author_link":"https:\/\/arantv.az\/?author=2"},"rttpg_comment":0,"rttpg_category":"<a href=\"https:\/\/arantv.az\/?cat=1\" rel=\"category\">C\u0259miyy\u0259t<\/a>","rttpg_excerpt":"Bu g\u00fcn Milli M\u0259clisin iclas\u0131nda\u00a0\u0130nsan h\u00fcquqlar\u0131 \u00fczr\u0259 m\u00fcv\u0259kkilin\u00a0(Ombudsman\u0131n) se\u00e7ilm\u0259si haqq\u0131nda m\u0259s\u0259l\u0259 m\u00fczakir\u0259y\u0259 \u00e7\u0131xar\u0131l\u0131b. ARANTV.AZ-\u0131n m\u0259lumat\u0131na g\u00f6r\u0259, m\u00fczakir\u0259 zaman\u0131 deputat Elmira Axundova \u00e7\u0131x\u0131\u015f edib. O, Ombudsman Elmira S\u00fcleymanovan\u0131n f\u0259aliyy\u0259tini t\u0259qdir edib, onu t\u0259rifl\u0259yib. E.Axundova \u00e7\u0131x\u0131\u015f\u0131n\u0131 bitirdikd\u0259n sonra\u00a0Milli M\u0259clisin s\u0259dri Oqtay \u018fs\u0259dova \u201cqoy deputatlar \u00e7\u0131x\u0131\u015f etsin\u201d deyib. Bu zaman spiker Oqtay \u018fs\u0259dov ona cavab verib. \u201cElmira xan\u0131m,&hellip;","_links":{"self":[{"href":"https:\/\/arantv.az\/index.php?rest_route=\/wp\/v2\/posts\/102219"}],"collection":[{"href":"https:\/\/arantv.az\/index.php?rest_route=\/wp\/v2\/posts"}],"about":[{"href":"https:\/\/arantv.az\/index.php?rest_route=\/wp\/v2\/types\/post"}],"author":[{"embeddable":true,"href":"https:\/\/arantv.az\/index.php?rest_route=\/wp\/v2\/users\/2"}],"replies":[{"embeddable":true,"href":"https:\/\/arantv.az\/index.php?rest_route=%2Fwp%2Fv2%2Fcomments&post=102219"}],"version-history":[{"count":0,"href":"https:\/\/arantv.az\/index.php?rest_route=\/wp\/v2\/posts\/102219\/revisions"}],"wp:featuredmedia":[{"embeddable":true,"href":"https:\/\/arantv.az\/index.php?rest_route=\/wp\/v2\/media\/102220"}],"wp:attachment":[{"href":"https:\/\/arantv.az\/index.php?rest_route=%2Fwp%2Fv2%2Fmedia&parent=102219"}],"wp:term":[{"taxonomy":"category","embeddable":true,"href":"https:\/\/arantv.az\/index.php?rest_route=%2Fwp%2Fv2%2Fcategories&post=102219"},{"taxonomy":"post_tag","embeddable":true,"href":"https:\/\/arantv.az\/index.php?rest_route=%2Fwp%2Fv2%2Ftags&post=102219"}],"curies":[{"name":"wp","href":"https:\/\/api.w.org\/{rel}","templated":true}]}}