{"id":102223,"date":"2019-11-29T12:45:18","date_gmt":"2019-11-29T09:45:18","guid":{"rendered":"http:\/\/arantv.az\/?p=102223"},"modified":"2019-11-29T12:45:18","modified_gmt":"2019-11-29T09:45:18","slug":"qobustanda-palciq-vulkanlari-il%c9%99-bagli-turizm-kompleksi-yaradilacaq","status":"publish","type":"post","link":"https:\/\/arantv.az\/?p=102223","title":{"rendered":"Qobustanda pal\u00e7\u0131q vulkanlar\u0131 il\u0259 ba\u011fl\u0131 turizm kompleksi yarad\u0131lacaq"},"content":{"rendered":"<p>N\u00f6vb\u0259ti ild\u0259n etibar\u0259n Qobustan rayonu \u0259razisind\u0259 yerl\u0259\u015f\u0259n pal\u00e7\u0131q vulkanlar\u0131n\u0131n birinin \u0259razisind\u0259 b\u00f6y\u00fck kompleksin yarad\u0131lmas\u0131 n\u0259z\u0259rd\u0259 tutulub.<\/p>\n<p><b>ARANTV.AZ<\/b>-\u0131n m\u0259lumat\u0131na g\u00f6r\u0259, bunu Az\u0259rbaycan Turizm Sammitind\u0259 D\u00f6vl\u0259t Turizm Agentliyinin Aparat r\u0259hb\u0259ri K\u0259nan Qas\u0131mov bildirib.<\/p>\n<p>Onun s\u00f6zl\u0259rin\u0259 g\u00f6r\u0259, kompleks Az\u0259rbaycana s\u0259f\u0259r ed\u0259n turistl\u0259r \u00fc\u00e7\u00fcn pal\u00e7\u0131q vulkanlar\u0131 il\u0259 ba\u011fl\u0131 \u0259trafl\u0131 informasiya \u0259ld\u0259 etm\u0259k imkan\u0131 ver\u0259c\u0259k:<\/p>\n<div id=\"AdviadNativeVideo0\" class=\"AdviadNativeVideo\"><\/div>\n<p>\u201cKompleksd\u0259 m\u00fcxt\u0259lif c\u00fcr xidm\u0259tl\u0259r t\u0259\u015fkil edil\u0259c\u0259k. H\u0259min xidm\u0259tl\u0259rd\u0259n g\u0259l\u0259n turistl\u0259r istifad\u0259 ed\u0259c\u0259k\u201d.<\/p>\n<p>Aparat r\u0259hb\u0259ri qeyd edib ki, bu g\u00fcn pal\u00e7\u0131q vulkanlar\u0131n\u0131n \u0259razisind\u0259 xo\u015f olmayan m\u0259nz\u0259r\u0259 var:<\/p>\n<p>\u201cTuristl\u0259rin \u0259raziy\u0259 s\u0259f\u0259ri kort\u0259bii \u015f\u0259kild\u0259 koordinasiya edilir. Probleml\u0259rin aradan qald\u0131r\u0131lmas\u0131 \u00fc\u00e7\u00fcn bel\u0259 bir kompleksin in\u015fas\u0131na ehtiyac oldu\u011fu b\u0259lli idi v\u0259 bununla ba\u011fl\u0131 layih\u0259l\u0259ndirm\u0259 i\u015fl\u0259ri yekunla\u015fd\u0131r\u0131l\u0131b\u201d.Oxu.Az<\/p>\n","protected":false},"excerpt":{"rendered":"<p>N\u00f6vb\u0259ti ild\u0259n etibar\u0259n Qobustan rayonu \u0259razisind\u0259 yerl\u0259\u015f\u0259n pal\u00e7\u0131q vulkanlar\u0131n\u0131n birinin \u0259razisind\u0259 b\u00f6y\u00fck kompleksin yarad\u0131lmas\u0131 n\u0259z\u0259rd\u0259 tutulub. ARANTV.AZ-\u0131n m\u0259lumat\u0131na g\u00f6r\u0259, bunu Az\u0259rbaycan Turizm Sammitind\u0259 D\u00f6vl\u0259t Turizm Agentliyinin Aparat r\u0259hb\u0259ri K\u0259nan Qas\u0131mov bildirib. Onun s\u00f6zl\u0259rin\u0259 g\u00f6r\u0259, kompleks Az\u0259rbaycana s\u0259f\u0259r ed\u0259n turistl\u0259r \u00fc\u00e7\u00fcn pal\u00e7\u0131q vulkanlar\u0131 il\u0259 ba\u011fl\u0131 \u0259trafl\u0131 informasiya \u0259ld\u0259 etm\u0259k imkan\u0131 ver\u0259c\u0259k: \u201cKompleksd\u0259 m\u00fcxt\u0259lif c\u00fcr xidm\u0259tl\u0259r t\u0259\u015fkil edil\u0259c\u0259k. H\u0259min xidm\u0259tl\u0259rd\u0259n g\u0259l\u0259n turistl\u0259r istifad\u0259 ed\u0259c\u0259k\u201d. Aparat r\u0259hb\u0259ri qeyd edib ki, bu g\u00fcn pal\u00e7\u0131q vulkanlar\u0131n\u0131n \u0259razisind\u0259 xo\u015f olmayan m\u0259nz\u0259r\u0259 var: \u201cTuristl\u0259rin \u0259raziy\u0259 s\u0259f\u0259ri kort\u0259bii \u015f\u0259kild\u0259 koordinasiya edilir. Probleml\u0259rin aradan qald\u0131r\u0131lmas\u0131 \u00fc\u00e7\u00fcn bel\u0259 bir kompleksin&hellip;<\/p>\n","protected":false},"author":2,"featured_media":102224,"comment_status":"closed","ping_status":"closed","sticky":false,"template":"","format":"standard","meta":{"om_disable_all_campaigns":false,"_monsterinsights_skip_tracking":false,"_monsterinsights_sitenote_active":false,"_monsterinsights_sitenote_note":"","_monsterinsights_sitenote_category":0},"categories":[1],"tags":[],"aioseo_notices":[],"gutentor_comment":0,"rttpg_featured_image_url":{"full":["https:\/\/arantv.az\/wp-content\/uploads\/2019\/11\/vulkan.jpg",620,439,false],"landscape":["https:\/\/arantv.az\/wp-content\/uploads\/2019\/11\/vulkan.jpg",620,439,false],"portraits":["https:\/\/arantv.az\/wp-content\/uploads\/2019\/11\/vulkan.jpg",620,439,false],"thumbnail":["https:\/\/arantv.az\/wp-content\/uploads\/2019\/11\/vulkan-150x150.jpg",150,150,true],"medium":["https:\/\/arantv.az\/wp-content\/uploads\/2019\/11\/vulkan-300x212.jpg",300,212,true],"large":["https:\/\/arantv.az\/wp-content\/uploads\/2019\/11\/vulkan.jpg",620,439,false],"1536x1536":["https:\/\/arantv.az\/wp-content\/uploads\/2019\/11\/vulkan.jpg",620,439,false],"2048x2048":["https:\/\/arantv.az\/wp-content\/uploads\/2019\/11\/vulkan.jpg",620,439,false],"post-thumbnail":["https:\/\/arantv.az\/wp-content\/uploads\/2019\/11\/vulkan-240x172.jpg",240,172,true],"advps-thumb-one":["https:\/\/arantv.az\/wp-content\/uploads\/2019\/11\/vulkan.jpg",620,439,false]},"rttpg_author":{"display_name":"V\u00fcsal Rafiqo\u011flu","author_link":"https:\/\/arantv.az\/?author=2"},"rttpg_comment":0,"rttpg_category":"<a href=\"https:\/\/arantv.az\/?cat=1\" rel=\"category\">C\u0259miyy\u0259t<\/a>","rttpg_excerpt":"N\u00f6vb\u0259ti ild\u0259n etibar\u0259n Qobustan rayonu \u0259razisind\u0259 yerl\u0259\u015f\u0259n pal\u00e7\u0131q vulkanlar\u0131n\u0131n birinin \u0259razisind\u0259 b\u00f6y\u00fck kompleksin yarad\u0131lmas\u0131 n\u0259z\u0259rd\u0259 tutulub. ARANTV.AZ-\u0131n m\u0259lumat\u0131na g\u00f6r\u0259, bunu Az\u0259rbaycan Turizm Sammitind\u0259 D\u00f6vl\u0259t Turizm Agentliyinin Aparat r\u0259hb\u0259ri K\u0259nan Qas\u0131mov bildirib. Onun s\u00f6zl\u0259rin\u0259 g\u00f6r\u0259, kompleks Az\u0259rbaycana s\u0259f\u0259r ed\u0259n turistl\u0259r \u00fc\u00e7\u00fcn pal\u00e7\u0131q vulkanlar\u0131 il\u0259 ba\u011fl\u0131 \u0259trafl\u0131 informasiya \u0259ld\u0259 etm\u0259k imkan\u0131 ver\u0259c\u0259k: \u201cKompleksd\u0259 m\u00fcxt\u0259lif c\u00fcr xidm\u0259tl\u0259r t\u0259\u015fkil&hellip;","_links":{"self":[{"href":"https:\/\/arantv.az\/index.php?rest_route=\/wp\/v2\/posts\/102223"}],"collection":[{"href":"https:\/\/arantv.az\/index.php?rest_route=\/wp\/v2\/posts"}],"about":[{"href":"https:\/\/arantv.az\/index.php?rest_route=\/wp\/v2\/types\/post"}],"author":[{"embeddable":true,"href":"https:\/\/arantv.az\/index.php?rest_route=\/wp\/v2\/users\/2"}],"replies":[{"embeddable":true,"href":"https:\/\/arantv.az\/index.php?rest_route=%2Fwp%2Fv2%2Fcomments&post=102223"}],"version-history":[{"count":0,"href":"https:\/\/arantv.az\/index.php?rest_route=\/wp\/v2\/posts\/102223\/revisions"}],"wp:featuredmedia":[{"embeddable":true,"href":"https:\/\/arantv.az\/index.php?rest_route=\/wp\/v2\/media\/102224"}],"wp:attachment":[{"href":"https:\/\/arantv.az\/index.php?rest_route=%2Fwp%2Fv2%2Fmedia&parent=102223"}],"wp:term":[{"taxonomy":"category","embeddable":true,"href":"https:\/\/arantv.az\/index.php?rest_route=%2Fwp%2Fv2%2Fcategories&post=102223"},{"taxonomy":"post_tag","embeddable":true,"href":"https:\/\/arantv.az\/index.php?rest_route=%2Fwp%2Fv2%2Ftags&post=102223"}],"curies":[{"name":"wp","href":"https:\/\/api.w.org\/{rel}","templated":true}]}}