{"id":102231,"date":"2019-11-29T12:46:55","date_gmt":"2019-11-29T09:46:55","guid":{"rendered":"http:\/\/arantv.az\/?p=102231"},"modified":"2019-11-29T12:46:55","modified_gmt":"2019-11-29T09:46:55","slug":"az%c9%99rbaycan-parlamenti-yeni-ombudsman-secdi","status":"publish","type":"post","link":"https:\/\/arantv.az\/?p=102231","title":{"rendered":"Az\u0259rbaycan parlamenti yeni Ombudsman se\u00e7di"},"content":{"rendered":"<p>Bu g\u00fcn Milli M\u0259clisin iclas\u0131nda\u00a0\u0130nsan h\u00fcquqlar\u0131 \u00fczr\u0259 m\u00fcv\u0259kkilinin (Ombudsman\u0131n) se\u00e7ilm\u0259si haqq\u0131nda m\u0259s\u0259l\u0259y\u0259 bax\u0131l\u0131b.<\/p>\n<p><b>ARANTV.AZ<\/b>-\u0131n m\u0259lumat\u0131na g\u00f6r\u0259, ombudsmanl\u0131\u011fa \u00fc\u00e7 n\u0259f\u0259rin namiz\u0259dliyi m\u00fczakir\u0259y\u0259 \u00e7\u0131xar\u0131l\u0131b.<\/p>\n<p>M\u00fczakir\u0259l\u0259rd\u0259n sonra m\u0259s\u0259l\u0259 deputatlar\u0131n s\u0259sverm\u0259sin\u0259 \u00e7\u0131xar\u0131l\u0131b.<\/p>\n<div id=\"AdviadNativeVideo0\" class=\"AdviadNativeVideo\"><\/div>\n<p>Konstitusiya M\u0259hk\u0259m\u0259si Aparat r\u0259hb\u0259rinin m\u00fcavini S\u0259bin\u0259 \u018fliyeva Ombudsman se\u00e7ilib.<\/p>\n<p>Qeyd ed\u0259k ki, ombudsmanl\u0131\u011fa namiz\u0259dl\u0259rd\u0259n biri Bak\u0131 Apellyasiya M\u0259hk\u0259m\u0259sinin s\u0259drinin m\u00fcavini K\u0259mal\u0259 Ab\u0131yeva, dig\u0259ri is\u0259 Ali M\u0259hk\u0259m\u0259nin \u0130nsan H\u00fcquqlar\u0131 v\u0259 \u0130ctimaiyy\u0259tl\u0259 \u018flaq\u0259l\u0259r \u015e\u00f6b\u0259sinin m\u00fcdiri K\u0259mal\u0259 \u018fliyeva idi.\u00a0Oxu.Az<\/p>\n","protected":false},"excerpt":{"rendered":"<p>Bu g\u00fcn Milli M\u0259clisin iclas\u0131nda\u00a0\u0130nsan h\u00fcquqlar\u0131 \u00fczr\u0259 m\u00fcv\u0259kkilinin (Ombudsman\u0131n) se\u00e7ilm\u0259si haqq\u0131nda m\u0259s\u0259l\u0259y\u0259 bax\u0131l\u0131b. ARANTV.AZ-\u0131n m\u0259lumat\u0131na g\u00f6r\u0259, ombudsmanl\u0131\u011fa \u00fc\u00e7 n\u0259f\u0259rin namiz\u0259dliyi m\u00fczakir\u0259y\u0259 \u00e7\u0131xar\u0131l\u0131b. M\u00fczakir\u0259l\u0259rd\u0259n sonra m\u0259s\u0259l\u0259 deputatlar\u0131n s\u0259sverm\u0259sin\u0259 \u00e7\u0131xar\u0131l\u0131b. Konstitusiya M\u0259hk\u0259m\u0259si Aparat r\u0259hb\u0259rinin m\u00fcavini S\u0259bin\u0259 \u018fliyeva Ombudsman se\u00e7ilib. Qeyd ed\u0259k ki, ombudsmanl\u0131\u011fa namiz\u0259dl\u0259rd\u0259n biri Bak\u0131 Apellyasiya M\u0259hk\u0259m\u0259sinin s\u0259drinin m\u00fcavini K\u0259mal\u0259 Ab\u0131yeva, dig\u0259ri is\u0259 Ali M\u0259hk\u0259m\u0259nin \u0130nsan H\u00fcquqlar\u0131 v\u0259 \u0130ctimaiyy\u0259tl\u0259 \u018flaq\u0259l\u0259r \u015e\u00f6b\u0259sinin m\u00fcdiri K\u0259mal\u0259 \u018fliyeva idi.\u00a0Oxu.Az<\/p>\n","protected":false},"author":2,"featured_media":102232,"comment_status":"closed","ping_status":"closed","sticky":false,"template":"","format":"standard","meta":{"om_disable_all_campaigns":false,"_monsterinsights_skip_tracking":false,"_monsterinsights_sitenote_active":false,"_monsterinsights_sitenote_note":"","_monsterinsights_sitenote_category":0},"categories":[4],"tags":[],"aioseo_notices":[],"gutentor_comment":0,"rttpg_featured_image_url":{"full":["https:\/\/arantv.az\/wp-content\/uploads\/2019\/11\/aaaasss-1.jpg",620,389,false],"landscape":["https:\/\/arantv.az\/wp-content\/uploads\/2019\/11\/aaaasss-1.jpg",620,389,false],"portraits":["https:\/\/arantv.az\/wp-content\/uploads\/2019\/11\/aaaasss-1.jpg",620,389,false],"thumbnail":["https:\/\/arantv.az\/wp-content\/uploads\/2019\/11\/aaaasss-1-150x150.jpg",150,150,true],"medium":["https:\/\/arantv.az\/wp-content\/uploads\/2019\/11\/aaaasss-1-300x188.jpg",300,188,true],"large":["https:\/\/arantv.az\/wp-content\/uploads\/2019\/11\/aaaasss-1.jpg",620,389,false],"1536x1536":["https:\/\/arantv.az\/wp-content\/uploads\/2019\/11\/aaaasss-1.jpg",620,389,false],"2048x2048":["https:\/\/arantv.az\/wp-content\/uploads\/2019\/11\/aaaasss-1.jpg",620,389,false],"post-thumbnail":["https:\/\/arantv.az\/wp-content\/uploads\/2019\/11\/aaaasss-1-240x172.jpg",240,172,true],"advps-thumb-one":["https:\/\/arantv.az\/wp-content\/uploads\/2019\/11\/aaaasss-1.jpg",620,389,false]},"rttpg_author":{"display_name":"V\u00fcsal Rafiqo\u011flu","author_link":"https:\/\/arantv.az\/?author=2"},"rttpg_comment":0,"rttpg_category":"<a href=\"https:\/\/arantv.az\/?cat=4\" rel=\"category\">Siyas\u0259t<\/a>","rttpg_excerpt":"Bu g\u00fcn Milli M\u0259clisin iclas\u0131nda\u00a0\u0130nsan h\u00fcquqlar\u0131 \u00fczr\u0259 m\u00fcv\u0259kkilinin (Ombudsman\u0131n) se\u00e7ilm\u0259si haqq\u0131nda m\u0259s\u0259l\u0259y\u0259 bax\u0131l\u0131b. ARANTV.AZ-\u0131n m\u0259lumat\u0131na g\u00f6r\u0259, ombudsmanl\u0131\u011fa \u00fc\u00e7 n\u0259f\u0259rin namiz\u0259dliyi m\u00fczakir\u0259y\u0259 \u00e7\u0131xar\u0131l\u0131b. M\u00fczakir\u0259l\u0259rd\u0259n sonra m\u0259s\u0259l\u0259 deputatlar\u0131n s\u0259sverm\u0259sin\u0259 \u00e7\u0131xar\u0131l\u0131b. Konstitusiya M\u0259hk\u0259m\u0259si Aparat r\u0259hb\u0259rinin m\u00fcavini S\u0259bin\u0259 \u018fliyeva Ombudsman se\u00e7ilib. Qeyd ed\u0259k ki, ombudsmanl\u0131\u011fa namiz\u0259dl\u0259rd\u0259n biri Bak\u0131 Apellyasiya M\u0259hk\u0259m\u0259sinin s\u0259drinin m\u00fcavini K\u0259mal\u0259 Ab\u0131yeva, dig\u0259ri is\u0259 Ali M\u0259hk\u0259m\u0259nin \u0130nsan&hellip;","_links":{"self":[{"href":"https:\/\/arantv.az\/index.php?rest_route=\/wp\/v2\/posts\/102231"}],"collection":[{"href":"https:\/\/arantv.az\/index.php?rest_route=\/wp\/v2\/posts"}],"about":[{"href":"https:\/\/arantv.az\/index.php?rest_route=\/wp\/v2\/types\/post"}],"author":[{"embeddable":true,"href":"https:\/\/arantv.az\/index.php?rest_route=\/wp\/v2\/users\/2"}],"replies":[{"embeddable":true,"href":"https:\/\/arantv.az\/index.php?rest_route=%2Fwp%2Fv2%2Fcomments&post=102231"}],"version-history":[{"count":0,"href":"https:\/\/arantv.az\/index.php?rest_route=\/wp\/v2\/posts\/102231\/revisions"}],"wp:featuredmedia":[{"embeddable":true,"href":"https:\/\/arantv.az\/index.php?rest_route=\/wp\/v2\/media\/102232"}],"wp:attachment":[{"href":"https:\/\/arantv.az\/index.php?rest_route=%2Fwp%2Fv2%2Fmedia&parent=102231"}],"wp:term":[{"taxonomy":"category","embeddable":true,"href":"https:\/\/arantv.az\/index.php?rest_route=%2Fwp%2Fv2%2Fcategories&post=102231"},{"taxonomy":"post_tag","embeddable":true,"href":"https:\/\/arantv.az\/index.php?rest_route=%2Fwp%2Fv2%2Ftags&post=102231"}],"curies":[{"name":"wp","href":"https:\/\/api.w.org\/{rel}","templated":true}]}}