{"id":102240,"date":"2019-11-29T12:49:14","date_gmt":"2019-11-29T09:49:14","guid":{"rendered":"http:\/\/arantv.az\/?p=102240"},"modified":"2019-11-29T12:49:14","modified_gmt":"2019-11-29T09:49:14","slug":"milli-m%c9%99clis-niy%c9%99-buraxilacaq-s%c9%99rtl%c9%99r-v%c9%99-s%c9%99b%c9%99bl%c9%99r","status":"publish","type":"post","link":"https:\/\/arantv.az\/?p=102240","title":{"rendered":"Milli M\u0259clis niy\u0259 burax\u0131lacaq? &#8211; \u015e\u018fRTL\u018fR V\u018f S\u018fB\u018fBL\u018fR"},"content":{"rendered":"<p>Az\u0259rbaycan Milli M\u0259clisinin deputatlar\u0131 t\u0259r\u0259find\u0259n parlamentin burax\u0131lmas\u0131 v\u0259 n\u00f6vb\u0259d\u0259nk\u0259nar se\u00e7kil\u0259rin ke\u00e7irilm\u0259si xahi\u015fi il\u0259 Prezident \u0130lham \u018fliyev\u0259 m\u00fcraci\u0259t q\u0259bul edilm\u0259si planla\u015fd\u0131r\u0131l\u0131r.<\/p>\n<p>\u018fslind\u0259, Az\u0259rbaycan parlamentinin hey\u0259tinin d\u0259yi\u015film\u0259sin\u0259 ciddi z\u0259rur\u0259t var idi v\u0259 s\u0259b\u0259b \u00f6lk\u0259 r\u0259hb\u0259rliyinin y\u00fcr\u00fctd\u00fcy\u00fc intensiv islahatlar siyas\u0259tinin do\u011furdu\u011fu t\u0259l\u0259bl\u0259r\u0259, \u00e7a\u011fda\u015f v\u0259ziyy\u0259tin yaratd\u0131\u011f\u0131 \u00e7a\u011f\u0131r\u0131\u015flara Milli M\u0259clisinin indiki hey\u0259tl\u0259, sad\u0259c\u0259, qism\u0259n cavab verm\u0259sidir.<\/p>\n<p>Son kadr islahatlar\u0131, \u0259slind\u0259, d\u00f6vl\u0259t idar\u0259etm\u0259 sistemind\u0259ki geni\u015fmiqyasl\u0131, k\u00f6kl\u00fc islahatlar\u0131n bundan sonrak\u0131 m\u00fch\u00fcm m\u0259rh\u0259l\u0259sinin \u0259r\u0259f\u0259sidir. \u0130slahatlar h\u0259m\u00e7inin \u00f6lk\u0259nin imicinin y\u00fcks\u0259ldilm\u0259sin\u0259 d\u0259 y\u00f6n\u0259lib. \u00c7a\u011fda\u015f d\u00fcnyada demokratiya v\u0259 sivil c\u0259miyy\u0259t g\u00f6st\u0259ricil\u0259rind\u0259n biri d\u0259 h\u00f6kum\u0259td\u0259 v\u0259 \u00fcmumiyy\u0259tl\u0259, d\u00f6vl\u0259tin idar\u0259 olunmas\u0131 sistemind\u0259 y\u00fcks\u0259k pe\u015f\u0259karl\u0131q s\u0259viyy\u0259sin\u0259 malik kadrlar\u0131n f\u0259al i\u015ftirak\u0131d\u0131r. Bu insanlar m\u00fcasir d\u00fcnyag\u00f6r\u00fc\u015f\u00fcn\u0259 v\u0259 f\u0259aliyy\u0259t modelin\u0259 malik olmal\u0131d\u0131rlar.<\/p>\n<p>\u00d6lk\u0259d\u0259ki daxili siyasi stabillik d\u0259 bilavasit\u0259 islahatlar\u0131n davam\u0131n\u0131 diqt\u0259 edir. Art\u0131q Az\u0259rbaycanda post-neft d\u00f6vr\u00fc ba\u015flay\u0131b. Son 2-3 ild\u0259 m\u00fc\u015fahid\u0259 olunan iqtisadi tendensiyalar, m\u0259s\u0259l\u0259n, d\u00f6vl\u0259t b\u00fcdc\u0259sin\u0259 vergi daxilolmalar\u0131n\u0131n strukturunda qeyri-neft-qaz sektorunun m\u00fct\u0259madi olaraq artmas\u0131, regionlarda iqtisadi infrastrukturun genil\u015fl\u0259nm\u0259si, &#8220;k\u00f6lg\u0259&#8221; iqtisadiyyat\u0131n\u0131n miqyas\u0131n\u0131n azald\u0131lmas\u0131, \u015f\u0259ffafla\u015fma prosesl\u0259rinin s\u00fcr\u0259tl\u0259ndirilm\u0259si v\u0259 dig\u0259r m\u0259qamlar \u00f6lk\u0259 iqtisadiyyat\u0131n\u0131n art\u0131q yeni m\u0259rh\u0259l\u0259y\u0259 q\u0259d\u0259m qoymas\u0131ndan x\u0259b\u0259r verir.<\/p>\n<p>T\u0259kc\u0259 bu ilin yanvar-sentyabr aylar\u0131 \u0259rzind\u0259 \u00f6lk\u0259d\u0259 qeyri-neft s\u0259nayesind\u0259 15 faizd\u0259n \u00e7ox art\u0131m qeyd\u0259 al\u0131n\u0131b ki, bu da \u00e7ox y\u00fcks\u0259k n\u0259tic\u0259 kimi qiym\u0259tl\u0259ndiril\u0259 bil\u0259r. K\u0259nd t\u0259s\u0259rr\u00fcfat\u0131nda da ciddi g\u00f6st\u0259ricil\u0259r \u0259ld\u0259 edilib, iqtisadi art\u0131m 7 faiz\u0259 \u00e7at\u0131b.<\/p>\n<p>H\u0259l\u0259 2018-ci ilin yanvar\u0131nda Davosda D\u00fcnya \u0130qtisadi Forumunun &#8220;Strateji bax\u0131\u015f: Avrasiya&#8221; adl\u0131 interaktiv iclas\u0131nda \u00e7\u0131x\u0131\u015f\u0131 zaman\u0131 Az\u0259rbaycan Prezidenti \u00f6lk\u0259d\u0259 realla\u015fd\u0131r\u0131lmas\u0131na ba\u015flan\u0131lan neft v\u0259 qaz layih\u0259l\u0259rinin davam etdiril\u0259c\u0259yini, lakin \u0259sas diqq\u0259tin m\u0259hz y\u00fcks\u0259k texnologiyalar\u0131n t\u0259tbiqin\u0259, innovativ sah\u0259l\u0259rin, s\u0259naye v\u0259 k\u0259nd t\u0259s\u0259rr\u00fcfat\u0131n\u0131n inki\u015faf\u0131na, sahibkarl\u0131\u011f\u0131n m\u00f6hk\u0259ml\u0259ndirilm\u0259sin\u0259 y\u00f6n\u0259ldildiyini qeyd edib.<\/p>\n<p>T\u0259bii ki, h\u0259r bir islahat\u0131 h\u0259yata ke\u00e7ir\u0259n kadrlard\u0131r. V\u0259 qar\u015f\u0131ya qoyulan h\u0259d\u0259fl\u0259r\u0259 yaln\u0131z yeni yana\u015fmalara uy\u011fun, yeni t\u0259f\u0259kk\u00fcr\u0259 malik, m\u00fcasir beyn\u0259lxalq trendl\u0259rin t\u0259tbiqini bacaran kadrlarla nail olmaq m\u00fcmk\u00fcnd\u00fcr. Son 2 ild\u0259 h\u00f6kum\u0259td\u0259 m\u00fc\u015fahid\u0259 olunan kadr islahatlar\u0131 bu sah\u0259d\u0259 ciddi d\u0259yi\u015fikl\u0259rd\u0259n x\u0259b\u0259r verir. M\u0259hz yeni yana\u015fmalar\u0131n t\u0259tbiqi, bir s\u0131ra hallarda m\u00f6vcud olan m\u0259mur \u00f6zba\u015f\u0131nal\u0131qlar\u0131n\u0131n aradan qald\u0131r\u0131lmas\u0131 iqtisadi islahatlar\u0131n t\u0259kanverici q\u00fcvv\u0259si olmal\u0131d\u0131r. Bu m\u0259qamlara son m\u00fc\u015favir\u0259d\u0259 d\u00f6vl\u0259t ba\u015f\u00e7\u0131s\u0131 da diqq\u0259t \u00e7\u0259kib, \u00e7ox g\u00fccl\u00fc siyasi irad\u0259nin ortaya qoyuldu\u011funu, islahatlar\u0131n \u015f\u0259xsi maraqlara qurban verilm\u0259y\u0259c\u0259yini v\u0259 g\u00f6r\u00fcl\u0259n i\u015fl\u0259r\u0259 mane\u0259 yaradan insanlarla yollar\u0131n ayr\u0131laca\u011f\u0131n\u0131 vur\u011fulay\u0131b. Bu is\u0259 o dem\u0259kdir ki, h\u0259r bir m\u0259mura etimad krediti onun g\u00f6rd\u00fcy\u00fc real i\u015f\u0259 g\u00f6r\u0259 artacaq.<\/p>\n<p>Az\u0259rbaycan Prezidentinin son iki \u00e7\u0131x\u0131\u015f\u0131n\u0131n \u0259sas yekunu budur: u\u011furlar\u0131m\u0131z faktd\u0131r, lakin dayanmaq olmaz, biz daha q\u00fcdr\u0259tli, daha rifahl\u0131 bir Az\u0259rbaycan qurmal\u0131y\u0131q.<\/p>\n<p>\u00d6lk\u0259mizd\u0259 kadr islahatlar\u0131 davam edir. Kadr islahatlar\u0131 \u00fcmumi islahatlar\u0131n t\u0259rkib hiss\u0259sidir. Ke\u00e7\u0259nilki prezident se\u00e7kil\u0259rind\u0259n sonra yeni islahatlar d\u00f6vr\u00fcn\u0259 start verildi v\u0259 bu islahatlar davam etdirilir. \u0130slahatlar t\u0259kmill\u0259\u015fm\u0259 dem\u0259kdir, islahatlar yeni d\u00f6vr\u0259 uy\u011funla\u015fma dem\u0259kdir, islahatlar t\u0259r\u0259qqi dem\u0259kdir. D\u00fcnya miqyas\u0131nda u\u011furlar \u0259ld\u0259 etmi\u015f \u00f6lk\u0259l\u0259rin t\u0259cr\u00fcb\u0259sin\u0259 n\u0259z\u0259r salsaq, g\u00f6r\u0259rik ki, bu nailiyy\u0259tl\u0259r m\u0259hz t\u0259r\u0259qqi hesab\u0131na \u0259ld\u0259 edilibdir.<\/p>\n<p>Yenid\u0259nqurman\u0131n m\u0259cras\u0131nda duran \u0259sas m\u0259qamlardan biri d\u0259 \u00f6lk\u0259 parlamenti, Milli M\u0259clisdir. Milli M\u0259clisin indiki hey\u0259tind\u0259 t\u0259msil olunmu\u015f b\u0259zi mill\u0259t v\u0259kill\u0259ri m\u0259hz mill\u0259tin v\u0259kill\u0259ri oldu\u011funu unutmu\u015f, se\u00e7icil\u0259rl\u0259 g\u00f6r\u00fc\u015fl\u0259ri m\u00fct\u0259madi v\u0259 vacib prosedur qismind\u0259 realiz\u0259 etm\u0259k \u0259v\u0259zin\u0259, se\u00e7icil\u0259rind\u0259n, habel\u0259 \u00f6lk\u0259d\u0259ki siyasi-sosial prosesl\u0259rd\u0259n \u00e7ox uzaq d\u00fc\u015f\u00fcbl\u0259r.<\/p>\n<p>Bu da, t\u0259bii ki, se\u00e7icil\u0259rin haql\u0131 naraz\u0131l\u0131\u011f\u0131na s\u0259b\u0259b olub. Onlar, y\u0259ni \u00f6lk\u0259 v\u0259t\u0259nda\u015flar\u0131 parlament se\u00e7kil\u0259rind\u0259 s\u0259s verdikl\u0259ri \u015f\u0259xsin t\u0259msil olundu\u011fu se\u00e7ki dair\u0259sind\u0259 ya\u015fayan insanlar\u0131n qay\u011f\u0131lar\u0131 il\u0259 ba\u015fdansovdu maraqland\u0131\u011f\u0131n\u0131 d\u0259f\u0259l\u0259rl\u0259 vur\u011fulay\u0131blar v\u0259 bu a\u00e7\u0131qlamalar \u0259n m\u00fcxt\u0259lif mill\u0259t v\u0259kill\u0259ri bar\u0259d\u0259 s\u0259sl\u0259nib.<\/p>\n<p>M\u0259hz bu s\u0259b\u0259bd\u0259n Milli M\u0259clisin indiki hey\u0259tinin burax\u0131lmas\u0131 lab\u00fcdd\u00fcr v\u0259 iqtidarda olan Yeni Az\u0259rbaycan Partiyas\u0131n\u0131n Siyasi \u015euras\u0131n\u0131n \u00f6t\u0259ng\u00fcnk\u00fc iclas\u0131nda ir\u0259li s\u00fcr\u00fcl\u0259n t\u0259\u015f\u0259bb\u00fcs d\u0259 bir daha g\u00f6st\u0259rdi ki, m\u00f6vcud parlament \u00f6lk\u0259d\u0259 h\u0259yata ke\u00e7iril\u0259n islahatlara cavab vermir, geni\u015fmiqyasl\u0131 islahatlar prosesi il\u0259 ayaqla\u015fmaq g\u00fcc\u00fcnd\u0259 v\u0259 potensial\u0131nda deyil.<\/p>\n<p>Sadalanan \u015f\u0259rtl\u0259rl\u0259 yana\u015f\u0131, islahatlar konsepsiyas\u0131n\u0131 qanunvericilik f\u0259aliyy\u0259tin\u0259 \u00fczvi sintez ed\u0259 bil\u0259c\u0259k, yeni v\u0259 m\u00fct\u0259r\u0259qqi formatda \u00e7al\u0131\u015fa bil\u0259c\u0259k qurumun formala\u015fd\u0131r\u0131lmas\u0131 z\u0259rur\u0259ti aktualla\u015f\u0131b.<\/p>\n<p>Az\u0259rbaycan islahatlar\u0131n, modernl\u0259\u015fm\u0259nin, q\u00fcdr\u0259tl\u0259nm\u0259nin v\u0259 inki\u015faf\u0131n yeni v\u0259 daha s\u00fcr\u0259tli m\u0259rh\u0259l\u0259sinin astanas\u0131ndad\u0131r. Parlamentin t\u0259rkibi yenil\u0259ndikd\u0259n sonra \u00f6lk\u0259 v\u0259t\u0259nda\u015flar\u0131 \u00fc\u00e7\u00fcn indikind\u0259n qat-qat art\u0131q y\u00fcks\u0259k rifah\u0131n t\u0259min olunaca\u011f\u0131n\u0131 ehtimal etm\u0259k olar.<\/p>\n<p>Az\u0259rbaycanda hakimiyy\u0259t maliyy\u0259, bank, m\u0259hk\u0259m\u0259 v\u0259 s. sah\u0259l\u0259rd\u0259 k\u00f6kl\u00fc islahatlar\u0131n yekun m\u0259rh\u0259l\u0259sin\u0259 daxil oldu\u011fundan iqtidardak\u0131 Yeni Az\u0259rbaycan Partiyas\u0131 \u00e7oxluq t\u0259\u015fkil etdiyi Milli M\u0259clis\u0259 yeni se\u00e7kil\u0259rl\u0259 ba\u011fl\u0131 t\u0259\u015f\u0259bb\u00fcs g\u00f6st\u0259rm\u0259kl\u0259, \u0259slind\u0259, islahatlar\u0131n s\u00fcr\u0259tl\u0259nm\u0259sin\u0259 t\u0259kan vermi\u015f oldu.<\/p>\n<p>Bu, YAP-\u0131n y\u00fcks\u0259k siyasi m\u0259suliyy\u0259tind\u0259n ir\u0259li g\u0259l\u0259n q\u0259rar olmaqla yana\u015f\u0131, partiyan\u0131n n\u00fcfuzunu daha da art\u0131racaq add\u0131md\u0131r. \u00c7\u00fcnki islahatlar, rifah \u00fc\u00e7\u00fcn yenilikl\u0259r namin\u0259 q\u0259l\u0259b\u0259sinin t\u0259sbitl\u0259ndiyi parlament hey\u0259tind\u0259n imtina etm\u0259k ali siyasi m\u0259d\u0259niyy\u0259t izhar\u0131 olmaqla yana\u015f\u0131, tarixi islahatlara v\u0259 Prezident\u0259 tam d\u0259st\u0259kdir.<\/p>\n","protected":false},"excerpt":{"rendered":"<p>Az\u0259rbaycan Milli M\u0259clisinin deputatlar\u0131 t\u0259r\u0259find\u0259n parlamentin burax\u0131lmas\u0131 v\u0259 n\u00f6vb\u0259d\u0259nk\u0259nar se\u00e7kil\u0259rin ke\u00e7irilm\u0259si xahi\u015fi il\u0259 Prezident \u0130lham \u018fliyev\u0259 m\u00fcraci\u0259t q\u0259bul edilm\u0259si planla\u015fd\u0131r\u0131l\u0131r. \u018fslind\u0259, Az\u0259rbaycan parlamentinin hey\u0259tinin d\u0259yi\u015film\u0259sin\u0259 ciddi z\u0259rur\u0259t var idi v\u0259 s\u0259b\u0259b \u00f6lk\u0259 r\u0259hb\u0259rliyinin y\u00fcr\u00fctd\u00fcy\u00fc intensiv islahatlar siyas\u0259tinin do\u011furdu\u011fu t\u0259l\u0259bl\u0259r\u0259, \u00e7a\u011fda\u015f v\u0259ziyy\u0259tin yaratd\u0131\u011f\u0131 \u00e7a\u011f\u0131r\u0131\u015flara Milli M\u0259clisinin indiki hey\u0259tl\u0259, sad\u0259c\u0259, qism\u0259n cavab verm\u0259sidir. Son kadr islahatlar\u0131, \u0259slind\u0259, d\u00f6vl\u0259t idar\u0259etm\u0259 sistemind\u0259ki geni\u015fmiqyasl\u0131, k\u00f6kl\u00fc islahatlar\u0131n bundan sonrak\u0131 m\u00fch\u00fcm m\u0259rh\u0259l\u0259sinin \u0259r\u0259f\u0259sidir. \u0130slahatlar h\u0259m\u00e7inin \u00f6lk\u0259nin imicinin y\u00fcks\u0259ldilm\u0259sin\u0259 d\u0259 y\u00f6n\u0259lib. \u00c7a\u011fda\u015f d\u00fcnyada demokratiya v\u0259 sivil c\u0259miyy\u0259t g\u00f6st\u0259ricil\u0259rind\u0259n biri d\u0259 h\u00f6kum\u0259td\u0259 v\u0259 \u00fcmumiyy\u0259tl\u0259, d\u00f6vl\u0259tin idar\u0259 olunmas\u0131 sistemind\u0259 y\u00fcks\u0259k&hellip;<\/p>\n","protected":false},"author":2,"featured_media":102241,"comment_status":"closed","ping_status":"closed","sticky":false,"template":"","format":"standard","meta":{"om_disable_all_campaigns":false,"_monsterinsights_skip_tracking":false,"_monsterinsights_sitenote_active":false,"_monsterinsights_sitenote_note":"","_monsterinsights_sitenote_category":0},"categories":[4],"tags":[],"aioseo_notices":[],"gutentor_comment":0,"rttpg_featured_image_url":{"full":["https:\/\/arantv.az\/wp-content\/uploads\/2019\/11\/milli_meclis_27847576.jpg",800,600,false],"landscape":["https:\/\/arantv.az\/wp-content\/uploads\/2019\/11\/milli_meclis_27847576.jpg",800,600,false],"portraits":["https:\/\/arantv.az\/wp-content\/uploads\/2019\/11\/milli_meclis_27847576.jpg",800,600,false],"thumbnail":["https:\/\/arantv.az\/wp-content\/uploads\/2019\/11\/milli_meclis_27847576-150x150.jpg",150,150,true],"medium":["https:\/\/arantv.az\/wp-content\/uploads\/2019\/11\/milli_meclis_27847576-300x225.jpg",300,225,true],"large":["https:\/\/arantv.az\/wp-content\/uploads\/2019\/11\/milli_meclis_27847576.jpg",640,480,false],"1536x1536":["https:\/\/arantv.az\/wp-content\/uploads\/2019\/11\/milli_meclis_27847576.jpg",800,600,false],"2048x2048":["https:\/\/arantv.az\/wp-content\/uploads\/2019\/11\/milli_meclis_27847576.jpg",800,600,false],"post-thumbnail":["https:\/\/arantv.az\/wp-content\/uploads\/2019\/11\/milli_meclis_27847576-240x172.jpg",240,172,true],"advps-thumb-one":["https:\/\/arantv.az\/wp-content\/uploads\/2019\/11\/milli_meclis_27847576.jpg",800,600,false]},"rttpg_author":{"display_name":"V\u00fcsal Rafiqo\u011flu","author_link":"https:\/\/arantv.az\/?author=2"},"rttpg_comment":0,"rttpg_category":"<a href=\"https:\/\/arantv.az\/?cat=4\" rel=\"category\">Siyas\u0259t<\/a>","rttpg_excerpt":"Az\u0259rbaycan Milli M\u0259clisinin deputatlar\u0131 t\u0259r\u0259find\u0259n parlamentin burax\u0131lmas\u0131 v\u0259 n\u00f6vb\u0259d\u0259nk\u0259nar se\u00e7kil\u0259rin ke\u00e7irilm\u0259si xahi\u015fi il\u0259 Prezident \u0130lham \u018fliyev\u0259 m\u00fcraci\u0259t q\u0259bul edilm\u0259si planla\u015fd\u0131r\u0131l\u0131r. \u018fslind\u0259, Az\u0259rbaycan parlamentinin hey\u0259tinin d\u0259yi\u015film\u0259sin\u0259 ciddi z\u0259rur\u0259t var idi v\u0259 s\u0259b\u0259b \u00f6lk\u0259 r\u0259hb\u0259rliyinin y\u00fcr\u00fctd\u00fcy\u00fc intensiv islahatlar siyas\u0259tinin do\u011furdu\u011fu t\u0259l\u0259bl\u0259r\u0259, \u00e7a\u011fda\u015f v\u0259ziyy\u0259tin yaratd\u0131\u011f\u0131 \u00e7a\u011f\u0131r\u0131\u015flara Milli M\u0259clisinin indiki hey\u0259tl\u0259, sad\u0259c\u0259, qism\u0259n cavab verm\u0259sidir. Son kadr islahatlar\u0131, \u0259slind\u0259,&hellip;","_links":{"self":[{"href":"https:\/\/arantv.az\/index.php?rest_route=\/wp\/v2\/posts\/102240"}],"collection":[{"href":"https:\/\/arantv.az\/index.php?rest_route=\/wp\/v2\/posts"}],"about":[{"href":"https:\/\/arantv.az\/index.php?rest_route=\/wp\/v2\/types\/post"}],"author":[{"embeddable":true,"href":"https:\/\/arantv.az\/index.php?rest_route=\/wp\/v2\/users\/2"}],"replies":[{"embeddable":true,"href":"https:\/\/arantv.az\/index.php?rest_route=%2Fwp%2Fv2%2Fcomments&post=102240"}],"version-history":[{"count":0,"href":"https:\/\/arantv.az\/index.php?rest_route=\/wp\/v2\/posts\/102240\/revisions"}],"wp:featuredmedia":[{"embeddable":true,"href":"https:\/\/arantv.az\/index.php?rest_route=\/wp\/v2\/media\/102241"}],"wp:attachment":[{"href":"https:\/\/arantv.az\/index.php?rest_route=%2Fwp%2Fv2%2Fmedia&parent=102240"}],"wp:term":[{"taxonomy":"category","embeddable":true,"href":"https:\/\/arantv.az\/index.php?rest_route=%2Fwp%2Fv2%2Fcategories&post=102240"},{"taxonomy":"post_tag","embeddable":true,"href":"https:\/\/arantv.az\/index.php?rest_route=%2Fwp%2Fv2%2Ftags&post=102240"}],"curies":[{"name":"wp","href":"https:\/\/api.w.org\/{rel}","templated":true}]}}