{"id":102244,"date":"2019-11-29T12:50:26","date_gmt":"2019-11-29T09:50:26","guid":{"rendered":"http:\/\/arantv.az\/?p=102244"},"modified":"2019-11-29T12:50:26","modified_gmt":"2019-11-29T09:50:26","slug":"dovl%c9%99t-turizm-agentliyi-naftalanla-bagli-plan-hazirlayib","status":"publish","type":"post","link":"https:\/\/arantv.az\/?p=102244","title":{"rendered":"D\u00f6vl\u0259t Turizm Agentliyi Naftalanla ba\u011fl\u0131 plan haz\u0131rlay\u0131b"},"content":{"rendered":"<p>Sa\u011flaml\u0131q turizmi bax\u0131m\u0131ndan Naftalan \u015f\u0259h\u0259ri il\u0259 ba\u011fl\u0131 plan haz\u0131rlan\u0131b.<\/p>\n<p><strong>ARANTV.AZ<\/strong>\u00a0<a href=\"https:\/\/az.trend.az\/\" target=\"_blank\" rel=\"noopener\">Trend<\/a>-\u0259 istinad\u0259n x\u0259b\u0259r verir ki, bunu Az\u0259rbaycan Turizm Sammitind\u0259 \u00e7\u0131x\u0131\u015f ed\u0259n<br \/>\nAz\u0259rbaycan Turizm B\u00fcrosunun ba\u015f icra\u00e7\u0131 direktorunun m\u00fcavini B\u0259hruz \u018fsg\u0259rov deyib.<\/p>\n<p>Onun s\u00f6zl\u0259rin\u0259 g\u00f6r\u0259, g\u0259l\u0259n il bu plan\u0131n h\u0259yata ke\u00e7irilm\u0259si il\u0259 m\u0259\u015f\u011ful olacaqlar: &#8220;Haz\u0131rda Naftalana ild\u0259 36 min turist g\u0259lir. G\u00f6r\u00fcl\u0259n i\u015fl\u0259rin n\u0259tic\u0259sind\u0259 yax\u0131n ill\u0259rd\u0259 Naftalanda g\u0259l\u0259n turistl\u0259rin say\u0131n\u0131n 60 min\u0259 \u00e7atd\u0131rma\u011f\u0131 n\u0259z\u0259rd\u0259 tuturuq&#8221;.<\/p>\n","protected":false},"excerpt":{"rendered":"<p>Sa\u011flaml\u0131q turizmi bax\u0131m\u0131ndan Naftalan \u015f\u0259h\u0259ri il\u0259 ba\u011fl\u0131 plan haz\u0131rlan\u0131b. ARANTV.AZ\u00a0Trend-\u0259 istinad\u0259n x\u0259b\u0259r verir ki, bunu Az\u0259rbaycan Turizm Sammitind\u0259 \u00e7\u0131x\u0131\u015f ed\u0259n Az\u0259rbaycan Turizm B\u00fcrosunun ba\u015f icra\u00e7\u0131 direktorunun m\u00fcavini B\u0259hruz \u018fsg\u0259rov deyib. Onun s\u00f6zl\u0259rin\u0259 g\u00f6r\u0259, g\u0259l\u0259n il bu plan\u0131n h\u0259yata ke\u00e7irilm\u0259si il\u0259 m\u0259\u015f\u011ful olacaqlar: &#8220;Haz\u0131rda Naftalana ild\u0259 36 min turist g\u0259lir. G\u00f6r\u00fcl\u0259n i\u015fl\u0259rin n\u0259tic\u0259sind\u0259 yax\u0131n ill\u0259rd\u0259 Naftalanda g\u0259l\u0259n turistl\u0259rin say\u0131n\u0131n 60 min\u0259 \u00e7atd\u0131rma\u011f\u0131 n\u0259z\u0259rd\u0259 tuturuq&#8221;.<\/p>\n","protected":false},"author":2,"featured_media":102245,"comment_status":"closed","ping_status":"closed","sticky":false,"template":"","format":"standard","meta":{"om_disable_all_campaigns":false,"_monsterinsights_skip_tracking":false,"_monsterinsights_sitenote_active":false,"_monsterinsights_sitenote_note":"","_monsterinsights_sitenote_category":0},"categories":[1],"tags":[],"aioseo_notices":[],"gutentor_comment":0,"rttpg_featured_image_url":{"full":["https:\/\/arantv.az\/wp-content\/uploads\/2019\/11\/806339.jpg",800,600,false],"landscape":["https:\/\/arantv.az\/wp-content\/uploads\/2019\/11\/806339.jpg",800,600,false],"portraits":["https:\/\/arantv.az\/wp-content\/uploads\/2019\/11\/806339.jpg",800,600,false],"thumbnail":["https:\/\/arantv.az\/wp-content\/uploads\/2019\/11\/806339-150x150.jpg",150,150,true],"medium":["https:\/\/arantv.az\/wp-content\/uploads\/2019\/11\/806339-300x225.jpg",300,225,true],"large":["https:\/\/arantv.az\/wp-content\/uploads\/2019\/11\/806339.jpg",640,480,false],"1536x1536":["https:\/\/arantv.az\/wp-content\/uploads\/2019\/11\/806339.jpg",800,600,false],"2048x2048":["https:\/\/arantv.az\/wp-content\/uploads\/2019\/11\/806339.jpg",800,600,false],"post-thumbnail":["https:\/\/arantv.az\/wp-content\/uploads\/2019\/11\/806339-240x172.jpg",240,172,true],"advps-thumb-one":["https:\/\/arantv.az\/wp-content\/uploads\/2019\/11\/806339.jpg",800,600,false]},"rttpg_author":{"display_name":"V\u00fcsal Rafiqo\u011flu","author_link":"https:\/\/arantv.az\/?author=2"},"rttpg_comment":0,"rttpg_category":"<a href=\"https:\/\/arantv.az\/?cat=1\" rel=\"category\">C\u0259miyy\u0259t<\/a>","rttpg_excerpt":"Sa\u011flaml\u0131q turizmi bax\u0131m\u0131ndan Naftalan \u015f\u0259h\u0259ri il\u0259 ba\u011fl\u0131 plan haz\u0131rlan\u0131b. ARANTV.AZ\u00a0Trend-\u0259 istinad\u0259n x\u0259b\u0259r verir ki, bunu Az\u0259rbaycan Turizm Sammitind\u0259 \u00e7\u0131x\u0131\u015f ed\u0259n Az\u0259rbaycan Turizm B\u00fcrosunun ba\u015f icra\u00e7\u0131 direktorunun m\u00fcavini B\u0259hruz \u018fsg\u0259rov deyib. Onun s\u00f6zl\u0259rin\u0259 g\u00f6r\u0259, g\u0259l\u0259n il bu plan\u0131n h\u0259yata ke\u00e7irilm\u0259si il\u0259 m\u0259\u015f\u011ful olacaqlar: &#8220;Haz\u0131rda Naftalana ild\u0259 36 min turist g\u0259lir. G\u00f6r\u00fcl\u0259n i\u015fl\u0259rin n\u0259tic\u0259sind\u0259 yax\u0131n ill\u0259rd\u0259 Naftalanda&hellip;","_links":{"self":[{"href":"https:\/\/arantv.az\/index.php?rest_route=\/wp\/v2\/posts\/102244"}],"collection":[{"href":"https:\/\/arantv.az\/index.php?rest_route=\/wp\/v2\/posts"}],"about":[{"href":"https:\/\/arantv.az\/index.php?rest_route=\/wp\/v2\/types\/post"}],"author":[{"embeddable":true,"href":"https:\/\/arantv.az\/index.php?rest_route=\/wp\/v2\/users\/2"}],"replies":[{"embeddable":true,"href":"https:\/\/arantv.az\/index.php?rest_route=%2Fwp%2Fv2%2Fcomments&post=102244"}],"version-history":[{"count":0,"href":"https:\/\/arantv.az\/index.php?rest_route=\/wp\/v2\/posts\/102244\/revisions"}],"wp:featuredmedia":[{"embeddable":true,"href":"https:\/\/arantv.az\/index.php?rest_route=\/wp\/v2\/media\/102245"}],"wp:attachment":[{"href":"https:\/\/arantv.az\/index.php?rest_route=%2Fwp%2Fv2%2Fmedia&parent=102244"}],"wp:term":[{"taxonomy":"category","embeddable":true,"href":"https:\/\/arantv.az\/index.php?rest_route=%2Fwp%2Fv2%2Fcategories&post=102244"},{"taxonomy":"post_tag","embeddable":true,"href":"https:\/\/arantv.az\/index.php?rest_route=%2Fwp%2Fv2%2Ftags&post=102244"}],"curies":[{"name":"wp","href":"https:\/\/api.w.org\/{rel}","templated":true}]}}