{"id":102248,"date":"2019-11-29T12:51:22","date_gmt":"2019-11-29T09:51:22","guid":{"rendered":"http:\/\/arantv.az\/?p=102248"},"modified":"2019-11-29T12:51:22","modified_gmt":"2019-11-29T09:51:22","slug":"parlamentin-buraxilmasi-m%c9%99s%c9%99l%c9%99si-dekabrin-2-d%c9%99-muzakir%c9%99y%c9%99-cixarilacaq","status":"publish","type":"post","link":"https:\/\/arantv.az\/?p=102248","title":{"rendered":"Parlamentin burax\u0131lmas\u0131 m\u0259s\u0259l\u0259si dekabr\u0131n 2-d\u0259 m\u00fczakir\u0259y\u0259 \u00e7\u0131xar\u0131lacaq"},"content":{"rendered":"<p>Milli M\u0259clisin burax\u0131lmas\u0131 m\u0259s\u0259l\u0259si dekabr\u0131n 2-d\u0259 m\u00fczakir\u0259y\u0259 \u00e7\u0131xar\u0131lacaq.<\/p>\n<p><strong>ARANTV.AZ<\/strong>\u00a0<a href=\"https:\/\/az.trend.az\/\" target=\"_blank\" rel=\"noopener\">Trend<\/a>-\u0259 istinad\u0259n x\u0259b\u0259r verir ki, bunu Milli M\u0259clisin spikeri Oqtay \u018fs\u0259dov deyib.<\/p>\n<p>Spiker bildirib ki, Yeni Az\u0259rbaycan Partiyas\u0131 parlamentin burax\u0131lmas\u0131 il\u0259 ba\u011fl\u0131 ali qanunverici orqan\u0131n \u00f6lk\u0259 Prezidentin\u0259 m\u00fcraci\u0259ti \u00fc\u00e7\u00fcn M\u0259clis\u0259 m\u00fcraci\u0259t edib.<\/p>\n<p>Qeyd ed\u0259k ki, \u00f6t\u0259n g\u00fcn YAP Siyasi \u015euras\u0131n\u0131n iclas\u0131, eyni zamanda partiyan\u0131 parlamentd\u0259 t\u0259msil ed\u0259n deputatlarla g\u00f6r\u00fc\u015f ke\u00e7irilib. \u0130clasda partiyan\u0131 t\u0259msil ed\u0259n deputatlara Milli M\u0259clisin burax\u0131lmas\u0131 il\u0259 ba\u011fl\u0131 t\u0259\u015f\u0259bb\u00fcsl\u0259 \u00e7\u0131x\u0131\u015f etm\u0259l\u0259ri t\u00f6vsiy\u0259 olunub. H\u0259m\u00e7inin bununla ba\u011fl\u0131 Milli M\u0259clis\u0259 m\u00fcraci\u0259t \u00fcnvanlanmas\u0131 q\u0259rara al\u0131n\u0131b.<\/p>\n","protected":false},"excerpt":{"rendered":"<p>Milli M\u0259clisin burax\u0131lmas\u0131 m\u0259s\u0259l\u0259si dekabr\u0131n 2-d\u0259 m\u00fczakir\u0259y\u0259 \u00e7\u0131xar\u0131lacaq. ARANTV.AZ\u00a0Trend-\u0259 istinad\u0259n x\u0259b\u0259r verir ki, bunu Milli M\u0259clisin spikeri Oqtay \u018fs\u0259dov deyib. Spiker bildirib ki, Yeni Az\u0259rbaycan Partiyas\u0131 parlamentin burax\u0131lmas\u0131 il\u0259 ba\u011fl\u0131 ali qanunverici orqan\u0131n \u00f6lk\u0259 Prezidentin\u0259 m\u00fcraci\u0259ti \u00fc\u00e7\u00fcn M\u0259clis\u0259 m\u00fcraci\u0259t edib. Qeyd ed\u0259k ki, \u00f6t\u0259n g\u00fcn YAP Siyasi \u015euras\u0131n\u0131n iclas\u0131, eyni zamanda partiyan\u0131 parlamentd\u0259 t\u0259msil ed\u0259n deputatlarla g\u00f6r\u00fc\u015f ke\u00e7irilib. \u0130clasda partiyan\u0131 t\u0259msil ed\u0259n deputatlara Milli M\u0259clisin burax\u0131lmas\u0131 il\u0259 ba\u011fl\u0131 t\u0259\u015f\u0259bb\u00fcsl\u0259 \u00e7\u0131x\u0131\u015f etm\u0259l\u0259ri t\u00f6vsiy\u0259 olunub. H\u0259m\u00e7inin bununla ba\u011fl\u0131 Milli M\u0259clis\u0259 m\u00fcraci\u0259t \u00fcnvanlanmas\u0131 q\u0259rara al\u0131n\u0131b.<\/p>\n","protected":false},"author":2,"featured_media":102249,"comment_status":"closed","ping_status":"closed","sticky":false,"template":"","format":"standard","meta":{"om_disable_all_campaigns":false,"_monsterinsights_skip_tracking":false,"_monsterinsights_sitenote_active":false,"_monsterinsights_sitenote_note":"","_monsterinsights_sitenote_category":0},"categories":[1],"tags":[],"aioseo_notices":[],"gutentor_comment":0,"rttpg_featured_image_url":{"full":["https:\/\/arantv.az\/wp-content\/uploads\/2019\/11\/milli_meclis_041-1.jpg",800,600,false],"landscape":["https:\/\/arantv.az\/wp-content\/uploads\/2019\/11\/milli_meclis_041-1.jpg",800,600,false],"portraits":["https:\/\/arantv.az\/wp-content\/uploads\/2019\/11\/milli_meclis_041-1.jpg",800,600,false],"thumbnail":["https:\/\/arantv.az\/wp-content\/uploads\/2019\/11\/milli_meclis_041-1-150x150.jpg",150,150,true],"medium":["https:\/\/arantv.az\/wp-content\/uploads\/2019\/11\/milli_meclis_041-1-300x225.jpg",300,225,true],"large":["https:\/\/arantv.az\/wp-content\/uploads\/2019\/11\/milli_meclis_041-1.jpg",640,480,false],"1536x1536":["https:\/\/arantv.az\/wp-content\/uploads\/2019\/11\/milli_meclis_041-1.jpg",800,600,false],"2048x2048":["https:\/\/arantv.az\/wp-content\/uploads\/2019\/11\/milli_meclis_041-1.jpg",800,600,false],"post-thumbnail":["https:\/\/arantv.az\/wp-content\/uploads\/2019\/11\/milli_meclis_041-1-240x172.jpg",240,172,true],"advps-thumb-one":["https:\/\/arantv.az\/wp-content\/uploads\/2019\/11\/milli_meclis_041-1.jpg",800,600,false]},"rttpg_author":{"display_name":"V\u00fcsal Rafiqo\u011flu","author_link":"https:\/\/arantv.az\/?author=2"},"rttpg_comment":0,"rttpg_category":"<a href=\"https:\/\/arantv.az\/?cat=1\" rel=\"category\">C\u0259miyy\u0259t<\/a>","rttpg_excerpt":"Milli M\u0259clisin burax\u0131lmas\u0131 m\u0259s\u0259l\u0259si dekabr\u0131n 2-d\u0259 m\u00fczakir\u0259y\u0259 \u00e7\u0131xar\u0131lacaq. ARANTV.AZ\u00a0Trend-\u0259 istinad\u0259n x\u0259b\u0259r verir ki, bunu Milli M\u0259clisin spikeri Oqtay \u018fs\u0259dov deyib. Spiker bildirib ki, Yeni Az\u0259rbaycan Partiyas\u0131 parlamentin burax\u0131lmas\u0131 il\u0259 ba\u011fl\u0131 ali qanunverici orqan\u0131n \u00f6lk\u0259 Prezidentin\u0259 m\u00fcraci\u0259ti \u00fc\u00e7\u00fcn M\u0259clis\u0259 m\u00fcraci\u0259t edib. Qeyd ed\u0259k ki, \u00f6t\u0259n g\u00fcn YAP Siyasi \u015euras\u0131n\u0131n iclas\u0131, eyni zamanda partiyan\u0131 parlamentd\u0259 t\u0259msil ed\u0259n&hellip;","_links":{"self":[{"href":"https:\/\/arantv.az\/index.php?rest_route=\/wp\/v2\/posts\/102248"}],"collection":[{"href":"https:\/\/arantv.az\/index.php?rest_route=\/wp\/v2\/posts"}],"about":[{"href":"https:\/\/arantv.az\/index.php?rest_route=\/wp\/v2\/types\/post"}],"author":[{"embeddable":true,"href":"https:\/\/arantv.az\/index.php?rest_route=\/wp\/v2\/users\/2"}],"replies":[{"embeddable":true,"href":"https:\/\/arantv.az\/index.php?rest_route=%2Fwp%2Fv2%2Fcomments&post=102248"}],"version-history":[{"count":0,"href":"https:\/\/arantv.az\/index.php?rest_route=\/wp\/v2\/posts\/102248\/revisions"}],"wp:featuredmedia":[{"embeddable":true,"href":"https:\/\/arantv.az\/index.php?rest_route=\/wp\/v2\/media\/102249"}],"wp:attachment":[{"href":"https:\/\/arantv.az\/index.php?rest_route=%2Fwp%2Fv2%2Fmedia&parent=102248"}],"wp:term":[{"taxonomy":"category","embeddable":true,"href":"https:\/\/arantv.az\/index.php?rest_route=%2Fwp%2Fv2%2Fcategories&post=102248"},{"taxonomy":"post_tag","embeddable":true,"href":"https:\/\/arantv.az\/index.php?rest_route=%2Fwp%2Fv2%2Ftags&post=102248"}],"curies":[{"name":"wp","href":"https:\/\/api.w.org\/{rel}","templated":true}]}}