{"id":102252,"date":"2019-11-29T12:53:53","date_gmt":"2019-11-29T09:53:53","guid":{"rendered":"http:\/\/arantv.az\/?p=102252"},"modified":"2019-11-29T12:53:53","modified_gmt":"2019-11-29T09:53:53","slug":"oqtay-%c9%99s%c9%99dovla-elmira-axundova-arasinda-g%c9%99rginlik-burada-iclasi-siz-idar%c9%99-etmirsiniz","status":"publish","type":"post","link":"https:\/\/arantv.az\/?p=102252","title":{"rendered":"Oqtay \u018fs\u0259dovla Elmira Axundova aras\u0131nda g\u0259rginlik: &#8220;Burada iclas\u0131 siz idar\u0259 etmirsiniz&#8221;"},"content":{"rendered":"<p>Milli M\u0259clisin bu g\u00fcn ke\u00e7iril\u0259n iclas\u0131nda \u0130nsan h\u00fcquqlar\u0131 \u00fczr\u0259 m\u00fcv\u0259kkilinin (Ombudsman\u0131n) se\u00e7ilm\u0259si haqq\u0131nda m\u0259s\u0259l\u0259 m\u00fczakir\u0259 \u00e7\u0131xar\u0131l\u0131b.<\/p>\n<p><b>ARANTV.AZ<\/b>-\u0131n m\u0259lumat\u0131na g\u00f6r\u0259, m\u00fczakir\u0259 zaman\u0131 deputat Elmira Axundova \u00e7\u0131x\u0131\u015f edib.<br \/>\nO, Ombudsman Elmira S\u00fcleymanovan\u0131n f\u0259aliyy\u0259tini t\u0259qdir edib, onu t\u0259rifl\u0259yib. Elmira Axundova \u00e7\u0131x\u0131\u015f\u0131n\u0131 bitirdikd\u0259n sonra, Milli M\u0259clisin s\u0259dri Oqtay \u018fs\u0259dova &#8220;qoy deputatlar \u00e7\u0131x\u0131\u015f etsin&#8221; deyib.<br \/>\nBu zaman spiker Oqtay \u018fs\u0259dov ona cavab verib.<br \/>\n&#8220;Elmira xan\u0131m, burada iclas\u0131 siz idar\u0259 etmirsiniz. \u00d6z\u00fcn dan\u0131\u015f\u0131rsan, \u00f6z\u00fcn d\u0259 idar\u0259 edirs\u0259n&#8221;.Sonxeber.az<\/p>\n","protected":false},"excerpt":{"rendered":"<p>Milli M\u0259clisin bu g\u00fcn ke\u00e7iril\u0259n iclas\u0131nda \u0130nsan h\u00fcquqlar\u0131 \u00fczr\u0259 m\u00fcv\u0259kkilinin (Ombudsman\u0131n) se\u00e7ilm\u0259si haqq\u0131nda m\u0259s\u0259l\u0259 m\u00fczakir\u0259 \u00e7\u0131xar\u0131l\u0131b. ARANTV.AZ-\u0131n m\u0259lumat\u0131na g\u00f6r\u0259, m\u00fczakir\u0259 zaman\u0131 deputat Elmira Axundova \u00e7\u0131x\u0131\u015f edib. O, Ombudsman Elmira S\u00fcleymanovan\u0131n f\u0259aliyy\u0259tini t\u0259qdir edib, onu t\u0259rifl\u0259yib. Elmira Axundova \u00e7\u0131x\u0131\u015f\u0131n\u0131 bitirdikd\u0259n sonra, Milli M\u0259clisin s\u0259dri Oqtay \u018fs\u0259dova &#8220;qoy deputatlar \u00e7\u0131x\u0131\u015f etsin&#8221; deyib. Bu zaman spiker Oqtay \u018fs\u0259dov ona cavab verib. &#8220;Elmira xan\u0131m, burada iclas\u0131 siz idar\u0259 etmirsiniz. \u00d6z\u00fcn dan\u0131\u015f\u0131rsan, \u00f6z\u00fcn d\u0259 idar\u0259 edirs\u0259n&#8221;.Sonxeber.az<\/p>\n","protected":false},"author":2,"featured_media":102253,"comment_status":"closed","ping_status":"closed","sticky":false,"template":"","format":"standard","meta":{"om_disable_all_campaigns":false,"_monsterinsights_skip_tracking":false,"_monsterinsights_sitenote_active":false,"_monsterinsights_sitenote_note":"","_monsterinsights_sitenote_category":0},"categories":[1],"tags":[],"aioseo_notices":[],"gutentor_comment":0,"rttpg_featured_image_url":{"full":["https:\/\/arantv.az\/wp-content\/uploads\/2019\/11\/9c58e35d-d709-4088-bcf4-b5f80e04aed8_640.jpg",550,275,false],"landscape":["https:\/\/arantv.az\/wp-content\/uploads\/2019\/11\/9c58e35d-d709-4088-bcf4-b5f80e04aed8_640.jpg",550,275,false],"portraits":["https:\/\/arantv.az\/wp-content\/uploads\/2019\/11\/9c58e35d-d709-4088-bcf4-b5f80e04aed8_640.jpg",550,275,false],"thumbnail":["https:\/\/arantv.az\/wp-content\/uploads\/2019\/11\/9c58e35d-d709-4088-bcf4-b5f80e04aed8_640-150x150.jpg",150,150,true],"medium":["https:\/\/arantv.az\/wp-content\/uploads\/2019\/11\/9c58e35d-d709-4088-bcf4-b5f80e04aed8_640-300x150.jpg",300,150,true],"large":["https:\/\/arantv.az\/wp-content\/uploads\/2019\/11\/9c58e35d-d709-4088-bcf4-b5f80e04aed8_640.jpg",550,275,false],"1536x1536":["https:\/\/arantv.az\/wp-content\/uploads\/2019\/11\/9c58e35d-d709-4088-bcf4-b5f80e04aed8_640.jpg",550,275,false],"2048x2048":["https:\/\/arantv.az\/wp-content\/uploads\/2019\/11\/9c58e35d-d709-4088-bcf4-b5f80e04aed8_640.jpg",550,275,false],"post-thumbnail":["https:\/\/arantv.az\/wp-content\/uploads\/2019\/11\/9c58e35d-d709-4088-bcf4-b5f80e04aed8_640-240x172.jpg",240,172,true],"advps-thumb-one":["https:\/\/arantv.az\/wp-content\/uploads\/2019\/11\/9c58e35d-d709-4088-bcf4-b5f80e04aed8_640.jpg",550,275,false]},"rttpg_author":{"display_name":"V\u00fcsal Rafiqo\u011flu","author_link":"https:\/\/arantv.az\/?author=2"},"rttpg_comment":0,"rttpg_category":"<a href=\"https:\/\/arantv.az\/?cat=1\" rel=\"category\">C\u0259miyy\u0259t<\/a>","rttpg_excerpt":"Milli M\u0259clisin bu g\u00fcn ke\u00e7iril\u0259n iclas\u0131nda \u0130nsan h\u00fcquqlar\u0131 \u00fczr\u0259 m\u00fcv\u0259kkilinin (Ombudsman\u0131n) se\u00e7ilm\u0259si haqq\u0131nda m\u0259s\u0259l\u0259 m\u00fczakir\u0259 \u00e7\u0131xar\u0131l\u0131b. ARANTV.AZ-\u0131n m\u0259lumat\u0131na g\u00f6r\u0259, m\u00fczakir\u0259 zaman\u0131 deputat Elmira Axundova \u00e7\u0131x\u0131\u015f edib. O, Ombudsman Elmira S\u00fcleymanovan\u0131n f\u0259aliyy\u0259tini t\u0259qdir edib, onu t\u0259rifl\u0259yib. Elmira Axundova \u00e7\u0131x\u0131\u015f\u0131n\u0131 bitirdikd\u0259n sonra, Milli M\u0259clisin s\u0259dri Oqtay \u018fs\u0259dova &#8220;qoy deputatlar \u00e7\u0131x\u0131\u015f etsin&#8221; deyib. Bu zaman spiker Oqtay \u018fs\u0259dov&hellip;","_links":{"self":[{"href":"https:\/\/arantv.az\/index.php?rest_route=\/wp\/v2\/posts\/102252"}],"collection":[{"href":"https:\/\/arantv.az\/index.php?rest_route=\/wp\/v2\/posts"}],"about":[{"href":"https:\/\/arantv.az\/index.php?rest_route=\/wp\/v2\/types\/post"}],"author":[{"embeddable":true,"href":"https:\/\/arantv.az\/index.php?rest_route=\/wp\/v2\/users\/2"}],"replies":[{"embeddable":true,"href":"https:\/\/arantv.az\/index.php?rest_route=%2Fwp%2Fv2%2Fcomments&post=102252"}],"version-history":[{"count":0,"href":"https:\/\/arantv.az\/index.php?rest_route=\/wp\/v2\/posts\/102252\/revisions"}],"wp:featuredmedia":[{"embeddable":true,"href":"https:\/\/arantv.az\/index.php?rest_route=\/wp\/v2\/media\/102253"}],"wp:attachment":[{"href":"https:\/\/arantv.az\/index.php?rest_route=%2Fwp%2Fv2%2Fmedia&parent=102252"}],"wp:term":[{"taxonomy":"category","embeddable":true,"href":"https:\/\/arantv.az\/index.php?rest_route=%2Fwp%2Fv2%2Fcategories&post=102252"},{"taxonomy":"post_tag","embeddable":true,"href":"https:\/\/arantv.az\/index.php?rest_route=%2Fwp%2Fv2%2Ftags&post=102252"}],"curies":[{"name":"wp","href":"https:\/\/api.w.org\/{rel}","templated":true}]}}