{"id":102257,"date":"2019-11-29T12:54:48","date_gmt":"2019-11-29T09:54:48","guid":{"rendered":"http:\/\/arantv.az\/?p=102257"},"modified":"2019-11-29T12:54:48","modified_gmt":"2019-11-29T09:54:48","slug":"az%c9%99rbaycanda-ehtiyac-meyarinin-m%c9%99bl%c9%99gi-bar%c9%99d%c9%99-yeni-x%c9%99b%c9%99r","status":"publish","type":"post","link":"https:\/\/arantv.az\/?p=102257","title":{"rendered":"Az\u0259rbaycanda ehtiyac meyar\u0131n\u0131n m\u0259bl\u0259\u011fi bar\u0259d\u0259 YEN\u0130 X\u018fB\u018fR"},"content":{"rendered":"<p>Az\u0259rbaycanda g\u0259l\u0259n il \u00fc\u00e7\u00fcn ehtiyac meyar\u0131n\u0131n m\u0259bl\u0259\u011fi m\u0259lum olub.<\/p>\n<p><b>ARANTV.AZ<\/b>-\u0131n m\u0259lumat\u0131na g\u00f6r\u0259, bu, b\u00fcdc\u0259 z\u0259rfin\u0259 daxil olan &#8220;Az\u0259rbaycan Respublikas\u0131nda 2020-ci il \u00fc\u00e7\u00fcn ehtiyac meyar\u0131n\u0131n h\u0259ddi haqq\u0131nda&#8221; qanun layih\u0259sind\u0259 \u0259ksini tap\u0131b.<\/p>\n<div><\/div>\n<p>Layih\u0259y\u0259 \u0259sas\u0259n, \u00fcnvanl\u0131 d\u00f6vl\u0259t sosial yard\u0131m\u0131n\u0131n t\u0259yin edilm\u0259si m\u0259qs\u0259dil\u0259 2020-ci il \u00fc\u00e7\u00fcn ehtiyac meyar\u0131n\u0131n h\u0259ddi 160 manat m\u0259bl\u0259\u011find\u0259 n\u0259z\u0259rd\u0259 tutulur.<\/p>\n<p>S\u0259n\u0259d Milli M\u0259clisin bu g\u00fcn ke\u00e7iril\u0259n plenar iclas\u0131nda m\u00fczakir\u0259y\u0259 \u00e7\u0131xar\u0131laraq III oxunu\u015fda q\u0259bul edilib.Sonxeber.az<\/p>\n","protected":false},"excerpt":{"rendered":"<p>Az\u0259rbaycanda g\u0259l\u0259n il \u00fc\u00e7\u00fcn ehtiyac meyar\u0131n\u0131n m\u0259bl\u0259\u011fi m\u0259lum olub. ARANTV.AZ-\u0131n m\u0259lumat\u0131na g\u00f6r\u0259, bu, b\u00fcdc\u0259 z\u0259rfin\u0259 daxil olan &#8220;Az\u0259rbaycan Respublikas\u0131nda 2020-ci il \u00fc\u00e7\u00fcn ehtiyac meyar\u0131n\u0131n h\u0259ddi haqq\u0131nda&#8221; qanun layih\u0259sind\u0259 \u0259ksini tap\u0131b. Layih\u0259y\u0259 \u0259sas\u0259n, \u00fcnvanl\u0131 d\u00f6vl\u0259t sosial yard\u0131m\u0131n\u0131n t\u0259yin edilm\u0259si m\u0259qs\u0259dil\u0259 2020-ci il \u00fc\u00e7\u00fcn ehtiyac meyar\u0131n\u0131n h\u0259ddi 160 manat m\u0259bl\u0259\u011find\u0259 n\u0259z\u0259rd\u0259 tutulur. S\u0259n\u0259d Milli M\u0259clisin bu g\u00fcn ke\u00e7iril\u0259n plenar iclas\u0131nda m\u00fczakir\u0259y\u0259 \u00e7\u0131xar\u0131laraq III oxunu\u015fda q\u0259bul edilib.Sonxeber.az<\/p>\n","protected":false},"author":2,"featured_media":102258,"comment_status":"closed","ping_status":"closed","sticky":false,"template":"","format":"standard","meta":{"om_disable_all_campaigns":false,"_monsterinsights_skip_tracking":false,"_monsterinsights_sitenote_active":false,"_monsterinsights_sitenote_note":"","_monsterinsights_sitenote_category":0},"categories":[1],"tags":[],"aioseo_notices":[],"gutentor_comment":0,"rttpg_featured_image_url":{"full":["https:\/\/arantv.az\/wp-content\/uploads\/2019\/11\/1511496224_y1543565706.jpg",549,357,false],"landscape":["https:\/\/arantv.az\/wp-content\/uploads\/2019\/11\/1511496224_y1543565706.jpg",549,357,false],"portraits":["https:\/\/arantv.az\/wp-content\/uploads\/2019\/11\/1511496224_y1543565706.jpg",549,357,false],"thumbnail":["https:\/\/arantv.az\/wp-content\/uploads\/2019\/11\/1511496224_y1543565706-150x150.jpg",150,150,true],"medium":["https:\/\/arantv.az\/wp-content\/uploads\/2019\/11\/1511496224_y1543565706-300x195.jpg",300,195,true],"large":["https:\/\/arantv.az\/wp-content\/uploads\/2019\/11\/1511496224_y1543565706.jpg",549,357,false],"1536x1536":["https:\/\/arantv.az\/wp-content\/uploads\/2019\/11\/1511496224_y1543565706.jpg",549,357,false],"2048x2048":["https:\/\/arantv.az\/wp-content\/uploads\/2019\/11\/1511496224_y1543565706.jpg",549,357,false],"post-thumbnail":["https:\/\/arantv.az\/wp-content\/uploads\/2019\/11\/1511496224_y1543565706-240x172.jpg",240,172,true],"advps-thumb-one":["https:\/\/arantv.az\/wp-content\/uploads\/2019\/11\/1511496224_y1543565706.jpg",549,357,false]},"rttpg_author":{"display_name":"V\u00fcsal Rafiqo\u011flu","author_link":"https:\/\/arantv.az\/?author=2"},"rttpg_comment":0,"rttpg_category":"<a href=\"https:\/\/arantv.az\/?cat=1\" rel=\"category\">C\u0259miyy\u0259t<\/a>","rttpg_excerpt":"Az\u0259rbaycanda g\u0259l\u0259n il \u00fc\u00e7\u00fcn ehtiyac meyar\u0131n\u0131n m\u0259bl\u0259\u011fi m\u0259lum olub. ARANTV.AZ-\u0131n m\u0259lumat\u0131na g\u00f6r\u0259, bu, b\u00fcdc\u0259 z\u0259rfin\u0259 daxil olan &#8220;Az\u0259rbaycan Respublikas\u0131nda 2020-ci il \u00fc\u00e7\u00fcn ehtiyac meyar\u0131n\u0131n h\u0259ddi haqq\u0131nda&#8221; qanun layih\u0259sind\u0259 \u0259ksini tap\u0131b. Layih\u0259y\u0259 \u0259sas\u0259n, \u00fcnvanl\u0131 d\u00f6vl\u0259t sosial yard\u0131m\u0131n\u0131n t\u0259yin edilm\u0259si m\u0259qs\u0259dil\u0259 2020-ci il \u00fc\u00e7\u00fcn ehtiyac meyar\u0131n\u0131n h\u0259ddi 160 manat m\u0259bl\u0259\u011find\u0259 n\u0259z\u0259rd\u0259 tutulur. S\u0259n\u0259d Milli M\u0259clisin bu g\u00fcn&hellip;","_links":{"self":[{"href":"https:\/\/arantv.az\/index.php?rest_route=\/wp\/v2\/posts\/102257"}],"collection":[{"href":"https:\/\/arantv.az\/index.php?rest_route=\/wp\/v2\/posts"}],"about":[{"href":"https:\/\/arantv.az\/index.php?rest_route=\/wp\/v2\/types\/post"}],"author":[{"embeddable":true,"href":"https:\/\/arantv.az\/index.php?rest_route=\/wp\/v2\/users\/2"}],"replies":[{"embeddable":true,"href":"https:\/\/arantv.az\/index.php?rest_route=%2Fwp%2Fv2%2Fcomments&post=102257"}],"version-history":[{"count":0,"href":"https:\/\/arantv.az\/index.php?rest_route=\/wp\/v2\/posts\/102257\/revisions"}],"wp:featuredmedia":[{"embeddable":true,"href":"https:\/\/arantv.az\/index.php?rest_route=\/wp\/v2\/media\/102258"}],"wp:attachment":[{"href":"https:\/\/arantv.az\/index.php?rest_route=%2Fwp%2Fv2%2Fmedia&parent=102257"}],"wp:term":[{"taxonomy":"category","embeddable":true,"href":"https:\/\/arantv.az\/index.php?rest_route=%2Fwp%2Fv2%2Fcategories&post=102257"},{"taxonomy":"post_tag","embeddable":true,"href":"https:\/\/arantv.az\/index.php?rest_route=%2Fwp%2Fv2%2Ftags&post=102257"}],"curies":[{"name":"wp","href":"https:\/\/api.w.org\/{rel}","templated":true}]}}