{"id":102269,"date":"2019-11-29T13:05:42","date_gmt":"2019-11-29T10:05:42","guid":{"rendered":"http:\/\/arantv.az\/?p=102269"},"modified":"2019-11-29T13:05:42","modified_gmt":"2019-11-29T10:05:42","slug":"az%c9%99rbaycanin-yeni-ombudsmani-kimdir-dosye","status":"publish","type":"post","link":"https:\/\/arantv.az\/?p=102269","title":{"rendered":"Az\u0259rbaycan\u0131n yeni Ombudsman\u0131 kimdir? &#8211; DOSYE"},"content":{"rendered":"<p>Bu g\u00fcn Milli M\u0259clisin iclas\u0131nda \u0130nsan h\u00fcquqlar\u0131 \u00fczr\u0259 m\u00fcv\u0259kkilin\u00a0(Ombudsman\u0131n) se\u00e7ilm\u0259si haqq\u0131nda m\u0259s\u0259l\u0259y\u0259 bax\u0131l\u0131b.<\/p>\n<p><strong>ARANTV.AZ<\/strong>-\u0131n m\u0259lumat\u0131na g\u00f6r\u0259, ombudsmanl\u0131\u011fa \u00fc\u00e7 n\u0259f\u0259rin namiz\u0259dliyi m\u00fczakir\u0259y\u0259 \u00e7\u0131xar\u0131l\u0131b.<\/p>\n<p>M\u00fczakir\u0259l\u0259rd\u0259n sonra m\u0259s\u0259l\u0259 deputatlar\u0131n s\u0259sverm\u0259sin\u0259 \u00e7\u0131xar\u0131l\u0131b v\u0259 Konstitusiya M\u0259hk\u0259m\u0259si Aparat r\u0259hb\u0259rinin m\u00fcavini, Milli M\u0259clisin deputat\u0131 Siyavu\u015f Novruzovun h\u0259yat yolda\u015f\u0131 S\u0259bin\u0259 \u018fliyeva \u0130nsan H\u00fcquqlar\u0131 \u00fczr\u0259 M\u00fcv\u0259kkili se\u00e7ilib.<\/p>\n<p>Bel\u0259 ki, iclasda i\u015ftirak ed\u0259n deputatlardan 104 n\u0259f\u0259r onun Ombudsman olmas\u0131n\u0131n lehin\u0259 s\u0259s verib.<\/p>\n<p>Oxu.Az\u00a0Ombudsman\u0131n q\u0131sa t\u0259rc\u00fcmeyi-hal\u0131n\u0131 t\u0259qdim edir:<\/p>\n<p>S\u0259bin\u0259 Ya\u015far q\u0131z\u0131 \u018fliyeva 7 may 1980-ci ild\u0259 do\u011fulub. O, Bak\u0131 D\u00f6vl\u0259t Universitetini bitirib. Daha sonra is\u0259 Az\u0259rbaycan Respublikas\u0131 Prezidenti yan\u0131nda D\u00f6vl\u0259t \u0130dar\u0259\u00e7ilik Akademiyas\u0131nda t\u0259hsilini davam etdirib (Beyn\u0259lxalq m\u00fcnasib\u0259tl\u0259r). \u0130xtisasca h\u00fcquq\u015f\u00fcnasd\u0131r.<\/p>\n<p>S.\u018fliyeva 2000-ci ild\u0259n Konstitusiya M\u0259hk\u0259m\u0259sind\u0259 \u00e7al\u0131\u015f\u0131r. Daha \u0259vv\u0259l m\u00fcf\u0259tti\u015f-karg\u00fczar, b\u00f6y\u00fck m\u00fct\u0259x\u0259ssis, Konstitusiya M\u0259hk\u0259m\u0259si Aparat\u0131n\u0131n r\u0259hb\u0259rinin k\u00f6m\u0259k\u00e7isi v\u0259zif\u0259l\u0259rind\u0259 \u00e7al\u0131\u015f\u0131b.<\/p>\n<p>S.\u018fliyeva\u00a0h\u00fcquq \u00fczr\u0259 f\u0259ls\u0259f\u0259 doktorudur. O, \u201cD\u00f6vl\u0259t qullu\u011funda f\u0259rql\u0259nm\u0259y\u0259 g\u00f6r\u0259\u201d medal\u0131 il\u0259 t\u0259ltif olunub.<\/p>\n<p>3-c\u00fc d\u0259r\u0259c\u0259li D\u00f6vl\u0259t m\u00fc\u015faviridir. Haz\u0131rda Konstitusiya M\u0259hk\u0259m\u0259si Aparat\u0131n\u0131n r\u0259hb\u0259rinin m\u00fcavini v\u0259zif\u0259sini tutur. \u0130ki \u00f6vlad\u0131 var.<\/p>\n<p>Qeyd ed\u0259k ki, bu v\u0259zif\u0259y\u0259 Bak\u0131 Apellyasiya M\u0259hk\u0259m\u0259sinin hakimi K\u0259mal\u0259 Abiyeva, Ali M\u0259hk\u0259m\u0259nin \u0130nsan H\u00fcquqlar\u0131 v\u0259 \u0130ctimaiyy\u0259tl\u0259 \u0259laq\u0259l\u0259r \u015f\u00f6b\u0259sinin m\u00fcdiri K\u0259mal\u0259 \u018fliyeva v\u0259 Konstitusiya M\u0259hk\u0259m\u0259si Aparat r\u0259hb\u0259rinin m\u00fcavini S\u0259bin\u0259 \u018fliyevan\u0131n namiz\u0259dliyi ir\u0259li s\u00fcr\u00fclm\u00fc\u015fd\u00fc.<\/p>\n<p>Xat\u0131rladaq ki, haz\u0131rda Az\u0259rbaycan\u0131n \u0130nsan H\u00fcquqlar\u0131 \u00fczr\u0259 M\u00fcv\u0259kkili Elmira S\u00fcleymanovad\u0131r. O, 2002-ci ild\u0259n Ombudsmand\u0131r. Onun s\u0259lahiyy\u0259t m\u00fcdd\u0259ti 2017-ci il mart\u0131n 5-d\u0259 bitib.<\/p>\n","protected":false},"excerpt":{"rendered":"<p>Bu g\u00fcn Milli M\u0259clisin iclas\u0131nda \u0130nsan h\u00fcquqlar\u0131 \u00fczr\u0259 m\u00fcv\u0259kkilin\u00a0(Ombudsman\u0131n) se\u00e7ilm\u0259si haqq\u0131nda m\u0259s\u0259l\u0259y\u0259 bax\u0131l\u0131b. ARANTV.AZ-\u0131n m\u0259lumat\u0131na g\u00f6r\u0259, ombudsmanl\u0131\u011fa \u00fc\u00e7 n\u0259f\u0259rin namiz\u0259dliyi m\u00fczakir\u0259y\u0259 \u00e7\u0131xar\u0131l\u0131b. M\u00fczakir\u0259l\u0259rd\u0259n sonra m\u0259s\u0259l\u0259 deputatlar\u0131n s\u0259sverm\u0259sin\u0259 \u00e7\u0131xar\u0131l\u0131b v\u0259 Konstitusiya M\u0259hk\u0259m\u0259si Aparat r\u0259hb\u0259rinin m\u00fcavini, Milli M\u0259clisin deputat\u0131 Siyavu\u015f Novruzovun h\u0259yat yolda\u015f\u0131 S\u0259bin\u0259 \u018fliyeva \u0130nsan H\u00fcquqlar\u0131 \u00fczr\u0259 M\u00fcv\u0259kkili se\u00e7ilib. Bel\u0259 ki, iclasda i\u015ftirak ed\u0259n deputatlardan 104 n\u0259f\u0259r onun Ombudsman olmas\u0131n\u0131n lehin\u0259 s\u0259s verib. Oxu.Az\u00a0Ombudsman\u0131n q\u0131sa t\u0259rc\u00fcmeyi-hal\u0131n\u0131 t\u0259qdim edir: S\u0259bin\u0259 Ya\u015far q\u0131z\u0131 \u018fliyeva 7 may 1980-ci ild\u0259 do\u011fulub. O, Bak\u0131 D\u00f6vl\u0259t Universitetini bitirib. Daha sonra is\u0259 Az\u0259rbaycan Respublikas\u0131 Prezidenti yan\u0131nda D\u00f6vl\u0259t \u0130dar\u0259\u00e7ilik&hellip;<\/p>\n","protected":false},"author":2,"featured_media":102270,"comment_status":"closed","ping_status":"closed","sticky":false,"template":"","format":"standard","meta":{"om_disable_all_campaigns":false,"_monsterinsights_skip_tracking":false,"_monsterinsights_sitenote_active":false,"_monsterinsights_sitenote_note":"","_monsterinsights_sitenote_category":0},"categories":[4],"tags":[],"aioseo_notices":[],"gutentor_comment":0,"rttpg_featured_image_url":{"full":["https:\/\/arantv.az\/wp-content\/uploads\/2019\/11\/sebine-eliyeva.jpg",620,389,false],"landscape":["https:\/\/arantv.az\/wp-content\/uploads\/2019\/11\/sebine-eliyeva.jpg",620,389,false],"portraits":["https:\/\/arantv.az\/wp-content\/uploads\/2019\/11\/sebine-eliyeva.jpg",620,389,false],"thumbnail":["https:\/\/arantv.az\/wp-content\/uploads\/2019\/11\/sebine-eliyeva-150x150.jpg",150,150,true],"medium":["https:\/\/arantv.az\/wp-content\/uploads\/2019\/11\/sebine-eliyeva-300x188.jpg",300,188,true],"large":["https:\/\/arantv.az\/wp-content\/uploads\/2019\/11\/sebine-eliyeva.jpg",620,389,false],"1536x1536":["https:\/\/arantv.az\/wp-content\/uploads\/2019\/11\/sebine-eliyeva.jpg",620,389,false],"2048x2048":["https:\/\/arantv.az\/wp-content\/uploads\/2019\/11\/sebine-eliyeva.jpg",620,389,false],"post-thumbnail":["https:\/\/arantv.az\/wp-content\/uploads\/2019\/11\/sebine-eliyeva-240x172.jpg",240,172,true],"advps-thumb-one":["https:\/\/arantv.az\/wp-content\/uploads\/2019\/11\/sebine-eliyeva.jpg",620,389,false]},"rttpg_author":{"display_name":"V\u00fcsal Rafiqo\u011flu","author_link":"https:\/\/arantv.az\/?author=2"},"rttpg_comment":0,"rttpg_category":"<a href=\"https:\/\/arantv.az\/?cat=4\" rel=\"category\">Siyas\u0259t<\/a>","rttpg_excerpt":"Bu g\u00fcn Milli M\u0259clisin iclas\u0131nda \u0130nsan h\u00fcquqlar\u0131 \u00fczr\u0259 m\u00fcv\u0259kkilin\u00a0(Ombudsman\u0131n) se\u00e7ilm\u0259si haqq\u0131nda m\u0259s\u0259l\u0259y\u0259 bax\u0131l\u0131b. ARANTV.AZ-\u0131n m\u0259lumat\u0131na g\u00f6r\u0259, ombudsmanl\u0131\u011fa \u00fc\u00e7 n\u0259f\u0259rin namiz\u0259dliyi m\u00fczakir\u0259y\u0259 \u00e7\u0131xar\u0131l\u0131b. M\u00fczakir\u0259l\u0259rd\u0259n sonra m\u0259s\u0259l\u0259 deputatlar\u0131n s\u0259sverm\u0259sin\u0259 \u00e7\u0131xar\u0131l\u0131b v\u0259 Konstitusiya M\u0259hk\u0259m\u0259si Aparat r\u0259hb\u0259rinin m\u00fcavini, Milli M\u0259clisin deputat\u0131 Siyavu\u015f Novruzovun h\u0259yat yolda\u015f\u0131 S\u0259bin\u0259 \u018fliyeva \u0130nsan H\u00fcquqlar\u0131 \u00fczr\u0259 M\u00fcv\u0259kkili se\u00e7ilib. Bel\u0259 ki, iclasda i\u015ftirak ed\u0259n deputatlardan 104&hellip;","_links":{"self":[{"href":"https:\/\/arantv.az\/index.php?rest_route=\/wp\/v2\/posts\/102269"}],"collection":[{"href":"https:\/\/arantv.az\/index.php?rest_route=\/wp\/v2\/posts"}],"about":[{"href":"https:\/\/arantv.az\/index.php?rest_route=\/wp\/v2\/types\/post"}],"author":[{"embeddable":true,"href":"https:\/\/arantv.az\/index.php?rest_route=\/wp\/v2\/users\/2"}],"replies":[{"embeddable":true,"href":"https:\/\/arantv.az\/index.php?rest_route=%2Fwp%2Fv2%2Fcomments&post=102269"}],"version-history":[{"count":0,"href":"https:\/\/arantv.az\/index.php?rest_route=\/wp\/v2\/posts\/102269\/revisions"}],"wp:featuredmedia":[{"embeddable":true,"href":"https:\/\/arantv.az\/index.php?rest_route=\/wp\/v2\/media\/102270"}],"wp:attachment":[{"href":"https:\/\/arantv.az\/index.php?rest_route=%2Fwp%2Fv2%2Fmedia&parent=102269"}],"wp:term":[{"taxonomy":"category","embeddable":true,"href":"https:\/\/arantv.az\/index.php?rest_route=%2Fwp%2Fv2%2Fcategories&post=102269"},{"taxonomy":"post_tag","embeddable":true,"href":"https:\/\/arantv.az\/index.php?rest_route=%2Fwp%2Fv2%2Ftags&post=102269"}],"curies":[{"name":"wp","href":"https:\/\/api.w.org\/{rel}","templated":true}]}}