{"id":102337,"date":"2019-11-29T14:41:19","date_gmt":"2019-11-29T11:41:19","guid":{"rendered":"http:\/\/arantv.az\/?p=102337"},"modified":"2019-11-29T14:41:19","modified_gmt":"2019-11-29T11:41:19","slug":"mehriban-%c9%99liyevanin-agf-prezidenti-kimi-17-illik-f%c9%99aliyy%c9%99ti-dunya-idmani-ucun-numun%c9%99dir-r%c9%99y-video","status":"publish","type":"post","link":"https:\/\/arantv.az\/?p=102337","title":{"rendered":"Mehriban \u018fliyevan\u0131n AGF prezidenti kimi 17 illik f\u0259aliyy\u0259ti d\u00fcnya idman\u0131 \u00fc\u00e7\u00fcn n\u00fcmun\u0259dir &#8211; R\u018fY &#8211; V\u0130DEO"},"content":{"rendered":"<p>Az\u0259rbaycan Respublikas\u0131n\u0131n Birinci vitse-prezidenti Mehriban \u018fliyeva Rusiyaya r\u0259smi s\u0259f\u0259ri zaman\u0131 idman m\u0259s\u0259l\u0259l\u0259rini d\u0259 diqq\u0259t m\u0259rk\u0259zind\u0259 saxlad\u0131. Birinci vitse-prezident noyabr\u0131n 21-d\u0259 \u201cLujniki\u201d Olimpiya Kompleksind\u0259 \u00dcmumrusiya B\u0259dii Gimnastika Federasiyas\u0131n\u0131n prezidenti \u0130rina Viner-Usmanovan\u0131n Gimnastika M\u0259rk\u0259zi il\u0259 tan\u0131\u015f oldu.<\/p>\n<p>Onu \u201cLujniki\u201d Olimpiya Kompleksind\u0259 \u0130rina Viner-Usmanova qar\u015f\u0131lad\u0131. Mehriban \u018fliyeva v\u0259 \u00dcmumrusiya B\u0259dii Gimnastika Federasiyas\u0131n\u0131n prezidenti \u0130rina Viner-Usmanova \u00e7ay masas\u0131 arxas\u0131nda s\u00f6hb\u0259t etdil\u0259r. Birinci vitse-prezident \u0130rina Viner-Usmanovaya g\u0259l\u0259c\u0259k f\u0259aliyy\u0259tind\u0259 yeni-yeni u\u011furlar arzulad\u0131. Sonda Mehriban \u018fliyevaya xatir\u0259 h\u0259diyy\u0259si t\u0259qdim olundu.<\/p>\n<p>\u0130rina Viner-Usmanovan\u0131n Gimnastika M\u0259rk\u0259zi il\u0259 tan\u0131\u015fl\u0131q he\u00e7 d\u0259 t\u0259sad\u00fcfi deyildi. Mehriban \u018fliyeva art\u0131q 17 ildir Az\u0259rbaycan Gimnastika Federasiyas\u0131n\u0131n (AGF) prezidentidir. Bu, Birinci vitse-prezidentin ilk ictimai v\u0259zif\u0259l\u0259rind\u0259n biri kimi z\u0259ngin karyeras\u0131nda x\u00fcsusi yeri tutur. \u0130rina Viner-Usmanovan\u0131n is\u0259 \u00f6lk\u0259l\u0259rimiz aras\u0131nda idman v\u0259 \u00fcmumilikd\u0259 dostluq \u0259laq\u0259l\u0259rinin inki\u015faf\u0131nda x\u00fcsusi rolu var. Az\u0259rbaycan Respublikas\u0131 Prezidentinin S\u0259r\u0259ncam\u0131 il\u0259 Az\u0259rbaycan v\u0259 Rusiya aras\u0131nda idman sah\u0259sind\u0259 \u0259laq\u0259l\u0259rin m\u00f6hk\u0259ml\u0259ndirilm\u0259sind\u0259 xidm\u0259tl\u0259rin\u0259 g\u00f6r\u0259 \u0130rina Viner-Usmanova \u201cDostluq\u201d ordeni il\u0259 t\u0259ltif edilib.<\/p>\n<p><img class=\"imgbcodecent\" src=\"https:\/\/upload.az\/foto\/arxiv\/1_11575026435.jpg\" alt=\"Mehriban \u018fliyevan\u0131n AGF prezidenti kimi 17 illik f\u0259aliyy\u0259ti d\u00fcnya idman\u0131 \u00fc\u00e7\u00fcn n\u00fcmun\u0259dir - R\u018fY - V\u0130DEO\" \/><br \/>\nMariana Vasileva: &#8220;Mehriban xan\u0131m\u0131n d\u0259st\u0259yi say\u0259sind\u0259 gimnastika h\u0259r g\u00fcn ir\u0259li gedir&#8221;<\/p>\n<p>AGF \u0130cra Komit\u0259sinin \u00fczv\u00fc v\u0259 b\u0259dii gimnastika \u00fczr\u0259 Az\u0259rbaycan milli komandas\u0131n\u0131n ba\u015f m\u0259\u015fq\u00e7isi Mariana Vasilevan\u0131n fikrinc\u0259, Kompleksin qap\u0131lar\u0131n\u0131 a\u00e7araq, Az\u0259rbaycan\u0131n Birinci vitse-prezidentin\u0259 g\u00f6st\u0259rm\u0259si \u0130rina Viner-Usmanova \u00fc\u00e7\u00fcn b\u00f6y\u00fck \u015f\u0259r\u0259fdir: &#8220;M\u0259nim d\u0259 bu kompleksi g\u00f6rm\u0259k imkan\u0131m olub. 19 &#8211; 21 iyulda g\u0259ncl\u0259r aras\u0131nda ilk D\u00fcnya \u00c7empionat\u0131 m\u0259hz bu idman qur\u011fusunda ke\u00e7irilmi\u015fdi. H\u0259min vaxt Az\u0259rbaycan y\u0131\u011fmas\u0131 61 \u00f6lk\u0259 aras\u0131nda komanda hesab\u0131nda 5-ci yeri tutmu\u015f, Arzu C\u0259lilova is\u0259 bir g\u00fcm\u00fc\u015f v\u0259 bir b\u00fcr\u00fcnc medal qazanm\u0131\u015fd\u0131. Kompleksin qap\u0131lar\u0131n\u0131 a\u00e7araq, federasiyam\u0131z\u0131n prezidentin\u0259 g\u00f6st\u0259rm\u0259yin \u0130rina Viner-Usmanova \u00fc\u00e7\u00fcn b\u00f6y\u00fck \u015f\u0259r\u0259f oldu\u011funu d\u00fc\u015f\u00fcn\u00fcr\u0259m. \u00c7\u00fcnki d\u00fcnyada ilk d\u0259f\u0259 bel\u0259 bir kompleks m\u0259hz Az\u0259rbaycanda Mehriban xan\u0131m \u018fliyevan\u0131n t\u0259\u015f\u0259bb\u00fcs\u00fc v\u0259 d\u00f6vl\u0259timizin ba\u015f\u00e7\u0131s\u0131 \u0130lham \u018fliyevin say\u0259sind\u0259 in\u015fa olunub. Hesab edir\u0259m ki, Mehriban \u018fliyeva v\u0259 \u00f6lk\u0259 r\u0259hb\u0259rliyi say\u0259sind\u0259 gimnastika t\u0259kc\u0259 Az\u0259rbaycanda deyil, b\u00fct\u00f6vl\u00fckd\u0259 d\u00fcnya miqyas\u0131nda inki\u015faf edir. Gimnastikan\u0131n Az\u0259rbaycanda d\u00fczg\u00fcn v\u0259 \u0259sasl\u0131 \u015f\u0259kild\u0259 inki\u015faf\u0131 bu idman n\u00f6v\u00fc \u00fczr\u0259 ixtisasla\u015fm\u0131\u015f qur\u011funun tikintisin\u0259 ehtiyac yarad\u0131b. C\u0259sar\u0259tl\u0259 dey\u0259 bil\u0259r\u0259m ki, Milli Gimnastika Arenas\u0131n\u0131n tikintisi dig\u0259r \u00f6lk\u0259l\u0259rd\u0259 d\u0259 bel\u0259 bir idman qur\u011fular\u0131n\u0131n tezlikl\u0259 in\u015fas\u0131na t\u0259kan verib. Bel\u0259 bir idman qur\u011fusunun tikintisi dig\u0259r \u00f6lk\u0259l\u0259r \u00fc\u00e7\u00fcn yax\u015f\u0131 bir n\u00fcmun\u0259 olub. Rusiya il\u0259 yana\u015f\u0131, Belarus v\u0259 Qazax\u0131standa da bu c\u00fcr idman qur\u011fular\u0131 in\u015fa olunub.<br \/>\n<img class=\"imgbcodecent\" src=\"https:\/\/upload.az\/foto\/arxiv\/2_31575026456.jpg\" alt=\"Mehriban \u018fliyevan\u0131n AGF prezidenti kimi 17 illik f\u0259aliyy\u0259ti d\u00fcnya idman\u0131 \u00fc\u00e7\u00fcn n\u00fcmun\u0259dir - R\u018fY - V\u0130DEO\" \/><br \/>\n10 ild\u0259n \u00e7oxdur b\u0259dii gimnastika \u00fczr\u0259 milliy\u0259 r\u0259hb\u0259rlik ed\u0259n bolqar\u0131stanl\u0131 m\u00fct\u0259x\u0259ssis bildirib ki, M.\u018fliyevan\u0131n i\u015fl\u0259rinin \u00e7oxlu\u011funa baxmayaraq, gimnastikan\u0131 da daim diqq\u0259td\u0259 saxlamas\u0131 n\u0259tic\u0259sind\u0259 bir sistem formala\u015f\u0131b: &#8220;Mehriban xan\u0131m insanlara nec\u0259 i\u015fl\u0259m\u0259yin laz\u0131m oldu\u011funu g\u00f6st\u0259r\u0259 bilir. O, 2002-ci ild\u0259n AGF-nin prezidentidir. \u018flb\u0259tt\u0259, o, \u00f6z\u00fc \u00e7ox m\u0259\u015f\u011fuldur, fiziki olaraq daim gimnastlar\u0131n yan\u0131nda olmaq imkan\u0131 yoxdur. Lakin Mehriban xan\u0131m biz\u0259 b\u00fct\u00fcn planlar\u0131m\u0131z\u0131 h\u0259yata ke\u00e7irm\u0259k imkan\u0131 verir. M\u0259hz onun d\u0259st\u0259yi say\u0259sind\u0259 gimnastika h\u0259r g\u00fcn ir\u0259li gedir. \u018fks halda, bu, m\u00fcmk\u00fcn deyil. Bunu birinci d\u0259f\u0259 demir\u0259m, h\u0259r d\u0259f\u0259 t\u0259krar ed\u0259c\u0259y\u0259m: \u00d6n\u0259mli m\u0259s\u0259l\u0259 m\u0259n\u0259vi d\u0259st\u0259kdir. B\u0259zil\u0259ri el\u0259 d\u00fc\u015f\u00fcn\u00fcr ki, maliyy\u0259 d\u0259st\u0259yi varsa, h\u0259r \u015fey tezlikl\u0259 h\u0259yata ke\u00e7\u0259c\u0259k. Xeyr, bu, bel\u0259 deyil. Mehriban xan\u0131m h\u0259l\u0259 2009-cu ild\u0259 demi\u015fdi: &#8220;M\u0259n \u00f6lk\u0259d\u0259 gimnastika \u00fczr\u0259 sistem qurma\u011f\u0131n\u0131z\u0131 ist\u0259rdim&#8221;. Sisteml\u0259 n\u0259tic\u0259 aras\u0131nda b\u00f6y\u00fck f\u0259rq var. \u0130nsanlar bu f\u0259rqi \u00e7ox vaxt anlam\u0131r, yaln\u0131z n\u0259tic\u0259l\u0259r \u0259sas\u0131nda m\u00fchakim\u0259 y\u00fcr\u00fcd\u00fcrl\u0259r. Sevindirici hald\u0131r ki, b\u0259dii gimnastika n\u00f6v\u00fcnd\u0259 t\u0259kc\u0259 sistem deyil, yax\u015f\u0131 n\u0259tic\u0259l\u0259rimiz d\u0259 var. Biz bu sistemi onun d\u0259st\u0259yi v\u0259 inam\u0131 say\u0259sind\u0259 qurmu\u015fuq&#8221;.<\/p>\n<p>&#8220;Biz d\u00fcnya miqyas\u0131nda ilk &#8220;5-lik&#8221;d\u0259yik&#8221;<\/p>\n<p>AGF \u0130cra Komit\u0259sinin \u00fczv\u00fc art\u0131q Az\u0259rbaycan gimnastlar\u0131n\u0131n n\u0259tic\u0259l\u0259r verm\u0259y\u0259 ba\u015flad\u0131qlar\u0131n\u0131 vur\u011fulay\u0131b. Bu bax\u0131mdan, M.Vasileva 2014-c\u00fc ild\u0259 in\u015fa edilmi\u015f Milli Gimnastika Arenas\u0131n\u0131n (MGA) rolunu x\u00fcsusi qeyd edib: &#8220;Bu kompleks t\u0259kc\u0259 nailiyy\u0259tl\u0259rimizin yox, sistemin m\u00f6vcudlu\u011fu say\u0259sind\u0259 in\u015fa olunub. Bel\u0259 bir idman qur\u011fusunun tikintisin\u0259 g\u0259r\u0259k var idi. \u00c7ox \u015fadam ki, 2020-ci il Tokio Yay Olimpiya Oyunlar\u0131na 2 lisenziyan\u0131 m\u0259hz son zamanlar Az\u0259rbaycanda formala\u015fm\u0131\u015f b\u0259dii gimnastika m\u0259kt\u0259binin yetirm\u0259l\u0259ri &#8211; Z\u00f6hr\u0259 A\u011famirova v\u0259 qrup h\u0259r\u0259k\u0259tl\u0259ri \u00fczr\u0259 komanda qazan\u0131b. \u0130nsanlar\u0131 \u00f6yr\u0259tm\u0259k laz\u0131md\u0131r. \u00c7oxlar\u0131 n\u0259tic\u0259l\u0259ri Rusiya, Belarus, Bolqar\u0131stan, Ukrayna v\u0259 \u0130taliya gimnastlar\u0131n\u0131n g\u00f6st\u0259ricil\u0259ri il\u0259 m\u00fcqayis\u0259 edirl\u0259r. Bel\u0259 m\u00fcqayis\u0259 bir q\u0259d\u0259r d\u00fczg\u00fcn deyil. \u00c7\u00fcnki Az\u0259rbaycan\u0131n gimnastikada bu \u00f6lk\u0259l\u0259r q\u0259d\u0259r \u0259n\u0259n\u0259si olmay\u0131b. Az\u0259rbaycan h\u0259l\u0259 n\u0259tic\u0259l\u0259r g\u00f6st\u0259rm\u0259y\u0259 ba\u015flay\u0131r. Bununla bel\u0259, biz d\u00fcnya miqyas\u0131nda ilk &#8220;5-lik&#8221;d\u0259yik. Bel\u0259 nailiyy\u0259t\u0259 g\u00f6r\u0259 idman\u00e7\u0131lar v\u0259 m\u0259\u015fq\u00e7il\u0259rin i\u015fini vur\u011fulamaq laz\u0131md\u0131r. B\u0259dii gimnastika da \u00e7ox m\u0259qs\u0259d\u0259uy\u011fun formada inki\u015faf edir v\u0259 ist\u0259diyimiz\u0259 nail oluruq. D\u0259st\u0259k olmadan buna \u00e7atmaq m\u00fcmk\u00fcn deyildi&#8221;.<\/p>\n<p><img class=\"imgbcodecent\" src=\"https:\/\/upload.az\/foto\/arxiv\/3_31575026477.jpg\" alt=\"Mehriban \u018fliyevan\u0131n AGF prezidenti kimi 17 illik f\u0259aliyy\u0259ti d\u00fcnya idman\u0131 \u00fc\u00e7\u00fcn n\u00fcmun\u0259dir - R\u018fY - V\u0130DEO\" \/><br \/>\nAz\u0259rbaycan b\u0259dii gimnast\u0131 Z\u00f6hr\u0259 A\u011famirova v\u0259 qrup komandas\u0131 Tokio-2020 XXXII Yay Olimpiya Oyunlar\u0131na lisenziyan\u0131 sentyabrda Bak\u0131da ke\u00e7irilmi\u015f D\u00fcnya \u00c7empionat\u0131nda qazan\u0131b.<\/p>\n<p>B\u0259dii gimnastlar\u0131n ard\u0131nca ki\u015fi v\u0259 qad\u0131n idman gimnastlar\u0131 da Tokio-2020 Yay Olimpiya Oyunlar\u0131na lisenziya qazan\u0131blar. 4 &#8211; 13 oktyabrda Almaniyan\u0131n \u015etutqart \u015f\u0259h\u0259rind\u0259 ke\u00e7irilmi\u015f D\u00fcnya \u00c7empionat\u0131nda qad\u0131n idman gimnasti Marina Nekrasova v\u0259 ki\u015fi idman gimnast\u0131 \u0130van Tixonov \u00e7oxn\u00f6v\u00e7\u00fcl\u00fck \u00fczr\u0259 t\u0259snifat m\u0259rh\u0259l\u0259l\u0259rind\u0259 yet\u0259rli xal toplayaraq, olimpiadaya v\u0259siq\u0259ni t\u0259min edibl\u0259r. Nekrasovan\u0131n \u0259ld\u0259 etdiyi lisenziya Az\u0259rbaycan\u0131n qad\u0131n idman gimnastikas\u0131 tarixind\u0259 bir ilkdir. O, olimpiadada bu n\u00f6v \u00fczr\u0259 ilk d\u0259f\u0259 Yaponiya paytaxt\u0131nda m\u00fcbariz\u0259 aparacaq.<\/p>\n<p>2020-ci ild\u0259 Az\u0259rbaycanda gimnastika n\u00f6vl\u0259ri \u00fczr\u0259 8 beyn\u0259lxalq yar\u0131\u015f ke\u00e7iril\u0259c\u0259k<\/p>\n<p>M.Vasilevan\u0131n s\u00f6zl\u0259rin\u0259 g\u00f6r\u0259, lisenziyalar\u0131n t\u0259kc\u0259 b\u0259dii gimnastikada yox, idman gimnastikas\u0131nda da qazan\u0131lmas\u0131 bir ilin yox, ill\u0259rin birg\u0259 \u0259m\u0259yinin n\u0259tic\u0259sidir: &#8220;\u0130lk idman\u00e7\u0131lar\u0131m\u0131z \u00e7\u0131x\u0131\u015f etm\u0259y\u0259 ba\u015flayanda Avropa \u00e7empionat\u0131ndan medallar g\u0259tirirdik. Buna \u00e7ox \u015fadam. \u00c7al\u0131\u015fd\u0131\u011f\u0131m m\u00fcdd\u0259tin 9 ilind\u0259 qit\u0259 \u00e7empionatlar\u0131ndan medallarla qay\u0131tm\u0131\u015f\u0131q. N\u0259 q\u0259d\u0259r yerli idman\u00e7\u0131n\u0131n n\u0259tic\u0259 verdiyini t\u0259s\u0259vv\u00fcr edin. \u0130st\u0259r f\u0259rdi, ist\u0259rs\u0259 5 b\u0259dii gimnastdan ibar\u0259t olan qrup h\u0259r\u0259k\u0259tl\u0259rind\u0259 ill\u0259rl\u0259 medallar qazanm\u0131\u015f\u0131q. Amma \u0259sas m\u0259s\u0259l\u0259 n\u0259tic\u0259 yox, bu idman\u00e7\u0131lar v\u0259 ilk m\u0259\u015fq\u00e7il\u0259rin sonrak\u0131 n\u0259sill\u0259r\u0259 yol a\u00e7malar\u0131d\u0131r. Art\u0131q yeni n\u0259sil \u00fc\u00e7\u00fcn n\u0259tic\u0259 g\u00f6st\u0259rm\u0259k nisb\u0259t\u0259n asand\u0131r, \u00e7\u00fcnki n\u00fcmun\u0259 g\u00f6t\u00fcrm\u0259y\u0259 kims\u0259 var. Hakiml\u0259r yerli gimnastlar\u0131n n\u0259y\u0259 qadir olduqlar\u0131n\u0131 bilirl\u0259r. Art\u0131q bu, qanunauy\u011funluqdur v\u0259 bel\u0259 d\u0259 olmal\u0131 idi. Amma olmaya da bil\u0259rdi. \u00c7\u00fcnki bu, idmand\u0131r. He\u00e7 d\u0259 h\u0259r zaman g\u00f6zl\u0259ntil\u0259rimiz al\u0131nm\u0131r. \u0130st\u0259nil\u0259n pe\u015f\u0259kar idman n\u00f6v\u00fcnd\u0259 z\u0259d\u0259 t\u0259hl\u00fck\u0259si var. \u0130deal haz\u0131rla\u015fd\u0131\u011f\u0131n halda, el\u0259 s\u0259hv ed\u0259 bil\u0259rs\u0259n ki&#8230; Nec\u0259 ki, G\u00fcrc\u00fcstan\u0131n titullu b\u0259dii gimnast\u0131, olimpiada i\u015ftirak\u00e7\u0131s\u0131 Salome Pajava Bak\u0131dak\u0131 d\u00fcnya \u00e7empionat\u0131nda lisenziyaya \u00e7ox yax\u0131n oldu\u011fu halda, g\u00fcrzl\u0259 h\u0259r\u0259k\u0259t zaman\u0131 son saniy\u0259l\u0259rd\u0259 s\u0259hv\u0259 yolverdi. G\u00fcrzl\u0259rini yer\u0259 salmas\u0131 \u00fcz\u00fcnd\u0259n o, mundialda &#8220;Tokio-2020&#8243;y\u0259 lisenziya qazana bilm\u0259di. \u0130ndi Pajava 2020-ci ild\u0259 son \u015fans\u0131ndan yararlanma\u011fa \u00e7al\u0131\u015fmal\u0131d\u0131r v\u0259 \u00fcmid edir\u0259m ki, m\u0259qs\u0259din\u0259 \u00e7atacaq. Bizim bu lisenziyalar\u0131 qazanma\u011f\u0131m\u0131z is\u0259 qanunauy\u011funluqdur v\u0259 buna \u00e7ox \u015fad\u0131q. \u0130ndi m\u0259qs\u0259dimiz olimpiadada layiqinc\u0259 \u00e7\u0131x\u0131\u015f ed\u0259r\u0259k, h\u0259m f\u0259rdi, h\u0259m d\u0259 qrup h\u0259r\u0259k\u0259tl\u0259ri \u00fczr\u0259 finala y\u00fcks\u0259lm\u0259kdir. Finalda is\u0259 h\u0259r \u015fey m\u00fcmk\u00fcnd\u00fcr. Medal bar\u0259d\u0259 is\u0259 he\u00e7 vaxt d\u00fc\u015f\u00fcnm\u00fcr\u0259m. Sad\u0259c\u0259, medal qazanmaq ist\u0259yir\u0259m. \u00c7\u00fcnki medal he\u00e7 vaxt h\u0259diyy\u0259 olunmur, \u00f6z\u00fcn qazan\u0131rsan. \u0130dman\u00e7\u0131n\u0131n, federasiyan\u0131n \u0259m\u0259yi, \u00f6lk\u0259ni t\u0259msil ed\u0259c\u0259k hakiml\u0259rin, publikan\u0131n say\u0259sind\u0259&#8221;.<\/p>\n<p><img class=\"imgbcodecent\" src=\"https:\/\/upload.az\/foto\/arxiv\/4_71575026500.jpg\" alt=\"Mehriban \u018fliyevan\u0131n AGF prezidenti kimi 17 illik f\u0259aliyy\u0259ti d\u00fcnya idman\u0131 \u00fc\u00e7\u00fcn n\u00fcmun\u0259dir - R\u018fY - V\u0130DEO\" \/><\/p>\n<p>\u00d6t\u0259n il Milli Gimnastika Arenas\u0131nda 3 D\u00fcnya Kuboku, 1 D\u00fcnya v\u0259 2 Avropa \u00c7empionat\u0131 ke\u00e7irilib. Bunlar batut gimnastikas\u0131 v\u0259 tamblinq \u00fczr\u0259 D\u00fcnya Kuboku, idman gimnastikas\u0131 \u00fczr\u0259 D\u00fcnya Kuboku, b\u0259dii gimnastika \u00fczr\u0259 D\u00fcnya v\u0259 Avropa \u00e7empionat\u0131, D\u00fcnya Kuboku v\u0259 aerobika gimnastikas\u0131 \u00fczr\u0259 Avropa \u00e7empionat\u0131d\u0131r. H\u0259m\u00e7inin Bak\u0131-2019 Avropa G\u0259ncl\u0259r Olimpiya Festival\u0131 \u00e7\u0259r\u00e7iv\u0259sind\u0259 idman gimnastikas\u0131 \u00fczr\u0259 yar\u0131\u015flar v\u0259 \u201cAGFJunior Trophy\u201d beyn\u0259lxalq turniri d\u0259 bu arenada t\u0259\u015fkil olunub.<\/p>\n<p>AGF \u00fc\u00e7\u00fcn 2020-ci t\u0259qvim ili d\u0259 beyn\u0259lxalq t\u0259dbirl\u0259rl\u0259 z\u0259ngin olacaq. Bak\u0131da D\u00fcnya v\u0259 Avropa \u00e7empionatlar\u0131 da daxil olmaqla, 8 beyn\u0259lxalq yar\u0131\u015f t\u0259\u015fkil edil\u0259c\u0259k.<\/p>\n<p>&#8220;\u00c7ox \u015fadam ki, Mehriban xan\u0131m Prezident \u0130lham \u018fliyevl\u0259 birlikd\u0259 b\u0259dii gimnastika \u00fczr\u0259 D\u00fcnya \u00c7empionat\u0131n\u0131n a\u00e7\u0131l\u0131\u015f m\u0259rasimin\u0259 qat\u0131la bildi. Onlar\u0131n tezlikl\u0259 yenid\u0259n biziml\u0259 olacaqlar\u0131na \u00fcmid edir\u0259m. \u00c7\u00fcnki 2020-ci ild\u0259 olimpiadaya lisenziya xarakterli batut, idman gimnastikas\u0131 v\u0259 b\u0259dii gimnastika \u00fczr\u0259 3 D\u00fcnya Kubokuna da ev sahibliyi ed\u0259c\u0259yik. Habel\u0259, Bak\u0131da ilk d\u0259f\u0259 aerobika gimnastikas\u0131 \u00fczr\u0259 D\u00fcnya \u00c7empionat\u0131 v\u0259 ki\u015fil\u0259r aras\u0131nda idman gimnastikas\u0131 \u00fczr\u0259 Avropa \u00e7empionat\u0131 ke\u00e7iril\u0259c\u0259k. \u00dcmumilikd\u0259 is\u0259 g\u0259l\u0259n il Milli Gimnastika Arenas\u0131nda 8 beyn\u0259lxalq yar\u0131\u015f t\u0259\u015fkil olunacaq&#8221; dey\u0259 ba\u015f m\u0259\u015fq\u00e7i vur\u011fulay\u0131b.<\/p>\n<p><img class=\"imgbcodecent\" src=\"https:\/\/upload.az\/foto\/arxiv\/6_11575026519.jpg\" alt=\"Mehriban \u018fliyevan\u0131n AGF prezidenti kimi 17 illik f\u0259aliyy\u0259ti d\u00fcnya idman\u0131 \u00fc\u00e7\u00fcn n\u00fcmun\u0259dir - R\u018fY - V\u0130DEO\" \/><br \/>\nAz\u0259rbaycan\u0131n d\u00fcnyaya tan\u0131d\u0131lmas\u0131nda gimnastikan\u0131n rolu<\/p>\n<p>Beyn\u0259lxalq miqyasl\u0131 f\u0259aliyy\u0259tin daha bir istiqam\u0259ti is\u0259 Az\u0259rbaycan\u0131n m\u00f6vqeyinin g\u00fccl\u0259ndirilm\u0259sin\u0259 y\u00f6n\u0259lib. Bu bax\u0131mdan, AGF-nin sabiq ba\u015f katibi F\u0259rid Qay\u0131bovun 2017-ci il dekabr\u0131n 2-d\u0259 Avropa Gimnastika \u0130ttifaq\u0131n\u0131n prezidenti se\u00e7ilm\u0259si d\u0259 tarixi nailiyy\u0259t kimi d\u0259y\u0259rl\u0259ndirilm\u0259lidir. M.Vasileva bu hadis\u0259ni Az\u0259rbaycan\u0131n b\u00f6y\u00fck u\u011furu adland\u0131r\u0131b: &#8220;F\u0259rid Qay\u0131bov idman tarixind\u0259 Avropada bel\u0259 m\u00f6vqeni tutan ilk az\u0259rbaycanl\u0131d\u0131r. Az\u0259rbaycan F\u0259rid Qay\u0131bovun \u00f6lk\u0259sidir, onun ad\u0131 h\u0259mi\u015f\u0259 \u00f6lk\u0259mizl\u0259 ba\u011fl\u0131 olacaq. Bu m\u0259qam\u0131n \u00f6z\u00fc n\u0259inki gimnastika, \u00fcmumilikd\u0259 qit\u0259 idman\u0131nda b\u00f6y\u00fck rol oynay\u0131r. \u00c7\u00fcnki Qay\u0131bovu bir prezident kimi m\u00fcxt\u0259lif n\u00fcfuzlu beyn\u0259lxalq forumlara tez-tez d\u0259v\u0259t edirl\u0259r. Hesab edir\u0259m ki, bu, Az\u0259rbaycan \u00fc\u00e7\u00fcn b\u00f6y\u00fck u\u011furdur. Az\u0259rbaycan ist\u0259nil\u0259n beyn\u0259lxalq qurumda i\u015ftirak etdikc\u0259 daha da g\u00fccl\u0259nir. Fikrimc\u0259, m\u0259hz Mehriban xan\u0131m \u018fliyeva ham\u0131ya Avropada hans\u0131sa bir m\u00f6vqeyi tutmaq \u00fc\u00e7\u00fcn \u00e7al\u0131\u015fmaqda n\u00fcmun\u0259 olub. Mehriban xan\u0131m\u0131n biz\u0259 verdiyi \u00f6rn\u0259k bizi onun ard\u0131nca apar\u0131r. Bu bax\u0131mdan, F\u0259rid Qay\u0131bovun bel\u0259 y\u00fcks\u0259k v\u0259zif\u0259y\u0259 se\u00e7ilm\u0259si t\u0259sad\u00fcfi deyil&#8221;.<\/p>\n<p>AGF \u0130craiyy\u0259 Komit\u0259sinin daha bir \u00fczv\u00fc, Milli M\u0259clisin deputat\u0131 Rauf \u018fliyev is\u0259 &#8220;Report&#8221;a a\u00e7\u0131qlamas\u0131nda bildirib ki, gimnastika sah\u0259sind\u0259 \u0259ld\u0259 olunan u\u011furlar Az\u0259rbaycan\u0131n Birinci vitse-prezidenti, AGF prezidenti Mehriban xan\u0131m \u018fliyevan\u0131n ad\u0131 il\u0259 ba\u011fl\u0131d\u0131r: &#8220;Mehriban xan\u0131m \u018fliyevan\u0131n diqq\u0259t v\u0259 qay\u011f\u0131s\u0131 n\u0259tic\u0259sind\u0259 respublikam\u0131zda idman\u0131n bu n\u00f6v\u00fc \u00fc\u00e7\u00fcn laz\u0131m olan, d\u00fcnya standartlar\u0131na cavab ver\u0259n maddi-texniki baza yarad\u0131l\u0131b v\u0259 Az\u0259rbaycanda gimnastika s\u00fcr\u0259tl\u0259 inki\u015faf edib. Az\u0259rbaycan gimnastlar\u0131 i\u015ftirak etdikl\u0259ri yar\u0131\u015flarda y\u00fcks\u0259k n\u0259tic\u0259l\u0259r \u0259ld\u0259 edirl\u0259r. 16 &#8211; 22 sentyabrda Milli Gimnastika Arenas\u0131nda ke\u00e7irilmi\u015f b\u0259dii gimnastika \u00fczr\u0259 37-ci D\u00fcnya \u00c7empionat\u0131 AGF prezidenti Mehriban xan\u0131m \u018fliyevan\u0131n r\u0259hb\u0259rliyi il\u0259 \u00e7ox y\u00fcks\u0259k s\u0259viyy\u0259d\u0259 t\u0259\u015fkil olunmu\u015fdu. Gimnastlar\u0131m\u0131z bu \u00e7empionatda u\u011furla \u00e7\u0131x\u0131\u015f ed\u0259r\u0259k XXXII Yay Olimpiya Oyunlar\u0131na lisenziyalar qazand\u0131lar. \u0130nan\u0131r\u0131q ki, gimnastlar\u0131m\u0131z bundan sonra da n\u00fcfuzlu yar\u0131\u015flarda u\u011furla i\u015ftirak ed\u0259c\u0259k v\u0259 &#8220;Tokio 2020&#8243;d\u0259 Az\u0259rbaycan\u0131 y\u00fcks\u0259k s\u0259viyy\u0259d\u0259 t\u0259msil ed\u0259c\u0259kl\u0259r&#8221;.<\/p>\n<p>R.\u018fliyevin s\u00f6zl\u0259rin\u0259 g\u00f6r\u0259, b\u0259dii gimnastika \u00fczr\u0259 D\u00fcnya \u00c7empionat\u0131 Az\u0259rbaycan art\u0131q m\u00fcxt\u0259lif idman n\u00f6vl\u0259ri \u00fczr\u0259 D\u00fcnya v\u0259 Avropa \u00e7empionatlar\u0131n\u0131n, dig\u0259r beyn\u0259lxalq idman t\u0259dbirl\u0259rinin ke\u00e7irildiyi idman \u00f6lk\u0259sin\u0259 \u00e7evrildiyini bir daha n\u00fcmayi\u015f etdirib: &#8220;Az\u0259rbaycan &#8220;Bak\u0131 2015&#8221; I Avropa Oyunlar\u0131, &#8220;Bak\u0131 2017&#8243; IV \u0130slam H\u0259mr\u0259yliyi Oyunlar\u0131na, \u201cFormula 1\u201d\u0259, UEFA Avropa Liqas\u0131n\u0131n final mat\u00e7\u0131na ev sahibliyi edib. G\u0259l\u0259n il AVRO-2020-nin qrup m\u0259rh\u0259l\u0259sinin 3, 1\/4 final m\u0259rh\u0259l\u0259sinin 1 oyunu Bak\u0131da t\u0259\u015fkil olunacaq. B\u00fct\u00fcn bunlar Az\u0259rbaycan\u0131n u\u011furlar\u0131d\u0131r v\u0259 eyni zamanda Az\u0259rbaycan\u0131n d\u00fcnyada t\u0259bli\u011f olunmas\u0131nda b\u00f6y\u00fck rol oynay\u0131r&#8221;.<\/p>\n<div class=\"embed-responsive embed-responsive-16by9\"><iframe loading=\"lazy\" id=\"nmqembedid\" class=\"embed-responsive-item\" title=\"video player\" src=\"https:\/\/izle.az\/embed\/qyyxLYpyqUhxjrD09ioHAA~~\" width=\"600\" height=\"340\" frameborder=\"0\" scrolling=\"no\" allowfullscreen=\"allowfullscreen\" data-mce-fragment=\"1\"><\/iframe><\/div>\n<p>&nbsp;<\/p>\n","protected":false},"excerpt":{"rendered":"<p>Az\u0259rbaycan Respublikas\u0131n\u0131n Birinci vitse-prezidenti Mehriban \u018fliyeva Rusiyaya r\u0259smi s\u0259f\u0259ri zaman\u0131 idman m\u0259s\u0259l\u0259l\u0259rini d\u0259 diqq\u0259t m\u0259rk\u0259zind\u0259 saxlad\u0131. Birinci vitse-prezident noyabr\u0131n 21-d\u0259 \u201cLujniki\u201d Olimpiya Kompleksind\u0259 \u00dcmumrusiya B\u0259dii Gimnastika Federasiyas\u0131n\u0131n prezidenti \u0130rina Viner-Usmanovan\u0131n Gimnastika M\u0259rk\u0259zi il\u0259 tan\u0131\u015f oldu. Onu \u201cLujniki\u201d Olimpiya Kompleksind\u0259 \u0130rina Viner-Usmanova qar\u015f\u0131lad\u0131. Mehriban \u018fliyeva v\u0259 \u00dcmumrusiya B\u0259dii Gimnastika Federasiyas\u0131n\u0131n prezidenti \u0130rina Viner-Usmanova \u00e7ay masas\u0131 arxas\u0131nda s\u00f6hb\u0259t etdil\u0259r. Birinci vitse-prezident \u0130rina Viner-Usmanovaya g\u0259l\u0259c\u0259k f\u0259aliyy\u0259tind\u0259 yeni-yeni u\u011furlar arzulad\u0131. Sonda Mehriban \u018fliyevaya xatir\u0259 h\u0259diyy\u0259si t\u0259qdim olundu. \u0130rina Viner-Usmanovan\u0131n Gimnastika M\u0259rk\u0259zi il\u0259 tan\u0131\u015fl\u0131q he\u00e7 d\u0259 t\u0259sad\u00fcfi deyildi. Mehriban \u018fliyeva art\u0131q 17 ildir Az\u0259rbaycan Gimnastika&hellip;<\/p>\n","protected":false},"author":2,"featured_media":102338,"comment_status":"closed","ping_status":"closed","sticky":false,"template":"","format":"standard","meta":{"om_disable_all_campaigns":false,"_monsterinsights_skip_tracking":false,"_monsterinsights_sitenote_active":false,"_monsterinsights_sitenote_note":"","_monsterinsights_sitenote_category":0},"categories":[4],"tags":[],"aioseo_notices":[],"gutentor_comment":0,"rttpg_featured_image_url":{"full":["https:\/\/arantv.az\/wp-content\/uploads\/2019\/11\/67ff5cdc-8f5a-4177-ab2b-143aa58c0ea7.jpg",649,439,false],"landscape":["https:\/\/arantv.az\/wp-content\/uploads\/2019\/11\/67ff5cdc-8f5a-4177-ab2b-143aa58c0ea7.jpg",649,439,false],"portraits":["https:\/\/arantv.az\/wp-content\/uploads\/2019\/11\/67ff5cdc-8f5a-4177-ab2b-143aa58c0ea7.jpg",649,439,false],"thumbnail":["https:\/\/arantv.az\/wp-content\/uploads\/2019\/11\/67ff5cdc-8f5a-4177-ab2b-143aa58c0ea7-150x150.jpg",150,150,true],"medium":["https:\/\/arantv.az\/wp-content\/uploads\/2019\/11\/67ff5cdc-8f5a-4177-ab2b-143aa58c0ea7-300x203.jpg",300,203,true],"large":["https:\/\/arantv.az\/wp-content\/uploads\/2019\/11\/67ff5cdc-8f5a-4177-ab2b-143aa58c0ea7.jpg",640,433,false],"1536x1536":["https:\/\/arantv.az\/wp-content\/uploads\/2019\/11\/67ff5cdc-8f5a-4177-ab2b-143aa58c0ea7.jpg",649,439,false],"2048x2048":["https:\/\/arantv.az\/wp-content\/uploads\/2019\/11\/67ff5cdc-8f5a-4177-ab2b-143aa58c0ea7.jpg",649,439,false],"post-thumbnail":["https:\/\/arantv.az\/wp-content\/uploads\/2019\/11\/67ff5cdc-8f5a-4177-ab2b-143aa58c0ea7-240x172.jpg",240,172,true],"advps-thumb-one":["https:\/\/arantv.az\/wp-content\/uploads\/2019\/11\/67ff5cdc-8f5a-4177-ab2b-143aa58c0ea7.jpg",649,439,false]},"rttpg_author":{"display_name":"V\u00fcsal Rafiqo\u011flu","author_link":"https:\/\/arantv.az\/?author=2"},"rttpg_comment":0,"rttpg_category":"<a href=\"https:\/\/arantv.az\/?cat=4\" rel=\"category\">Siyas\u0259t<\/a>","rttpg_excerpt":"Az\u0259rbaycan Respublikas\u0131n\u0131n Birinci vitse-prezidenti Mehriban \u018fliyeva Rusiyaya r\u0259smi s\u0259f\u0259ri zaman\u0131 idman m\u0259s\u0259l\u0259l\u0259rini d\u0259 diqq\u0259t m\u0259rk\u0259zind\u0259 saxlad\u0131. Birinci vitse-prezident noyabr\u0131n 21-d\u0259 \u201cLujniki\u201d Olimpiya Kompleksind\u0259 \u00dcmumrusiya B\u0259dii Gimnastika Federasiyas\u0131n\u0131n prezidenti \u0130rina Viner-Usmanovan\u0131n Gimnastika M\u0259rk\u0259zi il\u0259 tan\u0131\u015f oldu. Onu \u201cLujniki\u201d Olimpiya Kompleksind\u0259 \u0130rina Viner-Usmanova qar\u015f\u0131lad\u0131. Mehriban \u018fliyeva v\u0259 \u00dcmumrusiya B\u0259dii Gimnastika Federasiyas\u0131n\u0131n prezidenti \u0130rina Viner-Usmanova \u00e7ay masas\u0131 arxas\u0131nda&hellip;","_links":{"self":[{"href":"https:\/\/arantv.az\/index.php?rest_route=\/wp\/v2\/posts\/102337"}],"collection":[{"href":"https:\/\/arantv.az\/index.php?rest_route=\/wp\/v2\/posts"}],"about":[{"href":"https:\/\/arantv.az\/index.php?rest_route=\/wp\/v2\/types\/post"}],"author":[{"embeddable":true,"href":"https:\/\/arantv.az\/index.php?rest_route=\/wp\/v2\/users\/2"}],"replies":[{"embeddable":true,"href":"https:\/\/arantv.az\/index.php?rest_route=%2Fwp%2Fv2%2Fcomments&post=102337"}],"version-history":[{"count":0,"href":"https:\/\/arantv.az\/index.php?rest_route=\/wp\/v2\/posts\/102337\/revisions"}],"wp:featuredmedia":[{"embeddable":true,"href":"https:\/\/arantv.az\/index.php?rest_route=\/wp\/v2\/media\/102338"}],"wp:attachment":[{"href":"https:\/\/arantv.az\/index.php?rest_route=%2Fwp%2Fv2%2Fmedia&parent=102337"}],"wp:term":[{"taxonomy":"category","embeddable":true,"href":"https:\/\/arantv.az\/index.php?rest_route=%2Fwp%2Fv2%2Fcategories&post=102337"},{"taxonomy":"post_tag","embeddable":true,"href":"https:\/\/arantv.az\/index.php?rest_route=%2Fwp%2Fv2%2Ftags&post=102337"}],"curies":[{"name":"wp","href":"https:\/\/api.w.org\/{rel}","templated":true}]}}