{"id":102403,"date":"2019-11-29T15:52:48","date_gmt":"2019-11-29T12:52:48","guid":{"rendered":"http:\/\/arantv.az\/?p=102403"},"modified":"2019-11-29T15:52:48","modified_gmt":"2019-11-29T12:52:48","slug":"az%c9%99rbaycan-prezidenti-dovl%c9%99t-neft-fondunun-v%c9%99saiti-olk%c9%99mizin-umumi-inkisafini-boyuk-d%c9%99r%c9%99c%c9%99d%c9%99-s%c9%99rtl%c9%99ndirir","status":"publish","type":"post","link":"https:\/\/arantv.az\/?p=102403","title":{"rendered":"Az\u0259rbaycan Prezidenti: &#8220;D\u00f6vl\u0259t Neft Fondunun v\u0259saiti \u00f6lk\u0259mizin \u00fcmumi inki\u015faf\u0131n\u0131 b\u00f6y\u00fck d\u0259r\u0259c\u0259d\u0259 \u015f\u0259rtl\u0259ndirir&#8221;"},"content":{"rendered":"<p>&#8220;D\u00f6vl\u0259t Neft Fondunun v\u0259saiti \u00f6lk\u0259mizin \u00fcmumi inki\u015faf\u0131n\u0131 b\u00f6y\u00fck d\u0259r\u0259c\u0259d\u0259 \u015f\u0259rtl\u0259ndirir&#8221;.<\/p>\n<p><strong>ARANTV.AZ<\/strong>\u00a0<a href=\"https:\/\/azertag.az\/\" target=\"_blank\" rel=\"noopener\">AZ\u018fRTAC<\/a>-a\u00a0istinad\u0259n x\u0259b\u0259r verir ki, bunu Prezident \u0130lham \u018fliyev noyabr\u0131n 29-da \u0130srafil M\u0259mm\u0259dovu yeni v\u0259zif\u0259y\u0259 &#8211; D\u00f6vl\u0259t Neft Fondunun icra\u00e7\u0131 direktoru t\u0259yin olunmas\u0131 il\u0259 \u0259laq\u0259dar q\u0259bul ed\u0259rk\u0259n deyib.<\/p>\n<p>Prezident \u0130lham \u018fliyev qeyd edib: &#8220;D\u00f6vl\u0259t Neft Fondu bizim strateji aktivimizdir. Bu il biz Fondun yarad\u0131lmas\u0131n\u0131n 20-ci ild\u00f6n\u00fcm\u00fcn\u00fc qeyd ed\u0259c\u0259yik. \u018flam\u0259tdar hadis\u0259 ondan ibar\u0259tdir ki, &#8220;\u00c7\u0131raq&#8221; platformas\u0131ndan ilk neft \u00e7\u0131xar\u0131landan iki il sonra &#8211; 1999-cu ild\u0259 Az\u0259rbaycanda D\u00f6vl\u0259t Neft Fondu yarad\u0131lm\u0131\u015fd\u0131r. Fondun yarad\u0131lmas\u0131 ulu \u00f6nd\u0259r Heyd\u0259r \u018fliyevin tarixi q\u0259rar\u0131d\u0131r. Bu g\u00fcn bu q\u0259rar onu g\u00f6st\u0259rir ki, n\u0259 q\u0259d\u0259r d\u00fczg\u00fcn v\u0259 vaxt\u0131nda at\u0131lm\u0131\u015f bir add\u0131m idi. Onu da bildirm\u0259liy\u0259m ki, Neft Fondunun yarad\u0131lmas\u0131 il\u0259 ba\u011fl\u0131 t\u0259klifi Ulu \u00d6nd\u0259r\u0259 m\u0259n vermi\u015fdim. O vaxt h\u00f6kum\u0259td\u0259 m\u00fcxt\u0259lif fikirl\u0259r var idi v\u0259 h\u00f6kum\u0259t \u00fczvl\u0259rinin b\u0259zil\u0259ri bunun \u0259leyhin\u0259 \u00e7\u0131xm\u0131\u015fd\u0131lar. Onlar\u0131n t\u0259klifi ondan ibar\u0259t idi ki, neftd\u0259n g\u0259l\u0259c\u0259k b\u00fct\u00fcn g\u0259lirl\u0259r b\u00fcdc\u0259y\u0259 daxil olsun v\u0259 h\u0259r il x\u0259rcl\u0259nsin. \u018fg\u0259r bu yana\u015fma se\u00e7ils\u0259ydi, bu g\u00fcn D\u00f6vl\u0259t Neft Fondumuzda pul olmayacaqd\u0131. M\u0259n bu t\u0259klifin \u0259leyhin\u0259 \u00e7\u0131xd\u0131m. S\u00fcbut etm\u0259y\u0259 \u00e7al\u0131\u015f\u0131rd\u0131m v\u0259 buna nail oldum ki, m\u0259hz v\u0259saiti \u015f\u0259ffaf \u015f\u0259kild\u0259 saxlamaq, \u00f6lk\u0259mizin strateji istiqam\u0259tl\u0259rin\u0259 y\u00f6nl\u0259ndirm\u0259k v\u0259 g\u0259l\u0259c\u0259k n\u0259sill\u0259r \u00fc\u00e7\u00fcn qoruyub saxlamaqdan \u00f6tr\u00fc m\u00fctl\u0259q D\u00f6vl\u0259t Neft Fondu yarad\u0131lmal\u0131d\u0131r. M\u0259nim t\u0259\u015f\u0259bb\u00fcs\u00fcml\u0259 Az\u0259rbaycan d\u00f6vl\u0259t qurumlar\u0131n\u0131n n\u00fcmay\u0259nd\u0259l\u0259rind\u0259n ibar\u0259t hey\u0259t d\u00fcnyan\u0131n m\u00fcxt\u0259lif \u00f6lk\u0259l\u0259rin\u0259 ezam edilmi\u015f v\u0259 orada ox\u015far fondlar\u0131n f\u0259aliyy\u0259ti il\u0259 tan\u0131\u015f olmu\u015fdur. Bundan sonra biz d\u00fcnyada m\u00f6vcud olan \u0259n \u015f\u0259ffaf v\u0259 \u0259n i\u015fl\u0259k model \u00fcz\u0259rind\u0259 dayan\u0131b onu q\u0259bul etmi\u015fik v\u0259 \u00f6t\u0259n 20 ilin t\u0259cr\u00fcb\u0259si onu g\u00f6st\u0259rir ki, bu, yegan\u0259 d\u00fczg\u00fcn q\u0259rar idi. Dey\u0259 bil\u0259r\u0259m ki, bu, tarixi q\u0259rar idi. \u00c7\u00fcnki D\u00f6vl\u0259t Neft Fondunun v\u0259saiti &#8211; orada toplanan, neftd\u0259n \u0259ld\u0259 edilmi\u015f v\u0259 haz\u0131rda art\u0131q qazdan \u0259ld\u0259 edilmi\u015f g\u0259lirl\u0259r \u00f6lk\u0259mizin \u00fcmumi inki\u015faf\u0131n\u0131 b\u00f6y\u00fck d\u0259r\u0259c\u0259d\u0259 \u015f\u0259rtl\u0259ndirir.<\/p>\n<p>Biz \u00f6lk\u0259 qar\u015f\u0131s\u0131nda duran \u00f6n\u0259mli sosial layih\u0259l\u0259ri icra ed\u0259 bilmi\u015fik. M\u0259cburi k\u00f6\u00e7k\u00fcnl\u0259rin ya\u015fay\u0131\u015f \u015f\u0259raitinin yax\u015f\u0131la\u015fd\u0131r\u0131lmas\u0131 m\u0259hz D\u00f6vl\u0259t Neft Fondunun vasit\u0259sil\u0259 icra edilir. Bu m\u0259qs\u0259dl\u0259r \u00fc\u00e7\u00fcn milyardlarla dollar v\u0259sait x\u0259rcl\u0259nibdir. H\u0259r il D\u00f6vl\u0259t Neft Fondundan b\u00fcdc\u0259y\u0259 edilmi\u015f transfertl\u0259r hesab\u0131na biz sosial layih\u0259l\u0259ri icra ed\u0259 bilirik, bu, maa\u015flar\u0131n, pensiyalar\u0131n, m\u00fcavin\u0259tl\u0259rin art\u0131r\u0131lmas\u0131na imkan yarad\u0131r. Eyni zamanda, \u00f6lk\u0259miz \u00fc\u00e7\u00fcn strateji say\u0131lan sah\u0259l\u0259ri d\u0259 Neft Fondu maliyy\u0259l\u0259\u015fdirir. Onlar\u0131n aras\u0131nda t\u0259hsill\u0259 ba\u011fl\u0131 olan layih\u0259l\u0259r var. Az\u0259rbaycan g\u0259ncl\u0259rinin d\u00fcnyan\u0131n apar\u0131c\u0131 ali m\u0259kt\u0259bl\u0259rind\u0259 t\u0259hsil almas\u0131 il\u0259 ba\u011fl\u0131 t\u0259\u015f\u0259bb\u00fcs d\u0259 Fond t\u0259r\u0259find\u0259n t\u0259min edilib. Bak\u0131-Tbilisi-Qars d\u0259mir yolu, C\u0259nub Qaz D\u0259hlizi, dig\u0259r \u00f6n\u0259mli strateji layih\u0259l\u0259r, qazma qur\u011fular\u0131n\u0131n tikintisi &#8211; b\u00fct\u00fcn bunlar D\u00f6vl\u0259t Neft Fondunun v\u0259saiti hesab\u0131na icra edilib&#8221;.<\/p>\n","protected":false},"excerpt":{"rendered":"<p>&#8220;D\u00f6vl\u0259t Neft Fondunun v\u0259saiti \u00f6lk\u0259mizin \u00fcmumi inki\u015faf\u0131n\u0131 b\u00f6y\u00fck d\u0259r\u0259c\u0259d\u0259 \u015f\u0259rtl\u0259ndirir&#8221;. ARANTV.AZ\u00a0AZ\u018fRTAC-a\u00a0istinad\u0259n x\u0259b\u0259r verir ki, bunu Prezident \u0130lham \u018fliyev noyabr\u0131n 29-da \u0130srafil M\u0259mm\u0259dovu yeni v\u0259zif\u0259y\u0259 &#8211; D\u00f6vl\u0259t Neft Fondunun icra\u00e7\u0131 direktoru t\u0259yin olunmas\u0131 il\u0259 \u0259laq\u0259dar q\u0259bul ed\u0259rk\u0259n deyib. Prezident \u0130lham \u018fliyev qeyd edib: &#8220;D\u00f6vl\u0259t Neft Fondu bizim strateji aktivimizdir. Bu il biz Fondun yarad\u0131lmas\u0131n\u0131n 20-ci ild\u00f6n\u00fcm\u00fcn\u00fc qeyd ed\u0259c\u0259yik. \u018flam\u0259tdar hadis\u0259 ondan ibar\u0259tdir ki, &#8220;\u00c7\u0131raq&#8221; platformas\u0131ndan ilk neft \u00e7\u0131xar\u0131landan iki il sonra &#8211; 1999-cu ild\u0259 Az\u0259rbaycanda D\u00f6vl\u0259t Neft Fondu yarad\u0131lm\u0131\u015fd\u0131r. Fondun yarad\u0131lmas\u0131 ulu \u00f6nd\u0259r Heyd\u0259r \u018fliyevin tarixi q\u0259rar\u0131d\u0131r. Bu g\u00fcn bu q\u0259rar&hellip;<\/p>\n","protected":false},"author":2,"featured_media":102404,"comment_status":"closed","ping_status":"closed","sticky":false,"template":"","format":"standard","meta":{"om_disable_all_campaigns":false,"_monsterinsights_skip_tracking":false,"_monsterinsights_sitenote_active":false,"_monsterinsights_sitenote_note":"","_monsterinsights_sitenote_category":0},"categories":[4],"tags":[],"aioseo_notices":[],"gutentor_comment":0,"rttpg_featured_image_url":{"full":["https:\/\/arantv.az\/wp-content\/uploads\/2019\/11\/806424_02.jpg",1000,643,false],"landscape":["https:\/\/arantv.az\/wp-content\/uploads\/2019\/11\/806424_02.jpg",1000,643,false],"portraits":["https:\/\/arantv.az\/wp-content\/uploads\/2019\/11\/806424_02.jpg",1000,643,false],"thumbnail":["https:\/\/arantv.az\/wp-content\/uploads\/2019\/11\/806424_02-150x150.jpg",150,150,true],"medium":["https:\/\/arantv.az\/wp-content\/uploads\/2019\/11\/806424_02-300x193.jpg",300,193,true],"large":["https:\/\/arantv.az\/wp-content\/uploads\/2019\/11\/806424_02.jpg",640,412,false],"1536x1536":["https:\/\/arantv.az\/wp-content\/uploads\/2019\/11\/806424_02.jpg",1000,643,false],"2048x2048":["https:\/\/arantv.az\/wp-content\/uploads\/2019\/11\/806424_02.jpg",1000,643,false],"post-thumbnail":["https:\/\/arantv.az\/wp-content\/uploads\/2019\/11\/806424_02-240x172.jpg",240,172,true],"advps-thumb-one":["https:\/\/arantv.az\/wp-content\/uploads\/2019\/11\/806424_02-1000x620.jpg",1000,620,true]},"rttpg_author":{"display_name":"V\u00fcsal Rafiqo\u011flu","author_link":"https:\/\/arantv.az\/?author=2"},"rttpg_comment":0,"rttpg_category":"<a href=\"https:\/\/arantv.az\/?cat=4\" rel=\"category\">Siyas\u0259t<\/a>","rttpg_excerpt":"&#8220;D\u00f6vl\u0259t Neft Fondunun v\u0259saiti \u00f6lk\u0259mizin \u00fcmumi inki\u015faf\u0131n\u0131 b\u00f6y\u00fck d\u0259r\u0259c\u0259d\u0259 \u015f\u0259rtl\u0259ndirir&#8221;. ARANTV.AZ\u00a0AZ\u018fRTAC-a\u00a0istinad\u0259n x\u0259b\u0259r verir ki, bunu Prezident \u0130lham \u018fliyev noyabr\u0131n 29-da \u0130srafil M\u0259mm\u0259dovu yeni v\u0259zif\u0259y\u0259 &#8211; D\u00f6vl\u0259t Neft Fondunun icra\u00e7\u0131 direktoru t\u0259yin olunmas\u0131 il\u0259 \u0259laq\u0259dar q\u0259bul ed\u0259rk\u0259n deyib. Prezident \u0130lham \u018fliyev qeyd edib: &#8220;D\u00f6vl\u0259t Neft Fondu bizim strateji aktivimizdir. Bu il biz Fondun yarad\u0131lmas\u0131n\u0131n 20-ci ild\u00f6n\u00fcm\u00fcn\u00fc&hellip;","_links":{"self":[{"href":"https:\/\/arantv.az\/index.php?rest_route=\/wp\/v2\/posts\/102403"}],"collection":[{"href":"https:\/\/arantv.az\/index.php?rest_route=\/wp\/v2\/posts"}],"about":[{"href":"https:\/\/arantv.az\/index.php?rest_route=\/wp\/v2\/types\/post"}],"author":[{"embeddable":true,"href":"https:\/\/arantv.az\/index.php?rest_route=\/wp\/v2\/users\/2"}],"replies":[{"embeddable":true,"href":"https:\/\/arantv.az\/index.php?rest_route=%2Fwp%2Fv2%2Fcomments&post=102403"}],"version-history":[{"count":0,"href":"https:\/\/arantv.az\/index.php?rest_route=\/wp\/v2\/posts\/102403\/revisions"}],"wp:featuredmedia":[{"embeddable":true,"href":"https:\/\/arantv.az\/index.php?rest_route=\/wp\/v2\/media\/102404"}],"wp:attachment":[{"href":"https:\/\/arantv.az\/index.php?rest_route=%2Fwp%2Fv2%2Fmedia&parent=102403"}],"wp:term":[{"taxonomy":"category","embeddable":true,"href":"https:\/\/arantv.az\/index.php?rest_route=%2Fwp%2Fv2%2Fcategories&post=102403"},{"taxonomy":"post_tag","embeddable":true,"href":"https:\/\/arantv.az\/index.php?rest_route=%2Fwp%2Fv2%2Ftags&post=102403"}],"curies":[{"name":"wp","href":"https:\/\/api.w.org\/{rel}","templated":true}]}}