{"id":102407,"date":"2019-11-29T15:54:50","date_gmt":"2019-11-29T12:54:50","guid":{"rendered":"http:\/\/arantv.az\/?p=102407"},"modified":"2019-11-29T15:54:50","modified_gmt":"2019-11-29T12:54:50","slug":"bu-rusiya-v%c9%99t%c9%99ndaslari-az%c9%99rbaycana-daxili-pasportla-g%c9%99l%c9%99-bil%c9%99rl%c9%99r-detallar","status":"publish","type":"post","link":"https:\/\/arantv.az\/?p=102407","title":{"rendered":"Bu Rusiya v\u0259t\u0259nda\u015flar\u0131 Az\u0259rbaycana daxili pasportla g\u0259l\u0259 bil\u0259rl\u0259r &#8211; DETALLAR"},"content":{"rendered":"<p>D\u00f6vl\u0259t Turizm Agentliyinin s\u0259dri Fuad Na\u011f\u0131yev Rusiyan\u0131n b\u0259zi v\u0259t\u0259nda\u015flar\u0131n\u0131n Az\u0259rbaycana \u00f6zl\u0259rinin daxili pasportlar\u0131 il\u0259 g\u0259l\u0259 bilm\u0259sini t\u0259klif edib.<\/p>\n<p><strong>ARANTV.AZ\u00a0<\/strong><a href=\"https:\/\/az.trend.az\/\" target=\"_blank\" rel=\"noopener\">Trend<\/a>-\u0259 istinad\u0259n x\u0259b\u0259r verir ki, F.Na\u011f\u0131yev bildirib ki, o, bu t\u0259klifl\u0259 bu yax\u0131nlarda Rusiyada ke\u00e7iril\u0259n 10-cu Az\u0259rbaycan-Rusiya Regionlararas\u0131 Forumunda \u00e7\u0131x\u0131\u015f edib:<\/p>\n<p>&#8220;Rusiyan\u0131n b\u0259zi regionlar\u0131nda ya\u015fayan Rusiya v\u0259t\u0259nda\u015flar\u0131n\u0131n Az\u0259rbaycana \u00f6zl\u0259rinin daxili pasportlar\u0131 il\u0259 g\u0259l\u0259 bilm\u0259sini t\u0259klif etmi\u015f\u0259m. Bizim turizm m\u00fcnasib\u0259tl\u0259rimiz yaln\u0131z Rusiyan\u0131n m\u0259rk\u0259zi il\u0259 deyil, regionlar\u0131 il\u0259 \u0259laq\u0259l\u0259rin inki\u015faf\u0131na y\u00f6n\u0259lib. Yax\u0131n vaxtlarda Rusiyan\u0131n b\u0259zi regionlar\u0131n\u0131n sakinl\u0259rinin \u00f6zl\u0259rinin daxili Rusiya pasportlar\u0131 il\u0259 Az\u0259rbaycana s\u0259f\u0259r ed\u0259 bilm\u0259si ideyas\u0131 var. Haz\u0131rda bununla ba\u011fl\u0131 dan\u0131\u015f\u0131qlar apar\u0131l\u0131r&#8221;.<\/p>\n<p>F.Na\u011f\u0131yev bildirib ki, bu il \u0259rzind\u0259 Rusiyaya ged\u0259n Az\u0259rbaycan v\u0259t\u0259nda\u015flar\u0131n\u0131n say\u0131 \u00f6t\u0259n ill\u0259 m\u00fcqayis\u0259d\u0259 7,7 faiz, Rusiyadan Az\u0259rbaycana g\u0259l\u0259n v\u0259t\u0259nda\u015flar\u0131n say\u0131 6,1 faiz art\u0131b. Dinamika m\u00fcsb\u0259t olsa da, biz bu g\u00f6st\u0259ricil\u0259ri ki\u00e7ik hesab edirik. Buna g\u00f6r\u0259 d\u0259 biz i\u015fl\u0259rimizi davam etdirm\u0259liyik&#8221;.<\/p>\n<p>F.Na\u011f\u0131yev qeyd edib ki, D\u00f6vl\u0259t Turizm Agentliyi vizalar\u0131n sad\u0259l\u0259\u015fdirilm\u0259si v\u0259 b\u0259zi \u00f6lk\u0259l\u0259rl\u0259 is\u0259 vizalar\u0131n olmamas\u0131 mara\u011f\u0131ndad\u0131r: &#8220;Bizim mara\u011f\u0131m\u0131zdad\u0131r ki, vizalar\u0131n verilm\u0259si prpseduru sad\u0259l\u0259\u015fdirilsin. B\u0259zi \u00f6lk\u0131l\u0259r \u00fc\u00e7\u00fcn is\u0259 vizasiz rejim t\u0259tbiq olunsun. T\u0259bii ki, turizmin inki\u015faf\u0131 il\u0259 ba\u011fl\u0131 agentlik t\u0259r\u0259find\u0259n t\u0259klif edil\u0259n m\u0259s\u0259l\u0259l\u0259r \u00e7oxdur&#8221;.<\/p>\n<p>F.Na\u011f\u0131yev \u0259lav\u0259 edib ki, haz\u0131rda Az\u0259rbaycanda elektron vizalar\u0131n verilm\u0259si u\u011fur\u0131a t\u0259tbiq edilir. Onun s\u00f6zl\u0259rin\u0259 g\u00f6r\u0259, elektron vizalar\u0131n olmas\u0131 \u00f6lk\u0259y\u0259 daha \u00e7ox turistl\u0259rin g\u0259lm\u0259sin\u0259 imkan yarad\u0131r.<\/p>\n","protected":false},"excerpt":{"rendered":"<p>D\u00f6vl\u0259t Turizm Agentliyinin s\u0259dri Fuad Na\u011f\u0131yev Rusiyan\u0131n b\u0259zi v\u0259t\u0259nda\u015flar\u0131n\u0131n Az\u0259rbaycana \u00f6zl\u0259rinin daxili pasportlar\u0131 il\u0259 g\u0259l\u0259 bilm\u0259sini t\u0259klif edib. ARANTV.AZ\u00a0Trend-\u0259 istinad\u0259n x\u0259b\u0259r verir ki, F.Na\u011f\u0131yev bildirib ki, o, bu t\u0259klifl\u0259 bu yax\u0131nlarda Rusiyada ke\u00e7iril\u0259n 10-cu Az\u0259rbaycan-Rusiya Regionlararas\u0131 Forumunda \u00e7\u0131x\u0131\u015f edib: &#8220;Rusiyan\u0131n b\u0259zi regionlar\u0131nda ya\u015fayan Rusiya v\u0259t\u0259nda\u015flar\u0131n\u0131n Az\u0259rbaycana \u00f6zl\u0259rinin daxili pasportlar\u0131 il\u0259 g\u0259l\u0259 bilm\u0259sini t\u0259klif etmi\u015f\u0259m. Bizim turizm m\u00fcnasib\u0259tl\u0259rimiz yaln\u0131z Rusiyan\u0131n m\u0259rk\u0259zi il\u0259 deyil, regionlar\u0131 il\u0259 \u0259laq\u0259l\u0259rin inki\u015faf\u0131na y\u00f6n\u0259lib. Yax\u0131n vaxtlarda Rusiyan\u0131n b\u0259zi regionlar\u0131n\u0131n sakinl\u0259rinin \u00f6zl\u0259rinin daxili Rusiya pasportlar\u0131 il\u0259 Az\u0259rbaycana s\u0259f\u0259r ed\u0259 bilm\u0259si ideyas\u0131 var. Haz\u0131rda bununla ba\u011fl\u0131 dan\u0131\u015f\u0131qlar apar\u0131l\u0131r&#8221;. F.Na\u011f\u0131yev&hellip;<\/p>\n","protected":false},"author":2,"featured_media":102408,"comment_status":"closed","ping_status":"closed","sticky":false,"template":"","format":"standard","meta":{"om_disable_all_campaigns":false,"_monsterinsights_skip_tracking":false,"_monsterinsights_sitenote_active":false,"_monsterinsights_sitenote_note":"","_monsterinsights_sitenote_category":0},"categories":[1],"tags":[],"aioseo_notices":[],"gutentor_comment":0,"rttpg_featured_image_url":{"full":["https:\/\/arantv.az\/wp-content\/uploads\/2019\/11\/806438.jpg",800,600,false],"landscape":["https:\/\/arantv.az\/wp-content\/uploads\/2019\/11\/806438.jpg",800,600,false],"portraits":["https:\/\/arantv.az\/wp-content\/uploads\/2019\/11\/806438.jpg",800,600,false],"thumbnail":["https:\/\/arantv.az\/wp-content\/uploads\/2019\/11\/806438-150x150.jpg",150,150,true],"medium":["https:\/\/arantv.az\/wp-content\/uploads\/2019\/11\/806438-300x225.jpg",300,225,true],"large":["https:\/\/arantv.az\/wp-content\/uploads\/2019\/11\/806438.jpg",640,480,false],"1536x1536":["https:\/\/arantv.az\/wp-content\/uploads\/2019\/11\/806438.jpg",800,600,false],"2048x2048":["https:\/\/arantv.az\/wp-content\/uploads\/2019\/11\/806438.jpg",800,600,false],"post-thumbnail":["https:\/\/arantv.az\/wp-content\/uploads\/2019\/11\/806438-240x172.jpg",240,172,true],"advps-thumb-one":["https:\/\/arantv.az\/wp-content\/uploads\/2019\/11\/806438.jpg",800,600,false]},"rttpg_author":{"display_name":"V\u00fcsal Rafiqo\u011flu","author_link":"https:\/\/arantv.az\/?author=2"},"rttpg_comment":0,"rttpg_category":"<a href=\"https:\/\/arantv.az\/?cat=1\" rel=\"category\">C\u0259miyy\u0259t<\/a>","rttpg_excerpt":"D\u00f6vl\u0259t Turizm Agentliyinin s\u0259dri Fuad Na\u011f\u0131yev Rusiyan\u0131n b\u0259zi v\u0259t\u0259nda\u015flar\u0131n\u0131n Az\u0259rbaycana \u00f6zl\u0259rinin daxili pasportlar\u0131 il\u0259 g\u0259l\u0259 bilm\u0259sini t\u0259klif edib. ARANTV.AZ\u00a0Trend-\u0259 istinad\u0259n x\u0259b\u0259r verir ki, F.Na\u011f\u0131yev bildirib ki, o, bu t\u0259klifl\u0259 bu yax\u0131nlarda Rusiyada ke\u00e7iril\u0259n 10-cu Az\u0259rbaycan-Rusiya Regionlararas\u0131 Forumunda \u00e7\u0131x\u0131\u015f edib: &#8220;Rusiyan\u0131n b\u0259zi regionlar\u0131nda ya\u015fayan Rusiya v\u0259t\u0259nda\u015flar\u0131n\u0131n Az\u0259rbaycana \u00f6zl\u0259rinin daxili pasportlar\u0131 il\u0259 g\u0259l\u0259 bilm\u0259sini t\u0259klif etmi\u015f\u0259m. Bizim&hellip;","_links":{"self":[{"href":"https:\/\/arantv.az\/index.php?rest_route=\/wp\/v2\/posts\/102407"}],"collection":[{"href":"https:\/\/arantv.az\/index.php?rest_route=\/wp\/v2\/posts"}],"about":[{"href":"https:\/\/arantv.az\/index.php?rest_route=\/wp\/v2\/types\/post"}],"author":[{"embeddable":true,"href":"https:\/\/arantv.az\/index.php?rest_route=\/wp\/v2\/users\/2"}],"replies":[{"embeddable":true,"href":"https:\/\/arantv.az\/index.php?rest_route=%2Fwp%2Fv2%2Fcomments&post=102407"}],"version-history":[{"count":0,"href":"https:\/\/arantv.az\/index.php?rest_route=\/wp\/v2\/posts\/102407\/revisions"}],"wp:featuredmedia":[{"embeddable":true,"href":"https:\/\/arantv.az\/index.php?rest_route=\/wp\/v2\/media\/102408"}],"wp:attachment":[{"href":"https:\/\/arantv.az\/index.php?rest_route=%2Fwp%2Fv2%2Fmedia&parent=102407"}],"wp:term":[{"taxonomy":"category","embeddable":true,"href":"https:\/\/arantv.az\/index.php?rest_route=%2Fwp%2Fv2%2Fcategories&post=102407"},{"taxonomy":"post_tag","embeddable":true,"href":"https:\/\/arantv.az\/index.php?rest_route=%2Fwp%2Fv2%2Ftags&post=102407"}],"curies":[{"name":"wp","href":"https:\/\/api.w.org\/{rel}","templated":true}]}}