{"id":102411,"date":"2019-11-29T15:56:13","date_gmt":"2019-11-29T12:56:13","guid":{"rendered":"http:\/\/arantv.az\/?p=102411"},"modified":"2019-11-29T15:56:13","modified_gmt":"2019-11-29T12:56:13","slug":"prezident-ilham-%c9%99liyev-h%c9%99yat-yerind%c9%99-durmur-yeni-s%c9%99rmay%c9%99-yerl%c9%99ri-maraq-dogurur","status":"publish","type":"post","link":"https:\/\/arantv.az\/?p=102411","title":{"rendered":"Prezident \u0130lham \u018fliyev: &#8220;H\u0259yat yerind\u0259 durmur, yeni s\u0259rmay\u0259 yerl\u0259ri maraq do\u011furur&#8221;"},"content":{"rendered":"<p>&#8220;H\u0259yat yerind\u0259 durmur, yeni s\u0259rmay\u0259 yerl\u0259ri maraq do\u011furur&#8221;.<\/p>\n<p><strong>ARANTV.AZ<\/strong>\u00a0\u00a0<a href=\"https:\/\/azertag.az\/\" target=\"_blank\" rel=\"noopener\">AZ\u018fRTAC<\/a>-a istinad\u0259n x\u0259b\u0259r verir ki, bunu Prezident \u0130lham \u018fliyev noyabr\u0131n 29-da \u0130srafil M\u0259mm\u0259dovu yeni v\u0259zif\u0259y\u0259 &#8211; D\u00f6vl\u0259t Neft Fondunun icra\u00e7\u0131 direktoru t\u0259yin olunmas\u0131 il\u0259 \u0259laq\u0259dar q\u0259bul ed\u0259rk\u0259n deyib.<\/p>\n<p>Prezident \u0130lham \u018fliyev bildirib: &#8220;M\u0259n \u0259ld\u0259 edilmi\u015f nailiyy\u0259tl\u0259ri y\u00fcks\u0259k qiym\u0259tl\u0259ndirir\u0259m. O c\u00fcml\u0259d\u0259n bildirm\u0259k ist\u0259yir\u0259m ki, m\u0259n Davos \u00dcmumd\u00fcnya \u0130qtisadi Forumu \u00e7\u0259r\u00e7iv\u0259sind\u0259 d\u00fcnyan\u0131n apar\u0131c\u0131 fondlar\u0131n\u0131n r\u0259hb\u0259rl\u0259ri il\u0259 g\u00f6r\u00fc\u015fl\u0259r ke\u00e7irmi\u015f\u0259m v\u0259 \u00e7ox b\u00f6y\u00fck m\u0259mnunluq hissi il\u0259 dey\u0259 bil\u0259r\u0259m ki, onlar\u0131n da Fondumuz haqq\u0131nda fikirl\u0259ri \u00e7ox m\u00fcsb\u0259tdir. Az\u0259rbaycan D\u00f6vl\u0259t Neft Fondu n\u0259inki \u00f6lk\u0259 \u0259razisind\u0259 \u00f6n\u0259mli layih\u0259l\u0259r icra edir, eyni zamanda, d\u00fcnyan\u0131n apar\u0131c\u0131 fondlar\u0131 il\u0259 d\u0259, &#8211; o fondlar\u0131n v\u0259saiti y\u00fcz milyardlarla \u00f6l\u00e7\u00fcl\u00fcr, &#8211; \u0259m\u0259kda\u015fl\u0131q edir v\u0259 onlarla birlikd\u0259 m\u00fcxt\u0259lif s\u0259rmay\u0259 layih\u0259l\u0259rind\u0259 i\u015ftirak edir. Bu, Fondun, ilk n\u00f6vb\u0259d\u0259, n\u0259 q\u0259d\u0259r s\u0259m\u0259r\u0259li t\u0259\u015fkilat oldu\u011funu g\u00f6st\u0259rir. Dig\u0259r t\u0259r\u0259fd\u0259n, d\u00fcnyan\u0131n v\u0259saiti y\u00fcz milyardlarla \u00f6l\u00e7\u00fcl\u0259n apar\u0131c\u0131 fondlar\u0131 \u00f6z reputasiyalar\u0131na \u00e7ox b\u00f6y\u00fck h\u0259ssasl\u0131qla yana\u015f\u0131rlar v\u0259 onlar \u00fc\u00e7\u00fcn pul \u0259sas deyil. Onlar \u00fc\u00e7\u00fcn \u0259sas reputasiya v\u0259 \u015f\u0259ffafl\u0131qd\u0131r.<\/p>\n<p>Bizim \u00fcst\u00fcnl\u00fcy\u00fcm\u00fcz ondad\u0131r ki, Fondumuz t\u0259kc\u0259 bir x\u0259zin\u0259 kimi yox, do\u011frudan da \u00f6n\u0259mli beyn\u0259lxalq t\u0259\u015fkilat kimi \u00f6lk\u0259mizin imicin\u0259 \u00e7ox m\u00fcsb\u0259t t\u0259sir g\u00f6st\u0259rir. Hesab edir\u0259m ki, g\u0259l\u0259c\u0259kd\u0259 d\u00fcnyan\u0131n apar\u0131c\u0131 maliyy\u0259 qurumlar\u0131 il\u0259 bizim \u0259m\u0259kda\u015fl\u0131\u011f\u0131m\u0131z d\u0259rinl\u0259\u015fm\u0259lidir. Fondun investisiya portfelinin \u015fax\u0259l\u0259ndirilm\u0259si istiqam\u0259tind\u0259 indi apar\u0131lan i\u015fl\u0259r q\u0259na\u0259tb\u0259x\u015fdir. Ancaq h\u0259yat yerind\u0259 durmur, yeni al\u0259tl\u0259r meydana \u00e7\u0131x\u0131r, yeni s\u0259rmay\u0259 yerl\u0259ri maraq do\u011furur. Ona g\u00f6r\u0259 siz bu sah\u0259d\u0259 d\u0259 \u00e7ox \u00e7evik siyas\u0259t aparmal\u0131s\u0131n\u0131z. \u0130ndi d\u00fcnyada iqtisadi inki\u015faf qeyri-b\u0259rab\u0259r \u015f\u0259kild\u0259 gedir. B\u0259zi \u00f6lk\u0259l\u0259rin iqtisadiyyat\u0131 daha b\u00f6y\u00fck inki\u015fafla art\u0131r. Ona g\u00f6r\u0259 biz \u00e7ox \u00e7evik siyas\u0259t aparmaqla daha \u00e7ox g\u0259lir \u0259ld\u0259 etm\u0259k \u00fc\u00e7\u00fcn ancaq azriskli aktivl\u0259r\u0259 fikir verm\u0259liyik&#8221;.<\/p>\n","protected":false},"excerpt":{"rendered":"<p>&#8220;H\u0259yat yerind\u0259 durmur, yeni s\u0259rmay\u0259 yerl\u0259ri maraq do\u011furur&#8221;. ARANTV.AZ\u00a0\u00a0AZ\u018fRTAC-a istinad\u0259n x\u0259b\u0259r verir ki, bunu Prezident \u0130lham \u018fliyev noyabr\u0131n 29-da \u0130srafil M\u0259mm\u0259dovu yeni v\u0259zif\u0259y\u0259 &#8211; D\u00f6vl\u0259t Neft Fondunun icra\u00e7\u0131 direktoru t\u0259yin olunmas\u0131 il\u0259 \u0259laq\u0259dar q\u0259bul ed\u0259rk\u0259n deyib. Prezident \u0130lham \u018fliyev bildirib: &#8220;M\u0259n \u0259ld\u0259 edilmi\u015f nailiyy\u0259tl\u0259ri y\u00fcks\u0259k qiym\u0259tl\u0259ndirir\u0259m. O c\u00fcml\u0259d\u0259n bildirm\u0259k ist\u0259yir\u0259m ki, m\u0259n Davos \u00dcmumd\u00fcnya \u0130qtisadi Forumu \u00e7\u0259r\u00e7iv\u0259sind\u0259 d\u00fcnyan\u0131n apar\u0131c\u0131 fondlar\u0131n\u0131n r\u0259hb\u0259rl\u0259ri il\u0259 g\u00f6r\u00fc\u015fl\u0259r ke\u00e7irmi\u015f\u0259m v\u0259 \u00e7ox b\u00f6y\u00fck m\u0259mnunluq hissi il\u0259 dey\u0259 bil\u0259r\u0259m ki, onlar\u0131n da Fondumuz haqq\u0131nda fikirl\u0259ri \u00e7ox m\u00fcsb\u0259tdir. Az\u0259rbaycan D\u00f6vl\u0259t Neft Fondu n\u0259inki \u00f6lk\u0259 \u0259razisind\u0259 \u00f6n\u0259mli layih\u0259l\u0259r icra&hellip;<\/p>\n","protected":false},"author":2,"featured_media":102412,"comment_status":"closed","ping_status":"closed","sticky":false,"template":"","format":"standard","meta":{"om_disable_all_campaigns":false,"_monsterinsights_skip_tracking":false,"_monsterinsights_sitenote_active":false,"_monsterinsights_sitenote_note":"","_monsterinsights_sitenote_category":0},"categories":[4],"tags":[],"aioseo_notices":[],"gutentor_comment":0,"rttpg_featured_image_url":{"full":["https:\/\/arantv.az\/wp-content\/uploads\/2019\/11\/806439.jpg",1000,655,false],"landscape":["https:\/\/arantv.az\/wp-content\/uploads\/2019\/11\/806439.jpg",1000,655,false],"portraits":["https:\/\/arantv.az\/wp-content\/uploads\/2019\/11\/806439.jpg",1000,655,false],"thumbnail":["https:\/\/arantv.az\/wp-content\/uploads\/2019\/11\/806439-150x150.jpg",150,150,true],"medium":["https:\/\/arantv.az\/wp-content\/uploads\/2019\/11\/806439-300x197.jpg",300,197,true],"large":["https:\/\/arantv.az\/wp-content\/uploads\/2019\/11\/806439.jpg",640,419,false],"1536x1536":["https:\/\/arantv.az\/wp-content\/uploads\/2019\/11\/806439.jpg",1000,655,false],"2048x2048":["https:\/\/arantv.az\/wp-content\/uploads\/2019\/11\/806439.jpg",1000,655,false],"post-thumbnail":["https:\/\/arantv.az\/wp-content\/uploads\/2019\/11\/806439-240x172.jpg",240,172,true],"advps-thumb-one":["https:\/\/arantv.az\/wp-content\/uploads\/2019\/11\/806439-1000x620.jpg",1000,620,true]},"rttpg_author":{"display_name":"V\u00fcsal Rafiqo\u011flu","author_link":"https:\/\/arantv.az\/?author=2"},"rttpg_comment":0,"rttpg_category":"<a href=\"https:\/\/arantv.az\/?cat=4\" rel=\"category\">Siyas\u0259t<\/a>","rttpg_excerpt":"&#8220;H\u0259yat yerind\u0259 durmur, yeni s\u0259rmay\u0259 yerl\u0259ri maraq do\u011furur&#8221;. ARANTV.AZ\u00a0\u00a0AZ\u018fRTAC-a istinad\u0259n x\u0259b\u0259r verir ki, bunu Prezident \u0130lham \u018fliyev noyabr\u0131n 29-da \u0130srafil M\u0259mm\u0259dovu yeni v\u0259zif\u0259y\u0259 &#8211; D\u00f6vl\u0259t Neft Fondunun icra\u00e7\u0131 direktoru t\u0259yin olunmas\u0131 il\u0259 \u0259laq\u0259dar q\u0259bul ed\u0259rk\u0259n deyib. Prezident \u0130lham \u018fliyev bildirib: &#8220;M\u0259n \u0259ld\u0259 edilmi\u015f nailiyy\u0259tl\u0259ri y\u00fcks\u0259k qiym\u0259tl\u0259ndirir\u0259m. O c\u00fcml\u0259d\u0259n bildirm\u0259k ist\u0259yir\u0259m ki, m\u0259n Davos \u00dcmumd\u00fcnya \u0130qtisadi&hellip;","_links":{"self":[{"href":"https:\/\/arantv.az\/index.php?rest_route=\/wp\/v2\/posts\/102411"}],"collection":[{"href":"https:\/\/arantv.az\/index.php?rest_route=\/wp\/v2\/posts"}],"about":[{"href":"https:\/\/arantv.az\/index.php?rest_route=\/wp\/v2\/types\/post"}],"author":[{"embeddable":true,"href":"https:\/\/arantv.az\/index.php?rest_route=\/wp\/v2\/users\/2"}],"replies":[{"embeddable":true,"href":"https:\/\/arantv.az\/index.php?rest_route=%2Fwp%2Fv2%2Fcomments&post=102411"}],"version-history":[{"count":0,"href":"https:\/\/arantv.az\/index.php?rest_route=\/wp\/v2\/posts\/102411\/revisions"}],"wp:featuredmedia":[{"embeddable":true,"href":"https:\/\/arantv.az\/index.php?rest_route=\/wp\/v2\/media\/102412"}],"wp:attachment":[{"href":"https:\/\/arantv.az\/index.php?rest_route=%2Fwp%2Fv2%2Fmedia&parent=102411"}],"wp:term":[{"taxonomy":"category","embeddable":true,"href":"https:\/\/arantv.az\/index.php?rest_route=%2Fwp%2Fv2%2Fcategories&post=102411"},{"taxonomy":"post_tag","embeddable":true,"href":"https:\/\/arantv.az\/index.php?rest_route=%2Fwp%2Fv2%2Ftags&post=102411"}],"curies":[{"name":"wp","href":"https:\/\/api.w.org\/{rel}","templated":true}]}}