{"id":102423,"date":"2019-11-29T16:07:31","date_gmt":"2019-11-29T13:07:31","guid":{"rendered":"http:\/\/arantv.az\/?p=102423"},"modified":"2019-11-29T16:07:31","modified_gmt":"2019-11-29T13:07:31","slug":"aparici-biznes-r%c9%99hb%c9%99rl%c9%99ri-bmt-nin-qlobal-sazisinin-prinsipl%c9%99rini-muzakir%c9%99-edibl%c9%99r-foto","status":"publish","type":"post","link":"https:\/\/arantv.az\/?p=102423","title":{"rendered":"Apar\u0131c\u0131 biznes r\u0259hb\u0259rl\u0259ri BMT-nin Qlobal Sazi\u015finin prinsipl\u0259rini m\u00fczakir\u0259 edibl\u0259r &#8211; FOTO"},"content":{"rendered":"<p>BMT-nin 26 noyabr tarixind\u0259 t\u0259\u015fkil etdiyi konfransda dayan\u0131ql\u0131 \u0130nki\u015faf \u00fc\u00e7\u00fcn 2030 G\u00fcnd\u0259liyinin icras\u0131nda biznesin rolu m\u00fczakir\u0259 olunub. T\u0259dbird\u0259 d\u00f6vl\u0259t qurumlar\u0131, \u00f6lk\u0259nin apar\u0131c\u0131 \u015firk\u0259tl\u0259rin r\u0259hb\u0259rl\u0259ri, beyn\u0259lxalq t\u0259\u015fkilatlar, v\u0259t\u0259nda\u015f c\u0259miyy\u0259ti v\u0259 k\u00fctl\u0259vi informasiya vasit\u0259l\u0259rinin 80-\u0259 yax\u0131n n\u00fcmay\u0259nd\u0259si i\u015ftirak edib.<\/p>\n<p>BMT-nin rezident \u0259laq\u0259l\u0259ndiricisinin ofisi, UN\u0130CEF, BMT-nin Qlobal Sazi\u015fi, BMT Qad\u0131nlar v\u0259 BMT-nin \u0130nki\u015faf Proqram\u0131n\u0131n birg\u0259 t\u0259\u015fkil etdiyi bu konfransda BMT-nin Qlobal Sazi\u015finin 10 prinsipinin biznes siyas\u0259tl\u0259ri v\u0259 t\u0259cr\u00fcb\u0259l\u0259rin\u0259 inteqrasiyas\u0131n\u0131n \u0259h\u0259miyy\u0259ti bar\u0259d\u0259 dan\u0131\u015f\u0131l\u0131b.<\/p>\n<p>Konfrans \u00e7\u0259r\u00e7iv\u0259sind\u0259 ke\u00e7irilmi\u015f Ba\u015f icra\u00e7\u0131 direktorlar paneli \u201cB\u0259rab\u0259rsizlik bo\u015flu\u011funun aradan qald\u0131r\u0131lmas\u0131: \u0130nsan H\u00fcquqlar\u0131n\u0131n Biznesin U\u011furlu olmas\u0131nda rolu\u201d m\u00f6vzusunda ke\u00e7irilib. Panel m\u00fczakir\u0259sind\u0259 Bakcell \u015firk\u0259tinin Ba\u015f icra\u00e7\u0131 direktoru Rainer Rathgeber, Akk\u00f6k Holdinq-in icra\u00e7\u0131 \u015furan\u0131n s\u0259dri v\u0259 T\u00fcrkiy\u0259nin UN Global Compact Network t\u0259\u015fkilat\u0131n\u0131n direktorlar \u015furas\u0131n\u0131n prezidenti \u018fhm\u0259d D\u00f6rd\u00fcnc\u00fc, Crystal MicroFinance T\u0259\u015fkilat\u0131n\u0131n m\u00fc\u015fahid\u0259 \u015furas\u0131n\u0131n s\u0259dri Ar\u00e7il Bakuradze v\u0259 Norm Cement \u015firk\u0259tinin ba\u015f icra\u00e7\u0131 direktoru Henning Sasse i\u015ftirak edibl\u0259r.<\/p>\n<p>Paneld\u0259 \u00e7\u0131x\u0131\u015f\u0131 zaman\u0131 \u201cBakcell\u201din Ba\u015f icra\u00e7\u0131 direktoru Rainer Rathgeber \u015firk\u0259tin korporativ sosial m\u0259suliyy\u0259t proqram\u0131n\u0131n \u0259sas istiqam\u0259tl\u0259ri v\u0259 dayan\u0131ql\u0131 inki\u015faf m\u0259qs\u0259dl\u0259rin\u0259 nail olmas\u0131nda biznesin rolu bar\u0259d\u0259 dan\u0131\u015f\u0131b:<\/p>\n<p>\u201cB\u00f6y\u00fck \u015firk\u0259tl\u0259r \u00f6zl\u0259rinin korporativ sosial f\u0259aliyy\u0259ti vasit\u0259sil\u0259 c\u0259miyy\u0259t\u0259 b\u00f6y\u00fck t\u00f6hf\u0259 verm\u0259k imkan\u0131na malikdirl\u0259r. M\u0259s\u0259l\u0259n, Bakcell \u0259halinin \u0259n h\u0259ssas qruplar\u0131na d\u0259st\u0259k g\u00f6st\u0259rib, \u00f6lk\u0259d\u0259 t\u0259hsil v\u0259 idman kimi sah\u0259l\u0259rin inki\u015faf etdirilm\u0259si, \u0259traf m\u00fchitin qorunmas\u0131 v\u0259 b\u00fct\u00fcn insanlar\u0131 b\u0259rab\u0259r h\u00fcquq v\u0259 imkanlarla t\u0259min edilm\u0259sin\u0259 \u00f6z t\u00f6hf\u0259sini verm\u0259k \u00fc\u00e7\u00fcn \u0259lind\u0259n g\u0259l\u0259ni edir\u201d.<\/p>\n<p>Qeyd etm\u0259k laz\u0131md\u0131r ki, Bakcell \u015firk\u0259ti m\u00fcxt\u0259lif t\u0259\u015fkilatlarla \u0259m\u0259kda\u015fl\u0131q \u00e7\u0259r\u00e7iv\u0259sind\u0259 x\u00fcsusi qay\u011f\u0131ya ehtiyac\u0131 olan, h\u0259m\u00e7inin valideyn himay\u0259sind\u0259n m\u0259hrum olmu\u015f v\u0259 azt\u0259minatl\u0131 ail\u0259l\u0259rd\u0259n olan u\u015faqlara d\u0259st\u0259k g\u00f6st\u0259rir. \u0130ri sosial layih\u0259l\u0259r vasit\u0259sil\u0259 Bakcell \u015firk\u0259ti x\u00fcsusi qay\u011f\u0131ya ehtiyac\u0131 olan u\u015faqlar \u00fc\u00e7\u00fcn b\u0259rab\u0259r h\u00fcquq v\u0259 imkanlar\u0131n t\u0259min edilm\u0259si, asud\u0259 vaxtlar\u0131n\u0131n s\u0259m\u0259r\u0259li t\u0259\u015fkili v\u0259 c\u0259miyy\u0259t\u0259 tam inteqrasiya olunmalar\u0131 \u00fc\u00e7\u00fcn \u015f\u0259rait yarad\u0131r.<\/p>\n<p>\u201c\u0130stehlak biznesind\u0259 f\u0259aliyy\u0259t g\u00f6st\u0259r\u0259n b\u00f6y\u00fck \u015firk\u0259tl\u0259rd\u0259 \u00e7al\u0131\u015faraq, b\u0259z\u0259n ideal bir d\u00fcnyada ya\u015fad\u0131\u011f\u0131m\u0131z\u0131 z\u0259nn edirik, lakin etiraf etm\u0259k laz\u0131md\u0131r ki d\u00fcnya ideal deyil v\u0259 bir \u00e7ox insanlar h\u0259mi\u015f\u0259 unudulmu\u015f qal\u0131r.<\/p>\n<p>Biz, t\u0259hsil almaq imkan\u0131 olmayan, x\u00fcsusi ehtiyaclar\u0131 olan v\u0259 istedadlar\u0131n\u0131 n\u00fcmayi\u015f etdirm\u0259y\u0259 \u015fans\u0131 olmayan insanlar\u0131 yaddan \u00e7\u0131xarmamal\u0131y\u0131q. B\u00f6y\u00fck \u015firk\u0259tl\u0259r\u0259 mesaj\u0131m o olacaq ki, g\u0259lin g\u00f6z\u0259l s\u00f6zl\u0259r v\u0259 nitql\u0259rn\u0259n m\u0259hdudla\u015fmayaq v\u0259 he\u00e7 k\u0259si yaddan \u00e7\u0131xarmamaq \u00fc\u00e7\u00fcn h\u0259r g\u00fcn real v\u0259 g\u00f6z\u0259l i\u015fl\u0259r g\u00f6r\u0259k!\u201d dey\u0259 c\u0259nab Rathgeber \u0259lav\u0259 edib.<\/p>\n<p>BMT-nin ba\u015f katibinin t\u0259\u015f\u0259bb\u00fcs\u00fc il\u0259 2000-ci ild\u0259 \u0259sas\u0131 qoyulmu\u015f BMT-nin Qlobal Sazi\u015fi daha dayan\u0131ql\u0131 v\u0259 m\u0259suliyy\u0259tli biznesl\u0259rin yarad\u0131lmas\u0131 \u00fc\u00e7\u00fcn \u00e7\u0259r\u00e7iv\u0259ni t\u0259klif edir. 160-dan \u00e7ox \u00f6lk\u0259d\u0259n 10,000 \u015firk\u0259t v\u0259 3,000 qeyri-biznes qurumu, el\u0259c\u0259 d\u0259 60-dan \u00e7ox yerli \u015f\u0259b\u0259k\u0259ni b\u0131r araya g\u0259tir\u0259n BMT-nin Qlobal Sazi\u015fi bu g\u00fcn d\u00fcnyan\u0131n \u0259n b\u00f6y\u00fck korporativ dayan\u0131ql\u0131l\u0131q t\u0259\u015f\u0259bb\u00fcs\u00fcd\u00fcr.<\/p>\n<div class=\"gallery\">\n<div class=\"gallery-i\"><img src=\"https:\/\/assets.oxu.az\/uploads\/W1siZiIsIjIwMTkvMTEvMjkvMTYvNTcvMjUvZWI5Y2I2ODQtZGRhZS00MTg4LWJhNjQtNTY2Nzk1MjYzNmQyLzIwMTkxMTI2XzEyMTg1NiAoMSkuanBnIl0sWyJwIiwiZW5jb2RlIiwianBnIiwiLXF1YWxpdHkgODAiXSxbInAiLCJ0aHVtYiIsIjU5MHg1OTBcdTAwM2UiXV0?sha=3273151bd611bb35\" alt=\"\" \/><\/div>\n<\/div>\n","protected":false},"excerpt":{"rendered":"<p>BMT-nin 26 noyabr tarixind\u0259 t\u0259\u015fkil etdiyi konfransda dayan\u0131ql\u0131 \u0130nki\u015faf \u00fc\u00e7\u00fcn 2030 G\u00fcnd\u0259liyinin icras\u0131nda biznesin rolu m\u00fczakir\u0259 olunub. T\u0259dbird\u0259 d\u00f6vl\u0259t qurumlar\u0131, \u00f6lk\u0259nin apar\u0131c\u0131 \u015firk\u0259tl\u0259rin r\u0259hb\u0259rl\u0259ri, beyn\u0259lxalq t\u0259\u015fkilatlar, v\u0259t\u0259nda\u015f c\u0259miyy\u0259ti v\u0259 k\u00fctl\u0259vi informasiya vasit\u0259l\u0259rinin 80-\u0259 yax\u0131n n\u00fcmay\u0259nd\u0259si i\u015ftirak edib. BMT-nin rezident \u0259laq\u0259l\u0259ndiricisinin ofisi, UN\u0130CEF, BMT-nin Qlobal Sazi\u015fi, BMT Qad\u0131nlar v\u0259 BMT-nin \u0130nki\u015faf Proqram\u0131n\u0131n birg\u0259 t\u0259\u015fkil etdiyi bu konfransda BMT-nin Qlobal Sazi\u015finin 10 prinsipinin biznes siyas\u0259tl\u0259ri v\u0259 t\u0259cr\u00fcb\u0259l\u0259rin\u0259 inteqrasiyas\u0131n\u0131n \u0259h\u0259miyy\u0259ti bar\u0259d\u0259 dan\u0131\u015f\u0131l\u0131b. Konfrans \u00e7\u0259r\u00e7iv\u0259sind\u0259 ke\u00e7irilmi\u015f Ba\u015f icra\u00e7\u0131 direktorlar paneli \u201cB\u0259rab\u0259rsizlik bo\u015flu\u011funun aradan qald\u0131r\u0131lmas\u0131: \u0130nsan H\u00fcquqlar\u0131n\u0131n Biznesin U\u011furlu olmas\u0131nda rolu\u201d m\u00f6vzusunda ke\u00e7irilib. Panel m\u00fczakir\u0259sind\u0259&hellip;<\/p>\n","protected":false},"author":2,"featured_media":102424,"comment_status":"closed","ping_status":"closed","sticky":false,"template":"","format":"standard","meta":{"om_disable_all_campaigns":false,"_monsterinsights_skip_tracking":false,"_monsterinsights_sitenote_active":false,"_monsterinsights_sitenote_note":"","_monsterinsights_sitenote_category":0},"categories":[1],"tags":[],"aioseo_notices":[],"gutentor_comment":0,"rttpg_featured_image_url":{"full":["https:\/\/arantv.az\/wp-content\/uploads\/2019\/11\/20191126_120016-1.jpg",620,465,false],"landscape":["https:\/\/arantv.az\/wp-content\/uploads\/2019\/11\/20191126_120016-1.jpg",620,465,false],"portraits":["https:\/\/arantv.az\/wp-content\/uploads\/2019\/11\/20191126_120016-1.jpg",620,465,false],"thumbnail":["https:\/\/arantv.az\/wp-content\/uploads\/2019\/11\/20191126_120016-1-150x150.jpg",150,150,true],"medium":["https:\/\/arantv.az\/wp-content\/uploads\/2019\/11\/20191126_120016-1-300x225.jpg",300,225,true],"large":["https:\/\/arantv.az\/wp-content\/uploads\/2019\/11\/20191126_120016-1.jpg",620,465,false],"1536x1536":["https:\/\/arantv.az\/wp-content\/uploads\/2019\/11\/20191126_120016-1.jpg",620,465,false],"2048x2048":["https:\/\/arantv.az\/wp-content\/uploads\/2019\/11\/20191126_120016-1.jpg",620,465,false],"post-thumbnail":["https:\/\/arantv.az\/wp-content\/uploads\/2019\/11\/20191126_120016-1-240x172.jpg",240,172,true],"advps-thumb-one":["https:\/\/arantv.az\/wp-content\/uploads\/2019\/11\/20191126_120016-1.jpg",620,465,false]},"rttpg_author":{"display_name":"V\u00fcsal Rafiqo\u011flu","author_link":"https:\/\/arantv.az\/?author=2"},"rttpg_comment":0,"rttpg_category":"<a href=\"https:\/\/arantv.az\/?cat=1\" rel=\"category\">C\u0259miyy\u0259t<\/a>","rttpg_excerpt":"BMT-nin 26 noyabr tarixind\u0259 t\u0259\u015fkil etdiyi konfransda dayan\u0131ql\u0131 \u0130nki\u015faf \u00fc\u00e7\u00fcn 2030 G\u00fcnd\u0259liyinin icras\u0131nda biznesin rolu m\u00fczakir\u0259 olunub. T\u0259dbird\u0259 d\u00f6vl\u0259t qurumlar\u0131, \u00f6lk\u0259nin apar\u0131c\u0131 \u015firk\u0259tl\u0259rin r\u0259hb\u0259rl\u0259ri, beyn\u0259lxalq t\u0259\u015fkilatlar, v\u0259t\u0259nda\u015f c\u0259miyy\u0259ti v\u0259 k\u00fctl\u0259vi informasiya vasit\u0259l\u0259rinin 80-\u0259 yax\u0131n n\u00fcmay\u0259nd\u0259si i\u015ftirak edib. BMT-nin rezident \u0259laq\u0259l\u0259ndiricisinin ofisi, UN\u0130CEF, BMT-nin Qlobal Sazi\u015fi, BMT Qad\u0131nlar v\u0259 BMT-nin \u0130nki\u015faf Proqram\u0131n\u0131n birg\u0259 t\u0259\u015fkil etdiyi bu&hellip;","_links":{"self":[{"href":"https:\/\/arantv.az\/index.php?rest_route=\/wp\/v2\/posts\/102423"}],"collection":[{"href":"https:\/\/arantv.az\/index.php?rest_route=\/wp\/v2\/posts"}],"about":[{"href":"https:\/\/arantv.az\/index.php?rest_route=\/wp\/v2\/types\/post"}],"author":[{"embeddable":true,"href":"https:\/\/arantv.az\/index.php?rest_route=\/wp\/v2\/users\/2"}],"replies":[{"embeddable":true,"href":"https:\/\/arantv.az\/index.php?rest_route=%2Fwp%2Fv2%2Fcomments&post=102423"}],"version-history":[{"count":0,"href":"https:\/\/arantv.az\/index.php?rest_route=\/wp\/v2\/posts\/102423\/revisions"}],"wp:featuredmedia":[{"embeddable":true,"href":"https:\/\/arantv.az\/index.php?rest_route=\/wp\/v2\/media\/102424"}],"wp:attachment":[{"href":"https:\/\/arantv.az\/index.php?rest_route=%2Fwp%2Fv2%2Fmedia&parent=102423"}],"wp:term":[{"taxonomy":"category","embeddable":true,"href":"https:\/\/arantv.az\/index.php?rest_route=%2Fwp%2Fv2%2Fcategories&post=102423"},{"taxonomy":"post_tag","embeddable":true,"href":"https:\/\/arantv.az\/index.php?rest_route=%2Fwp%2Fv2%2Ftags&post=102423"}],"curies":[{"name":"wp","href":"https:\/\/api.w.org\/{rel}","templated":true}]}}