{"id":102427,"date":"2019-11-29T16:24:45","date_gmt":"2019-11-29T13:24:45","guid":{"rendered":"http:\/\/arantv.az\/?p=102427"},"modified":"2019-11-29T16:24:45","modified_gmt":"2019-11-29T13:24:45","slug":"az%c9%99rbaycan-respublikasi-prezidentinin-administrasiyasinin-aciqlamasi","status":"publish","type":"post","link":"https:\/\/arantv.az\/?p=102427","title":{"rendered":"Az\u0259rbaycan Respublikas\u0131 Prezidentinin Administrasiyas\u0131n\u0131n a\u00e7\u0131qlamas\u0131"},"content":{"rendered":"<p>Az\u0259rbaycan Respublikas\u0131 Prezidentinin S\u0259r\u0259ncam\u0131 il\u0259 Az\u0259rbaycan Respublikas\u0131 Prezidentinin Administrasiyas\u0131n\u0131n yeni strukturu t\u0259sdiq olunub.<\/p>\n<p><strong>ARANTV.AZ<\/strong>\u00a0\u00a0<a href=\"http:\/\/az.trend.az\/\" target=\"_blank\" rel=\"noopener\">Trend<\/a>-\u0259 istinad\u0259n bildirir ki,\u00a0Az\u0259rbaycan Respublikas\u0131 Prezidentinin Administrasiyas\u0131n\u0131n i\u015finin t\u0259kmill\u0259\u015fdirilm\u0259si v\u0259 qar\u015f\u0131ya qoyulan v\u0259zif\u0259l\u0259rd\u0259n ir\u0259li g\u0259l\u0259r\u0259k strukturun t\u0259rkibi yenid\u0259n formala\u015fd\u0131r\u0131l\u0131b. Az\u0259rbaycan Respublikas\u0131 Prezidentinin m\u00fcvafiq S\u0259r\u0259ncamlar\u0131 il\u0259 Az\u0259rbaycan Respublikas\u0131 Prezidentinin yeni k\u00f6m\u0259k\u00e7il\u0259ri v\u0259 Az\u0259rbaycan Respublikas\u0131 Prezidentinin Administrasiyas\u0131n\u0131n \u015f\u00f6b\u0259 m\u00fcdirl\u0259ri t\u0259yin olunub.<\/p>\n<p>Qar\u015f\u0131ya qoyulan v\u0259zif\u0259l\u0259r\u0259 uy\u011fun olaraq eyni zamanda, Az\u0259rbaycan Respublikas\u0131 Prezidentinin Administrasiyas\u0131 haqq\u0131nda \u018fsasnam\u0259nin layih\u0259si bir ay m\u00fcdd\u0259tind\u0259 haz\u0131rlanaraq Az\u0259rbaycan Respublikas\u0131 Prezidentin\u0259 t\u0259qdim edil\u0259c\u0259kdir.<\/p>\n<p>Az\u0259rbaycan Respublikas\u0131 Prezidentinin Administrasiyas\u0131n\u0131n yeni strukturu il\u0259 ba\u011fl\u0131 m\u00fcvafiq s\u0259n\u0259dl\u0259r Az\u0259rbaycan Respublikas\u0131 Prezidentinin r\u0259smi sayt\u0131nda (www.president.az) yerl\u0259\u015fdirilib.<\/p>\n","protected":false},"excerpt":{"rendered":"<p>Az\u0259rbaycan Respublikas\u0131 Prezidentinin S\u0259r\u0259ncam\u0131 il\u0259 Az\u0259rbaycan Respublikas\u0131 Prezidentinin Administrasiyas\u0131n\u0131n yeni strukturu t\u0259sdiq olunub. ARANTV.AZ\u00a0\u00a0Trend-\u0259 istinad\u0259n bildirir ki,\u00a0Az\u0259rbaycan Respublikas\u0131 Prezidentinin Administrasiyas\u0131n\u0131n i\u015finin t\u0259kmill\u0259\u015fdirilm\u0259si v\u0259 qar\u015f\u0131ya qoyulan v\u0259zif\u0259l\u0259rd\u0259n ir\u0259li g\u0259l\u0259r\u0259k strukturun t\u0259rkibi yenid\u0259n formala\u015fd\u0131r\u0131l\u0131b. Az\u0259rbaycan Respublikas\u0131 Prezidentinin m\u00fcvafiq S\u0259r\u0259ncamlar\u0131 il\u0259 Az\u0259rbaycan Respublikas\u0131 Prezidentinin yeni k\u00f6m\u0259k\u00e7il\u0259ri v\u0259 Az\u0259rbaycan Respublikas\u0131 Prezidentinin Administrasiyas\u0131n\u0131n \u015f\u00f6b\u0259 m\u00fcdirl\u0259ri t\u0259yin olunub. Qar\u015f\u0131ya qoyulan v\u0259zif\u0259l\u0259r\u0259 uy\u011fun olaraq eyni zamanda, Az\u0259rbaycan Respublikas\u0131 Prezidentinin Administrasiyas\u0131 haqq\u0131nda \u018fsasnam\u0259nin layih\u0259si bir ay m\u00fcdd\u0259tind\u0259 haz\u0131rlanaraq Az\u0259rbaycan Respublikas\u0131 Prezidentin\u0259 t\u0259qdim edil\u0259c\u0259kdir. Az\u0259rbaycan Respublikas\u0131 Prezidentinin Administrasiyas\u0131n\u0131n yeni strukturu il\u0259 ba\u011fl\u0131 m\u00fcvafiq s\u0259n\u0259dl\u0259r Az\u0259rbaycan Respublikas\u0131 Prezidentinin r\u0259smi sayt\u0131nda&hellip;<\/p>\n","protected":false},"author":2,"featured_media":102428,"comment_status":"closed","ping_status":"closed","sticky":false,"template":"","format":"standard","meta":{"om_disable_all_campaigns":false,"_monsterinsights_skip_tracking":false,"_monsterinsights_sitenote_active":false,"_monsterinsights_sitenote_note":"","_monsterinsights_sitenote_category":0},"categories":[4],"tags":[],"aioseo_notices":[],"gutentor_comment":0,"rttpg_featured_image_url":{"full":["https:\/\/arantv.az\/wp-content\/uploads\/2019\/11\/806450.jpg",367,275,false],"landscape":["https:\/\/arantv.az\/wp-content\/uploads\/2019\/11\/806450.jpg",367,275,false],"portraits":["https:\/\/arantv.az\/wp-content\/uploads\/2019\/11\/806450.jpg",367,275,false],"thumbnail":["https:\/\/arantv.az\/wp-content\/uploads\/2019\/11\/806450-150x150.jpg",150,150,true],"medium":["https:\/\/arantv.az\/wp-content\/uploads\/2019\/11\/806450-300x225.jpg",300,225,true],"large":["https:\/\/arantv.az\/wp-content\/uploads\/2019\/11\/806450.jpg",367,275,false],"1536x1536":["https:\/\/arantv.az\/wp-content\/uploads\/2019\/11\/806450.jpg",367,275,false],"2048x2048":["https:\/\/arantv.az\/wp-content\/uploads\/2019\/11\/806450.jpg",367,275,false],"post-thumbnail":["https:\/\/arantv.az\/wp-content\/uploads\/2019\/11\/806450-240x172.jpg",240,172,true],"advps-thumb-one":["https:\/\/arantv.az\/wp-content\/uploads\/2019\/11\/806450.jpg",367,275,false]},"rttpg_author":{"display_name":"V\u00fcsal Rafiqo\u011flu","author_link":"https:\/\/arantv.az\/?author=2"},"rttpg_comment":0,"rttpg_category":"<a href=\"https:\/\/arantv.az\/?cat=4\" rel=\"category\">Siyas\u0259t<\/a>","rttpg_excerpt":"Az\u0259rbaycan Respublikas\u0131 Prezidentinin S\u0259r\u0259ncam\u0131 il\u0259 Az\u0259rbaycan Respublikas\u0131 Prezidentinin Administrasiyas\u0131n\u0131n yeni strukturu t\u0259sdiq olunub. ARANTV.AZ\u00a0\u00a0Trend-\u0259 istinad\u0259n bildirir ki,\u00a0Az\u0259rbaycan Respublikas\u0131 Prezidentinin Administrasiyas\u0131n\u0131n i\u015finin t\u0259kmill\u0259\u015fdirilm\u0259si v\u0259 qar\u015f\u0131ya qoyulan v\u0259zif\u0259l\u0259rd\u0259n ir\u0259li g\u0259l\u0259r\u0259k strukturun t\u0259rkibi yenid\u0259n formala\u015fd\u0131r\u0131l\u0131b. Az\u0259rbaycan Respublikas\u0131 Prezidentinin m\u00fcvafiq S\u0259r\u0259ncamlar\u0131 il\u0259 Az\u0259rbaycan Respublikas\u0131 Prezidentinin yeni k\u00f6m\u0259k\u00e7il\u0259ri v\u0259 Az\u0259rbaycan Respublikas\u0131 Prezidentinin Administrasiyas\u0131n\u0131n \u015f\u00f6b\u0259 m\u00fcdirl\u0259ri t\u0259yin olunub. Qar\u015f\u0131ya qoyulan v\u0259zif\u0259l\u0259r\u0259&hellip;","_links":{"self":[{"href":"https:\/\/arantv.az\/index.php?rest_route=\/wp\/v2\/posts\/102427"}],"collection":[{"href":"https:\/\/arantv.az\/index.php?rest_route=\/wp\/v2\/posts"}],"about":[{"href":"https:\/\/arantv.az\/index.php?rest_route=\/wp\/v2\/types\/post"}],"author":[{"embeddable":true,"href":"https:\/\/arantv.az\/index.php?rest_route=\/wp\/v2\/users\/2"}],"replies":[{"embeddable":true,"href":"https:\/\/arantv.az\/index.php?rest_route=%2Fwp%2Fv2%2Fcomments&post=102427"}],"version-history":[{"count":0,"href":"https:\/\/arantv.az\/index.php?rest_route=\/wp\/v2\/posts\/102427\/revisions"}],"wp:featuredmedia":[{"embeddable":true,"href":"https:\/\/arantv.az\/index.php?rest_route=\/wp\/v2\/media\/102428"}],"wp:attachment":[{"href":"https:\/\/arantv.az\/index.php?rest_route=%2Fwp%2Fv2%2Fmedia&parent=102427"}],"wp:term":[{"taxonomy":"category","embeddable":true,"href":"https:\/\/arantv.az\/index.php?rest_route=%2Fwp%2Fv2%2Fcategories&post=102427"},{"taxonomy":"post_tag","embeddable":true,"href":"https:\/\/arantv.az\/index.php?rest_route=%2Fwp%2Fv2%2Ftags&post=102427"}],"curies":[{"name":"wp","href":"https:\/\/api.w.org\/{rel}","templated":true}]}}