{"id":102435,"date":"2019-11-29T16:32:14","date_gmt":"2019-11-29T13:32:14","guid":{"rendered":"http:\/\/arantv.az\/?p=102435"},"modified":"2019-11-29T16:32:14","modified_gmt":"2019-11-29T13:32:14","slug":"ilham-%c9%99liyev-prezident-administrasiyasinin-strukturunu-t%c9%99sdiql%c9%99di","status":"publish","type":"post","link":"https:\/\/arantv.az\/?p=102435","title":{"rendered":"\u0130lham \u018fliyev Prezident Administrasiyas\u0131n\u0131n strukturunu t\u0259sdiql\u0259di"},"content":{"rendered":"<p>Prezident \u0130lham \u018fliyev Az\u0259rbaycan Respublikas\u0131 Prezidentinin Administrasiyas\u0131n\u0131n strukturunun t\u0259sdiq edilm\u0259si haqq\u0131nda s\u0259r\u0259ncam\u00a0<a href=\"https:\/\/azertag.az\/xeber\/Azerbaycan_Respublikasi_Prezidentinin_Administrasiyasinin_strukturunun_tesdiq_edilmesi_haqqinda__Azerbaycan_Respublikasi_Prezidentinin_Serencami-1361373\" target=\"_blank\" rel=\"noopener\">imzalay\u0131b<\/a>.<\/p>\n<p>S\u0259r\u0259ncama \u0259sas\u0259n,\u00a0Az\u0259rbaycan Respublikas\u0131 Prezidentinin Administrasiyas\u0131n\u0131n strukturu t\u0259sdiq edilib.<\/p>\n<p>Az\u0259rbaycan Respublikas\u0131 Prezidentinin Administrasiyas\u0131:<\/p>\n<div id=\"AdviadNativeVideo0\" class=\"AdviadNativeVideo\"><\/div>\n<p>&#8211; Az\u0259rbaycan Respublikas\u0131 Prezidentinin Administrasiyas\u0131 haqq\u0131nda \u018fsasnam\u0259nin layih\u0259sini bir ay m\u00fcdd\u0259tind\u0259 haz\u0131rlay\u0131b Az\u0259rbaycan Respublikas\u0131n\u0131n Prezidentin\u0259 t\u0259qdim etsin;<\/p>\n<p>&#8211; Az\u0259rbaycan Respublikas\u0131n\u0131n Birinci vitse-prezidentinin Katibliyi istisna olmaqla, Administrasiyan\u0131n dig\u0259r struktur b\u00f6lm\u0259l\u0259rinin \u015ftat c\u0259dv\u0259lini bir ay m\u00fcdd\u0259tind\u0259 t\u0259sdiq etsin;<\/p>\n<p>&#8211; bu S\u0259r\u0259ncamdan ir\u0259li g\u0259l\u0259n dig\u0259r m\u0259s\u0259l\u0259l\u0259ri h\u0259ll etsin.<\/p>\n<p>Az\u0259rbaycan Respublikas\u0131n\u0131n Nazirl\u0259r Kabineti bu S\u0259r\u0259ncamdan ir\u0259li g\u0259l\u0259n m\u0259s\u0259l\u0259l\u0259ri h\u0259ll etm\u0259lidir.<\/p>\n","protected":false},"excerpt":{"rendered":"<p>Prezident \u0130lham \u018fliyev Az\u0259rbaycan Respublikas\u0131 Prezidentinin Administrasiyas\u0131n\u0131n strukturunun t\u0259sdiq edilm\u0259si haqq\u0131nda s\u0259r\u0259ncam\u00a0imzalay\u0131b. S\u0259r\u0259ncama \u0259sas\u0259n,\u00a0Az\u0259rbaycan Respublikas\u0131 Prezidentinin Administrasiyas\u0131n\u0131n strukturu t\u0259sdiq edilib. Az\u0259rbaycan Respublikas\u0131 Prezidentinin Administrasiyas\u0131: &#8211; Az\u0259rbaycan Respublikas\u0131 Prezidentinin Administrasiyas\u0131 haqq\u0131nda \u018fsasnam\u0259nin layih\u0259sini bir ay m\u00fcdd\u0259tind\u0259 haz\u0131rlay\u0131b Az\u0259rbaycan Respublikas\u0131n\u0131n Prezidentin\u0259 t\u0259qdim etsin; &#8211; Az\u0259rbaycan Respublikas\u0131n\u0131n Birinci vitse-prezidentinin Katibliyi istisna olmaqla, Administrasiyan\u0131n dig\u0259r struktur b\u00f6lm\u0259l\u0259rinin \u015ftat c\u0259dv\u0259lini bir ay m\u00fcdd\u0259tind\u0259 t\u0259sdiq etsin; &#8211; bu S\u0259r\u0259ncamdan ir\u0259li g\u0259l\u0259n dig\u0259r m\u0259s\u0259l\u0259l\u0259ri h\u0259ll etsin. Az\u0259rbaycan Respublikas\u0131n\u0131n Nazirl\u0259r Kabineti bu S\u0259r\u0259ncamdan ir\u0259li g\u0259l\u0259n m\u0259s\u0259l\u0259l\u0259ri h\u0259ll etm\u0259lidir.<\/p>\n","protected":false},"author":2,"featured_media":102436,"comment_status":"closed","ping_status":"closed","sticky":false,"template":"","format":"standard","meta":{"om_disable_all_campaigns":false,"_monsterinsights_skip_tracking":false,"_monsterinsights_sitenote_active":false,"_monsterinsights_sitenote_note":"","_monsterinsights_sitenote_category":0},"categories":[4],"tags":[],"aioseo_notices":[],"gutentor_comment":0,"rttpg_featured_image_url":{"full":["https:\/\/arantv.az\/wp-content\/uploads\/2019\/11\/ilham_aliyev_main__221216_1.jpg",620,465,false],"landscape":["https:\/\/arantv.az\/wp-content\/uploads\/2019\/11\/ilham_aliyev_main__221216_1.jpg",620,465,false],"portraits":["https:\/\/arantv.az\/wp-content\/uploads\/2019\/11\/ilham_aliyev_main__221216_1.jpg",620,465,false],"thumbnail":["https:\/\/arantv.az\/wp-content\/uploads\/2019\/11\/ilham_aliyev_main__221216_1-150x150.jpg",150,150,true],"medium":["https:\/\/arantv.az\/wp-content\/uploads\/2019\/11\/ilham_aliyev_main__221216_1-300x225.jpg",300,225,true],"large":["https:\/\/arantv.az\/wp-content\/uploads\/2019\/11\/ilham_aliyev_main__221216_1.jpg",620,465,false],"1536x1536":["https:\/\/arantv.az\/wp-content\/uploads\/2019\/11\/ilham_aliyev_main__221216_1.jpg",620,465,false],"2048x2048":["https:\/\/arantv.az\/wp-content\/uploads\/2019\/11\/ilham_aliyev_main__221216_1.jpg",620,465,false],"post-thumbnail":["https:\/\/arantv.az\/wp-content\/uploads\/2019\/11\/ilham_aliyev_main__221216_1-240x172.jpg",240,172,true],"advps-thumb-one":["https:\/\/arantv.az\/wp-content\/uploads\/2019\/11\/ilham_aliyev_main__221216_1.jpg",620,465,false]},"rttpg_author":{"display_name":"V\u00fcsal Rafiqo\u011flu","author_link":"https:\/\/arantv.az\/?author=2"},"rttpg_comment":0,"rttpg_category":"<a href=\"https:\/\/arantv.az\/?cat=4\" rel=\"category\">Siyas\u0259t<\/a>","rttpg_excerpt":"Prezident \u0130lham \u018fliyev Az\u0259rbaycan Respublikas\u0131 Prezidentinin Administrasiyas\u0131n\u0131n strukturunun t\u0259sdiq edilm\u0259si haqq\u0131nda s\u0259r\u0259ncam\u00a0imzalay\u0131b. S\u0259r\u0259ncama \u0259sas\u0259n,\u00a0Az\u0259rbaycan Respublikas\u0131 Prezidentinin Administrasiyas\u0131n\u0131n strukturu t\u0259sdiq edilib. Az\u0259rbaycan Respublikas\u0131 Prezidentinin Administrasiyas\u0131: &#8211; Az\u0259rbaycan Respublikas\u0131 Prezidentinin Administrasiyas\u0131 haqq\u0131nda \u018fsasnam\u0259nin layih\u0259sini bir ay m\u00fcdd\u0259tind\u0259 haz\u0131rlay\u0131b Az\u0259rbaycan Respublikas\u0131n\u0131n Prezidentin\u0259 t\u0259qdim etsin; &#8211; Az\u0259rbaycan Respublikas\u0131n\u0131n Birinci vitse-prezidentinin Katibliyi istisna olmaqla, Administrasiyan\u0131n dig\u0259r struktur b\u00f6lm\u0259l\u0259rinin \u015ftat c\u0259dv\u0259lini&hellip;","_links":{"self":[{"href":"https:\/\/arantv.az\/index.php?rest_route=\/wp\/v2\/posts\/102435"}],"collection":[{"href":"https:\/\/arantv.az\/index.php?rest_route=\/wp\/v2\/posts"}],"about":[{"href":"https:\/\/arantv.az\/index.php?rest_route=\/wp\/v2\/types\/post"}],"author":[{"embeddable":true,"href":"https:\/\/arantv.az\/index.php?rest_route=\/wp\/v2\/users\/2"}],"replies":[{"embeddable":true,"href":"https:\/\/arantv.az\/index.php?rest_route=%2Fwp%2Fv2%2Fcomments&post=102435"}],"version-history":[{"count":0,"href":"https:\/\/arantv.az\/index.php?rest_route=\/wp\/v2\/posts\/102435\/revisions"}],"wp:featuredmedia":[{"embeddable":true,"href":"https:\/\/arantv.az\/index.php?rest_route=\/wp\/v2\/media\/102436"}],"wp:attachment":[{"href":"https:\/\/arantv.az\/index.php?rest_route=%2Fwp%2Fv2%2Fmedia&parent=102435"}],"wp:term":[{"taxonomy":"category","embeddable":true,"href":"https:\/\/arantv.az\/index.php?rest_route=%2Fwp%2Fv2%2Fcategories&post=102435"},{"taxonomy":"post_tag","embeddable":true,"href":"https:\/\/arantv.az\/index.php?rest_route=%2Fwp%2Fv2%2Ftags&post=102435"}],"curies":[{"name":"wp","href":"https:\/\/api.w.org\/{rel}","templated":true}]}}