{"id":102439,"date":"2019-11-29T16:33:03","date_gmt":"2019-11-29T13:33:03","guid":{"rendered":"http:\/\/arantv.az\/?p=102439"},"modified":"2019-11-29T16:33:03","modified_gmt":"2019-11-29T13:33:03","slug":"ilham-%c9%99liyev-eldar-nuriyevi-v%c9%99zif%c9%99sind%c9%99n-azad-etdi","status":"publish","type":"post","link":"https:\/\/arantv.az\/?p=102439","title":{"rendered":"\u0130lham \u018fliyev Eldar Nuriyevi v\u0259zif\u0259sind\u0259n azad etdi"},"content":{"rendered":"<p>Prezident \u0130lham \u018fliyev Eldar Nuriyevin Az\u0259rbaycan Respublikas\u0131 Prezidentinin Administrasiyas\u0131n\u0131n D\u00f6vl\u0259t n\u0259zar\u0259ti \u015f\u00f6b\u0259sinin m\u00fcdiri v\u0259zif\u0259sind\u0259n azad edilm\u0259si haqq\u0131nda s\u0259r\u0259ncam\u00a0<a href=\"https:\/\/azertag.az\/xeber\/EQNuriyevin_Azerbaycan_Respublikasi_Prezidentinin_Administrasiyasinin_Dovlet_nezareti_sobesinin_mudiri_vezifesinden_azad_edilmesi_haqqinda__Azerbaycan_Respublikasi_Prezidentinin_Serencami-1361376\" target=\"_blank\" rel=\"noopener\">imzalay\u0131b<\/a>.<\/p>\n<div id=\"AdviadNativeVideo0\" class=\"AdviadNativeVideo\"><\/div>\n<p>S\u0259r\u0259ncama \u0259sas\u0259n, Eldar Qas\u0131m o\u011flu Nuriyev Az\u0259rbaycan Respublikas\u0131 Prezidentinin Administrasiyas\u0131n\u0131n D\u00f6vl\u0259t n\u0259zar\u0259ti \u015f\u00f6b\u0259sinin m\u00fcdiri v\u0259zif\u0259sind\u0259n azad edilib.<\/p>\n<p>Bu S\u0259r\u0259ncam imzaland\u0131\u011f\u0131 g\u00fcnd\u0259n q\u00fcvv\u0259y\u0259 minir.<\/p>\n","protected":false},"excerpt":{"rendered":"<p>Prezident \u0130lham \u018fliyev Eldar Nuriyevin Az\u0259rbaycan Respublikas\u0131 Prezidentinin Administrasiyas\u0131n\u0131n D\u00f6vl\u0259t n\u0259zar\u0259ti \u015f\u00f6b\u0259sinin m\u00fcdiri v\u0259zif\u0259sind\u0259n azad edilm\u0259si haqq\u0131nda s\u0259r\u0259ncam\u00a0imzalay\u0131b. S\u0259r\u0259ncama \u0259sas\u0259n, Eldar Qas\u0131m o\u011flu Nuriyev Az\u0259rbaycan Respublikas\u0131 Prezidentinin Administrasiyas\u0131n\u0131n D\u00f6vl\u0259t n\u0259zar\u0259ti \u015f\u00f6b\u0259sinin m\u00fcdiri v\u0259zif\u0259sind\u0259n azad edilib. Bu S\u0259r\u0259ncam imzaland\u0131\u011f\u0131 g\u00fcnd\u0259n q\u00fcvv\u0259y\u0259 minir.<\/p>\n","protected":false},"author":2,"featured_media":102440,"comment_status":"closed","ping_status":"closed","sticky":false,"template":"","format":"standard","meta":{"om_disable_all_campaigns":false,"_monsterinsights_skip_tracking":false,"_monsterinsights_sitenote_active":false,"_monsterinsights_sitenote_note":"","_monsterinsights_sitenote_category":0},"categories":[4],"tags":[],"aioseo_notices":[],"gutentor_comment":0,"rttpg_featured_image_url":{"full":["https:\/\/arantv.az\/wp-content\/uploads\/2019\/11\/S\u00c9_r\u00c9_ncam.jpg",620,388,false],"landscape":["https:\/\/arantv.az\/wp-content\/uploads\/2019\/11\/S\u00c9_r\u00c9_ncam.jpg",620,388,false],"portraits":["https:\/\/arantv.az\/wp-content\/uploads\/2019\/11\/S\u00c9_r\u00c9_ncam.jpg",620,388,false],"thumbnail":["https:\/\/arantv.az\/wp-content\/uploads\/2019\/11\/S\u00c9_r\u00c9_ncam-150x150.jpg",150,150,true],"medium":["https:\/\/arantv.az\/wp-content\/uploads\/2019\/11\/S\u00c9_r\u00c9_ncam-300x188.jpg",300,188,true],"large":["https:\/\/arantv.az\/wp-content\/uploads\/2019\/11\/S\u00c9_r\u00c9_ncam.jpg",620,388,false],"1536x1536":["https:\/\/arantv.az\/wp-content\/uploads\/2019\/11\/S\u00c9_r\u00c9_ncam.jpg",620,388,false],"2048x2048":["https:\/\/arantv.az\/wp-content\/uploads\/2019\/11\/S\u00c9_r\u00c9_ncam.jpg",620,388,false],"post-thumbnail":["https:\/\/arantv.az\/wp-content\/uploads\/2019\/11\/S\u00c9_r\u00c9_ncam-240x172.jpg",240,172,true],"advps-thumb-one":["https:\/\/arantv.az\/wp-content\/uploads\/2019\/11\/S\u00c9_r\u00c9_ncam.jpg",620,388,false]},"rttpg_author":{"display_name":"V\u00fcsal Rafiqo\u011flu","author_link":"https:\/\/arantv.az\/?author=2"},"rttpg_comment":0,"rttpg_category":"<a href=\"https:\/\/arantv.az\/?cat=4\" rel=\"category\">Siyas\u0259t<\/a>","rttpg_excerpt":"Prezident \u0130lham \u018fliyev Eldar Nuriyevin Az\u0259rbaycan Respublikas\u0131 Prezidentinin Administrasiyas\u0131n\u0131n D\u00f6vl\u0259t n\u0259zar\u0259ti \u015f\u00f6b\u0259sinin m\u00fcdiri v\u0259zif\u0259sind\u0259n azad edilm\u0259si haqq\u0131nda s\u0259r\u0259ncam\u00a0imzalay\u0131b. S\u0259r\u0259ncama \u0259sas\u0259n, Eldar Qas\u0131m o\u011flu Nuriyev Az\u0259rbaycan Respublikas\u0131 Prezidentinin Administrasiyas\u0131n\u0131n D\u00f6vl\u0259t n\u0259zar\u0259ti \u015f\u00f6b\u0259sinin m\u00fcdiri v\u0259zif\u0259sind\u0259n azad edilib. Bu S\u0259r\u0259ncam imzaland\u0131\u011f\u0131 g\u00fcnd\u0259n q\u00fcvv\u0259y\u0259 minir.","_links":{"self":[{"href":"https:\/\/arantv.az\/index.php?rest_route=\/wp\/v2\/posts\/102439"}],"collection":[{"href":"https:\/\/arantv.az\/index.php?rest_route=\/wp\/v2\/posts"}],"about":[{"href":"https:\/\/arantv.az\/index.php?rest_route=\/wp\/v2\/types\/post"}],"author":[{"embeddable":true,"href":"https:\/\/arantv.az\/index.php?rest_route=\/wp\/v2\/users\/2"}],"replies":[{"embeddable":true,"href":"https:\/\/arantv.az\/index.php?rest_route=%2Fwp%2Fv2%2Fcomments&post=102439"}],"version-history":[{"count":0,"href":"https:\/\/arantv.az\/index.php?rest_route=\/wp\/v2\/posts\/102439\/revisions"}],"wp:featuredmedia":[{"embeddable":true,"href":"https:\/\/arantv.az\/index.php?rest_route=\/wp\/v2\/media\/102440"}],"wp:attachment":[{"href":"https:\/\/arantv.az\/index.php?rest_route=%2Fwp%2Fv2%2Fmedia&parent=102439"}],"wp:term":[{"taxonomy":"category","embeddable":true,"href":"https:\/\/arantv.az\/index.php?rest_route=%2Fwp%2Fv2%2Fcategories&post=102439"},{"taxonomy":"post_tag","embeddable":true,"href":"https:\/\/arantv.az\/index.php?rest_route=%2Fwp%2Fv2%2Ftags&post=102439"}],"curies":[{"name":"wp","href":"https:\/\/api.w.org\/{rel}","templated":true}]}}