{"id":102452,"date":"2019-11-30T07:44:52","date_gmt":"2019-11-30T04:44:52","guid":{"rendered":"http:\/\/arantv.az\/?p=102452"},"modified":"2019-11-30T07:44:52","modified_gmt":"2019-11-30T04:44:52","slug":"nazirlikd%c9%99n-%c9%99haliy%c9%99-hava-x%c9%99b%c9%99rdarligi-temperatur-k%c9%99skin-enir-qar-guclu-kul%c9%99k-g%c9%99lir","status":"publish","type":"post","link":"https:\/\/arantv.az\/?p=102452","title":{"rendered":"Nazirlikd\u0259n \u0259haliy\u0259 HAVA X\u018fB\u018fRDARLI\u011eI: temperatur k\u0259skin enir, qar, g\u00fccl\u00fc k\u00fcl\u0259k g\u0259lir"},"content":{"rendered":"<p><strong>Bak\u0131da v\u0259 Ab\u015feron yar\u0131madas\u0131nda dekabr\u0131n 2-d\u0259 g\u00fccl\u00fc \u015fimal-q\u0259rb k\u00fcl\u0259yinin \u0259s\u0259c\u0259yi g\u00f6zl\u0259nilir.<\/strong><\/p>\n<p><strong>ARANTV.AZ<\/strong>-a Ekologiya v\u0259 T\u0259bii S\u0259rv\u0259tl\u0259r Nazirliyinin Milli Hidrometeorologiya Departamentind\u0259n veril\u0259n m\u0259lumata g\u00f6r\u0259, havan\u0131n temperaturu \u00f6t\u0259n g\u00fcnl\u0259rl\u0259 m\u00fcqayis\u0259d\u0259 3-5 d\u0259r\u0259c\u0259 a\u015fa\u011f\u0131 en\u0259c\u0259k.<\/p>\n<p>Rayonlarda dekabr\u0131n 2-d\u0259 b\u0259zi yerl\u0259rd\u0259 havan\u0131n ya\u011f\u0131nt\u0131l\u0131 olaca\u011f\u0131, da\u011fl\u0131q \u0259razil\u0259rd\u0259 qar ya\u011faca\u011f\u0131 g\u00f6zl\u0259nilir. Ayr\u0131-ayr\u0131 yerl\u0259rd\u0259 intensiv olaca\u011f\u0131 ehtimal\u0131 var. \u015eimal-q\u0259rb k\u00fcl\u0259yi b\u0259zi yerl\u0259rd\u0259 arabir g\u00fccl\u0259n\u0259c\u0259k.<\/p>\n<p>Havan\u0131n temperaturu \u00f6t\u0259n g\u00fcnl\u0259rl\u0259 m\u00fcqayis\u0259d\u0259 t\u0259dric\u0259n 3-5 d\u0259r\u0259c\u0259 a\u015fa\u011f\u0131 en\u0259c\u0259k.<\/p>\n","protected":false},"excerpt":{"rendered":"<p>Bak\u0131da v\u0259 Ab\u015feron yar\u0131madas\u0131nda dekabr\u0131n 2-d\u0259 g\u00fccl\u00fc \u015fimal-q\u0259rb k\u00fcl\u0259yinin \u0259s\u0259c\u0259yi g\u00f6zl\u0259nilir. ARANTV.AZ-a Ekologiya v\u0259 T\u0259bii S\u0259rv\u0259tl\u0259r Nazirliyinin Milli Hidrometeorologiya Departamentind\u0259n veril\u0259n m\u0259lumata g\u00f6r\u0259, havan\u0131n temperaturu \u00f6t\u0259n g\u00fcnl\u0259rl\u0259 m\u00fcqayis\u0259d\u0259 3-5 d\u0259r\u0259c\u0259 a\u015fa\u011f\u0131 en\u0259c\u0259k. Rayonlarda dekabr\u0131n 2-d\u0259 b\u0259zi yerl\u0259rd\u0259 havan\u0131n ya\u011f\u0131nt\u0131l\u0131 olaca\u011f\u0131, da\u011fl\u0131q \u0259razil\u0259rd\u0259 qar ya\u011faca\u011f\u0131 g\u00f6zl\u0259nilir. Ayr\u0131-ayr\u0131 yerl\u0259rd\u0259 intensiv olaca\u011f\u0131 ehtimal\u0131 var. \u015eimal-q\u0259rb k\u00fcl\u0259yi b\u0259zi yerl\u0259rd\u0259 arabir g\u00fccl\u0259n\u0259c\u0259k. Havan\u0131n temperaturu \u00f6t\u0259n g\u00fcnl\u0259rl\u0259 m\u00fcqayis\u0259d\u0259 t\u0259dric\u0259n 3-5 d\u0259r\u0259c\u0259 a\u015fa\u011f\u0131 en\u0259c\u0259k.<\/p>\n","protected":false},"author":2,"featured_media":102453,"comment_status":"closed","ping_status":"closed","sticky":false,"template":"","format":"standard","meta":{"om_disable_all_campaigns":false,"_monsterinsights_skip_tracking":false,"_monsterinsights_sitenote_active":false,"_monsterinsights_sitenote_note":"","_monsterinsights_sitenote_category":0},"categories":[1],"tags":[],"aioseo_notices":[],"gutentor_comment":0,"rttpg_featured_image_url":{"full":["https:\/\/arantv.az\/wp-content\/uploads\/2019\/11\/qar-2.jpg",800,450,false],"landscape":["https:\/\/arantv.az\/wp-content\/uploads\/2019\/11\/qar-2.jpg",800,450,false],"portraits":["https:\/\/arantv.az\/wp-content\/uploads\/2019\/11\/qar-2.jpg",800,450,false],"thumbnail":["https:\/\/arantv.az\/wp-content\/uploads\/2019\/11\/qar-2-150x150.jpg",150,150,true],"medium":["https:\/\/arantv.az\/wp-content\/uploads\/2019\/11\/qar-2-300x169.jpg",300,169,true],"large":["https:\/\/arantv.az\/wp-content\/uploads\/2019\/11\/qar-2.jpg",640,360,false],"1536x1536":["https:\/\/arantv.az\/wp-content\/uploads\/2019\/11\/qar-2.jpg",800,450,false],"2048x2048":["https:\/\/arantv.az\/wp-content\/uploads\/2019\/11\/qar-2.jpg",800,450,false],"post-thumbnail":["https:\/\/arantv.az\/wp-content\/uploads\/2019\/11\/qar-2-240x172.jpg",240,172,true],"advps-thumb-one":["https:\/\/arantv.az\/wp-content\/uploads\/2019\/11\/qar-2.jpg",800,450,false]},"rttpg_author":{"display_name":"V\u00fcsal Rafiqo\u011flu","author_link":"https:\/\/arantv.az\/?author=2"},"rttpg_comment":0,"rttpg_category":"<a href=\"https:\/\/arantv.az\/?cat=1\" rel=\"category\">C\u0259miyy\u0259t<\/a>","rttpg_excerpt":"Bak\u0131da v\u0259 Ab\u015feron yar\u0131madas\u0131nda dekabr\u0131n 2-d\u0259 g\u00fccl\u00fc \u015fimal-q\u0259rb k\u00fcl\u0259yinin \u0259s\u0259c\u0259yi g\u00f6zl\u0259nilir. ARANTV.AZ-a Ekologiya v\u0259 T\u0259bii S\u0259rv\u0259tl\u0259r Nazirliyinin Milli Hidrometeorologiya Departamentind\u0259n veril\u0259n m\u0259lumata g\u00f6r\u0259, havan\u0131n temperaturu \u00f6t\u0259n g\u00fcnl\u0259rl\u0259 m\u00fcqayis\u0259d\u0259 3-5 d\u0259r\u0259c\u0259 a\u015fa\u011f\u0131 en\u0259c\u0259k. Rayonlarda dekabr\u0131n 2-d\u0259 b\u0259zi yerl\u0259rd\u0259 havan\u0131n ya\u011f\u0131nt\u0131l\u0131 olaca\u011f\u0131, da\u011fl\u0131q \u0259razil\u0259rd\u0259 qar ya\u011faca\u011f\u0131 g\u00f6zl\u0259nilir. Ayr\u0131-ayr\u0131 yerl\u0259rd\u0259 intensiv olaca\u011f\u0131 ehtimal\u0131 var. \u015eimal-q\u0259rb k\u00fcl\u0259yi b\u0259zi yerl\u0259rd\u0259&hellip;","_links":{"self":[{"href":"https:\/\/arantv.az\/index.php?rest_route=\/wp\/v2\/posts\/102452"}],"collection":[{"href":"https:\/\/arantv.az\/index.php?rest_route=\/wp\/v2\/posts"}],"about":[{"href":"https:\/\/arantv.az\/index.php?rest_route=\/wp\/v2\/types\/post"}],"author":[{"embeddable":true,"href":"https:\/\/arantv.az\/index.php?rest_route=\/wp\/v2\/users\/2"}],"replies":[{"embeddable":true,"href":"https:\/\/arantv.az\/index.php?rest_route=%2Fwp%2Fv2%2Fcomments&post=102452"}],"version-history":[{"count":0,"href":"https:\/\/arantv.az\/index.php?rest_route=\/wp\/v2\/posts\/102452\/revisions"}],"wp:featuredmedia":[{"embeddable":true,"href":"https:\/\/arantv.az\/index.php?rest_route=\/wp\/v2\/media\/102453"}],"wp:attachment":[{"href":"https:\/\/arantv.az\/index.php?rest_route=%2Fwp%2Fv2%2Fmedia&parent=102452"}],"wp:term":[{"taxonomy":"category","embeddable":true,"href":"https:\/\/arantv.az\/index.php?rest_route=%2Fwp%2Fv2%2Fcategories&post=102452"},{"taxonomy":"post_tag","embeddable":true,"href":"https:\/\/arantv.az\/index.php?rest_route=%2Fwp%2Fv2%2Ftags&post=102452"}],"curies":[{"name":"wp","href":"https:\/\/api.w.org\/{rel}","templated":true}]}}